{"id":97858337,"date":"2018-12-05T16:20:42","date_gmt":"2018-12-05T15:20:42","guid":{"rendered":"https:\/\/fundacion-biodiversidad.es\/actualidad_home\/12334-kilos-of-waste-removed-in-our-2018-environmental-volunteering-program\/"},"modified":"2018-12-05T16:20:42","modified_gmt":"2018-12-05T15:20:42","slug":"12334-kilos-of-waste-removed-in-our-2018-environmental-volunteering-program","status":"publish","type":"actualidad_home","link":"https:\/\/fundacion-biodiversidad.es\/en\/actualidad_home\/12334-kilos-of-waste-removed-in-our-2018-environmental-volunteering-program\/","title":{"rendered":"12,334 kilos of waste removed in our 2018 Environmental Volunteering Program"},"content":{"rendered":"<p>Coinciding with the celebration<strong> of International Volunteer Day<\/strong>, we present the <strong>results of the 2018 Environmental Volunteering Programme<\/strong>, an initiative that seeks to promote the involvement of citizens in environmental conservation. Within the framework of this programme, and with the aim of enhancing the role of citizen action in the conservation of nature and landscapes, between the months of August and November, different entities have carried out <strong>163 actions<\/strong> <strong>in 17 different areas of the Spanish geography (12 river basins and 5 marine demarcations).<\/strong> <\/p>\n<p><strong>More than 6,600 volunteers have participated in this edition, removing 12,334 kilos of waste<\/strong>. Our objective has been to involve the youngest in the care of the environment, so <strong>more than 4,600 volunteers have been children and young people who have participated in the conservation of natural ecosystems, the coastline and watersheds<\/strong>. <\/p>\n<p>From the Biodiversity Foundation we will continue to work on volunteer projects and actions. <strong>You can follow our Twitter <\/strong><a href=\"https:\/\/twitter.com\/FBiodiversidad\"><strong>@FBiodiversidad<\/strong><\/a><strong> and our <\/strong><a href=\"https:\/\/www.facebook.com\/fundacionbiodiversidad\"><strong>Facebook<\/strong><\/a>, where we will keep you informed of all the news.&nbsp;<\/p>\n","protected":false},"author":11,"featured_media":35956,"template":"","meta":{"_acf_changed":false},"palabras_clave":[],"class_list":["post-97858337","actualidad_home","type-actualidad_home","status-publish","has-post-thumbnail","hentry"],"acf":[],"yoast_head":"<!-- This site is optimized with the Yoast SEO plugin v26.9 - https:\/\/yoast.com\/product\/yoast-seo-wordpress\/ -->\n<title>12,334 kilos of waste removed in our 2018 Environmental Volunteering Program - Fundaci\u00f3n Biodiversidad<\/title>\n<meta name=\"robots\" content=\"index, follow, max-snippet:-1, max-image-preview:large, max-video-preview:-1\" \/>\n<link rel=\"canonical\" href=\"https:\/\/fundacion-biodiversidad.es\/en\/actualidad_home\/12334-kilos-of-waste-removed-in-our-2018-environmental-volunteering-program\/\" \/>\n<meta property=\"og:locale\" content=\"en_US\" \/>\n<meta property=\"og:type\" content=\"article\" \/>\n<meta property=\"og:title\" content=\"12,334 kilos of waste removed in our 2018 Environmental Volunteering Program - Fundaci\u00f3n Biodiversidad\" \/>\n<meta property=\"og:description\" content=\"Coinciding with the celebration of International Volunteer Day, we present the results of the 2018 Environmental Volunteering Programme, an initiative that seeks to promote the [&hellip;]\" \/>\n<meta property=\"og:url\" content=\"https:\/\/fundacion-biodiversidad.es\/en\/actualidad_home\/12334-kilos-of-waste-removed-in-our-2018-environmental-volunteering-program\/\" \/>\n<meta property=\"og:site_name\" content=\"Fundaci\u00f3n Biodiversidad\" \/>\n<meta property=\"og:image\" content=\"https:\/\/fundacion-biodiversidad.es\/wp-content\/uploads\/2023\/01\/2487661294_35330241_720x405.png\" \/>\n\t<meta property=\"og:image:width\" content=\"720\" \/>\n\t<meta property=\"og:image:height\" content=\"405\" \/>\n\t<meta property=\"og:image:type\" content=\"image\/png\" \/>\n<meta name=\"twitter:card\" content=\"summary_large_image\" \/>\n<meta name=\"twitter:label1\" content=\"Est. reading time\" \/>\n\t<meta name=\"twitter:data1\" content=\"1 minute\" \/>\n<script type=\"application\/ld+json\" class=\"yoast-schema-graph\">{\"@context\":\"https:\/\/schema.org\",\"@graph\":[{\"@type\":\"WebPage\",\"@id\":\"https:\/\/fundacion-biodiversidad.es\/en\/actualidad_home\/12334-kilos-of-waste-removed-in-our-2018-environmental-volunteering-program\/\",\"url\":\"https:\/\/fundacion-biodiversidad.es\/en\/actualidad_home\/12334-kilos-of-waste-removed-in-our-2018-environmental-volunteering-program\/\",\"name\":\"12,334 kilos of waste removed in our 2018 Environmental Volunteering Program - Fundaci\u00f3n Biodiversidad\",\"isPartOf\":{\"@id\":\"https:\/\/fundacion-biodiversidad.es\/en\/#website\"},\"primaryImageOfPage\":{\"@id\":\"https:\/\/fundacion-biodiversidad.es\/en\/actualidad_home\/12334-kilos-of-waste-removed-in-our-2018-environmental-volunteering-program\/#primaryimage\"},\"image\":{\"@id\":\"https:\/\/fundacion-biodiversidad.es\/en\/actualidad_home\/12334-kilos-of-waste-removed-in-our-2018-environmental-volunteering-program\/#primaryimage\"},\"thumbnailUrl\":\"https:\/\/fundacion-biodiversidad.es\/wp-content\/uploads\/2018\/12\/voluntariados.jpg\",\"datePublished\":\"2018-12-05T15:20:42+00:00\",\"breadcrumb\":{\"@id\":\"https:\/\/fundacion-biodiversidad.es\/en\/actualidad_home\/12334-kilos-of-waste-removed-in-our-2018-environmental-volunteering-program\/#breadcrumb\"},\"inLanguage\":\"en-US\",\"potentialAction\":[{\"@type\":\"ReadAction\",\"target\":[\"https:\/\/fundacion-biodiversidad.es\/en\/actualidad_home\/12334-kilos-of-waste-removed-in-our-2018-environmental-volunteering-program\/\"]}]},{\"@type\":\"ImageObject\",\"inLanguage\":\"en-US\",\"@id\":\"https:\/\/fundacion-biodiversidad.es\/en\/actualidad_home\/12334-kilos-of-waste-removed-in-our-2018-environmental-volunteering-program\/#primaryimage\",\"url\":\"https:\/\/fundacion-biodiversidad.es\/wp-content\/uploads\/2018\/12\/voluntariados.jpg\",\"contentUrl\":\"https:\/\/fundacion-biodiversidad.es\/wp-content\/uploads\/2018\/12\/voluntariados.jpg\",\"width\":1600,\"height\":1200},{\"@type\":\"BreadcrumbList\",\"@id\":\"https:\/\/fundacion-biodiversidad.es\/en\/actualidad_home\/12334-kilos-of-waste-removed-in-our-2018-environmental-volunteering-program\/#breadcrumb\",\"itemListElement\":[{\"@type\":\"ListItem\",\"position\":1,\"name\":\"Portada\",\"item\":\"https:\/\/fundacion-biodiversidad.es\/en\/inicio\/\"},{\"@type\":\"ListItem\",\"position\":2,\"name\":\"Noticias de actualidad\",\"item\":\"https:\/\/fundacion-biodiversidad.es\/en\/actualidad_home\/\"},{\"@type\":\"ListItem\",\"position\":3,\"name\":\"12,334 kilos of waste removed in our 2018 Environmental Volunteering Program\"}]},{\"@type\":\"WebSite\",\"@id\":\"https:\/\/fundacion-biodiversidad.es\/en\/#website\",\"url\":\"https:\/\/fundacion-biodiversidad.es\/en\/\",\"name\":\"Fundaci\u00f3n Biodiversidad\",\"description\":\"Fundaci\u00f3n p\u00fablica adscrita al Ministerio para la Transici\u00f3n Ecol\u00f3gica\",\"potentialAction\":[{\"@type\":\"SearchAction\",\"target\":{\"@type\":\"EntryPoint\",\"urlTemplate\":\"https:\/\/fundacion-biodiversidad.es\/en\/?s={search_term_string}\"},\"query-input\":{\"@type\":\"PropertyValueSpecification\",\"valueRequired\":true,\"valueName\":\"search_term_string\"}}],\"inLanguage\":\"en-US\"}]}<\/script>\n<!-- \/ Yoast SEO plugin. -->","yoast_head_json":{"title":"12,334 kilos of waste removed in our 2018 Environmental Volunteering Program - Fundaci\u00f3n Biodiversidad","robots":{"index":"index","follow":"follow","max-snippet":"max-snippet:-1","max-image-preview":"max-image-preview:large","max-video-preview":"max-video-preview:-1"},"canonical":"https:\/\/fundacion-biodiversidad.es\/en\/actualidad_home\/12334-kilos-of-waste-removed-in-our-2018-environmental-volunteering-program\/","og_locale":"en_US","og_type":"article","og_title":"12,334 kilos of waste removed in our 2018 Environmental Volunteering Program - Fundaci\u00f3n Biodiversidad","og_description":"Coinciding with the celebration of International Volunteer Day, we present the results of the 2018 Environmental Volunteering Programme, an initiative that seeks to promote the [&hellip;]","og_url":"https:\/\/fundacion-biodiversidad.es\/en\/actualidad_home\/12334-kilos-of-waste-removed-in-our-2018-environmental-volunteering-program\/","og_site_name":"Fundaci\u00f3n Biodiversidad","og_image":[{"width":720,"height":405,"url":"https:\/\/fundacion-biodiversidad.es\/wp-content\/uploads\/2023\/01\/2487661294_35330241_720x405.png","type":"image\/png"}],"twitter_card":"summary_large_image","twitter_misc":{"Est. reading time":"1 minute"},"schema":{"@context":"https:\/\/schema.org","@graph":[{"@type":"WebPage","@id":"https:\/\/fundacion-biodiversidad.es\/en\/actualidad_home\/12334-kilos-of-waste-removed-in-our-2018-environmental-volunteering-program\/","url":"https:\/\/fundacion-biodiversidad.es\/en\/actualidad_home\/12334-kilos-of-waste-removed-in-our-2018-environmental-volunteering-program\/","name":"12,334 kilos of waste removed in our 2018 Environmental Volunteering Program - Fundaci\u00f3n Biodiversidad","isPartOf":{"@id":"https:\/\/fundacion-biodiversidad.es\/en\/#website"},"primaryImageOfPage":{"@id":"https:\/\/fundacion-biodiversidad.es\/en\/actualidad_home\/12334-kilos-of-waste-removed-in-our-2018-environmental-volunteering-program\/#primaryimage"},"image":{"@id":"https:\/\/fundacion-biodiversidad.es\/en\/actualidad_home\/12334-kilos-of-waste-removed-in-our-2018-environmental-volunteering-program\/#primaryimage"},"thumbnailUrl":"https:\/\/fundacion-biodiversidad.es\/wp-content\/uploads\/2018\/12\/voluntariados.jpg","datePublished":"2018-12-05T15:20:42+00:00","breadcrumb":{"@id":"https:\/\/fundacion-biodiversidad.es\/en\/actualidad_home\/12334-kilos-of-waste-removed-in-our-2018-environmental-volunteering-program\/#breadcrumb"},"inLanguage":"en-US","potentialAction":[{"@type":"ReadAction","target":["https:\/\/fundacion-biodiversidad.es\/en\/actualidad_home\/12334-kilos-of-waste-removed-in-our-2018-environmental-volunteering-program\/"]}]},{"@type":"ImageObject","inLanguage":"en-US","@id":"https:\/\/fundacion-biodiversidad.es\/en\/actualidad_home\/12334-kilos-of-waste-removed-in-our-2018-environmental-volunteering-program\/#primaryimage","url":"https:\/\/fundacion-biodiversidad.es\/wp-content\/uploads\/2018\/12\/voluntariados.jpg","contentUrl":"https:\/\/fundacion-biodiversidad.es\/wp-content\/uploads\/2018\/12\/voluntariados.jpg","width":1600,"height":1200},{"@type":"BreadcrumbList","@id":"https:\/\/fundacion-biodiversidad.es\/en\/actualidad_home\/12334-kilos-of-waste-removed-in-our-2018-environmental-volunteering-program\/#breadcrumb","itemListElement":[{"@type":"ListItem","position":1,"name":"Portada","item":"https:\/\/fundacion-biodiversidad.es\/en\/inicio\/"},{"@type":"ListItem","position":2,"name":"Noticias de actualidad","item":"https:\/\/fundacion-biodiversidad.es\/en\/actualidad_home\/"},{"@type":"ListItem","position":3,"name":"12,334 kilos of waste removed in our 2018 Environmental Volunteering Program"}]},{"@type":"WebSite","@id":"https:\/\/fundacion-biodiversidad.es\/en\/#website","url":"https:\/\/fundacion-biodiversidad.es\/en\/","name":"Fundaci\u00f3n Biodiversidad","description":"Fundaci\u00f3n p\u00fablica adscrita al Ministerio para la Transici\u00f3n Ecol\u00f3gica","potentialAction":[{"@type":"SearchAction","target":{"@type":"EntryPoint","urlTemplate":"https:\/\/fundacion-biodiversidad.es\/en\/?s={search_term_string}"},"query-input":{"@type":"PropertyValueSpecification","valueRequired":true,"valueName":"search_term_string"}}],"inLanguage":"en-US"}]}},"_links":{"self":[{"href":"https:\/\/fundacion-biodiversidad.es\/en\/wp-json\/wp\/v2\/actualidad_home\/97858337","targetHints":{"allow":["GET"]}}],"collection":[{"href":"https:\/\/fundacion-biodiversidad.es\/en\/wp-json\/wp\/v2\/actualidad_home"}],"about":[{"href":"https:\/\/fundacion-biodiversidad.es\/en\/wp-json\/wp\/v2\/types\/actualidad_home"}],"author":[{"embeddable":true,"href":"https:\/\/fundacion-biodiversidad.es\/en\/wp-json\/wp\/v2\/users\/11"}],"wp:featuredmedia":[{"embeddable":true,"href":"https:\/\/fundacion-biodiversidad.es\/en\/wp-json\/wp\/v2\/media\/35956"}],"wp:attachment":[{"href":"https:\/\/fundacion-biodiversidad.es\/en\/wp-json\/wp\/v2\/media?parent=97858337"}],"wp:term":[{"taxonomy":"palabras_clave","embeddable":true,"href":"https:\/\/fundacion-biodiversidad.es\/en\/wp-json\/wp\/v2\/palabras_clave?post=97858337"}],"curies":[{"name":"wp","href":"https:\/\/api.w.org\/{rel}","templated":true}]}}