{"id":97858338,"date":"2018-11-26T13:18:58","date_gmt":"2018-11-26T12:18:58","guid":{"rendered":"https:\/\/fundacion-biodiversidad.es\/actualidad_home\/working-groups-exhibitions-and-debates-at-conama-2018\/"},"modified":"2018-11-26T13:18:58","modified_gmt":"2018-11-26T12:18:58","slug":"working-groups-exhibitions-and-debates-at-conama-2018","status":"publish","type":"actualidad_home","link":"https:\/\/fundacion-biodiversidad.es\/en\/actualidad_home\/working-groups-exhibitions-and-debates-at-conama-2018\/","title":{"rendered":"Working groups, exhibitions and debates at CONAMA 2018"},"content":{"rendered":"<p style=\"margin:0cm;margin-bottom:.0001pt\"><span style=\"font-size:14.0pt; font-family:\"Arial Narrow\",\"sans-serif\"\">As every two years, we participate in the National Environmental Congress (CONAMA), which this year celebrates its 14th edition at the Municipal Conference Center in Madrid until November 29.  <u1:p><\/u1:p><\/span><o:p><\/o:p><\/p>\n<p style=\"margin-top:0cm;margin-right:0cm;margin-bottom:0cm;margin-left:106.3pt; margin-bottom:.0001pt;text-align:justify\"><span style=\"font-size:14.0pt; font-family:\"Arial Narrow\",\"sans-serif\"\"><u1:p>&nbsp;<\/u1:p><\/span><o:p><\/o:p><\/p>\n<p style=\"margin:0cm;margin-bottom:.0001pt;text-align:justify\"><span style=\"font-size:14.0pt;font-family:\"Arial Narrow\",\"sans-serif\"\">From the Foundation we are represented in different technical sessions of the official program, in the European space Conama Conecta, in the exhibition area, and at the stand of the Ministry for Ecological Transition (MITECO), which this year has its own program, under the slogan #Conversamos, and in which 15 activities will be developed with representatives of the Ministry.  <u1:p><\/u1:p><\/span><o:p><\/o:p><\/p>\n<p style=\"margin-top:0cm;margin-right:0cm;margin-bottom:0cm;margin-left:106.3pt; margin-bottom:.0001pt;text-align:justify\"><span style=\"font-size:14.0pt; font-family:\"Arial Narrow\",\"sans-serif\"\"><u1:p>&nbsp;<\/u1:p><\/span><o:p><\/o:p><\/p>\n<p style=\"margin:0cm;margin-bottom:.0001pt;text-align:justify\"><span style=\"font-size:14.0pt;font-family:\"Arial Narrow\",\"sans-serif\"\">We also participate in the &#8220;Marine Litter&#8221; and &#8220;Business and Biodiversity&#8221; working groups. Tomorrow we will inherit it in &#8220;Ecodesign&#8221; and &#8220;Marine Strategies&#8221;. <u1:p><\/u1:p><\/span><o:p><\/o:p><\/p>\n<p style=\"margin-top:0cm;margin-right:0cm;margin-bottom:0cm;margin-left:106.3pt; margin-bottom:.0001pt;text-align:justify\"><span style=\"font-size:14.0pt; font-family:\"Arial Narrow\",\"sans-serif\"\"><u1:p>&nbsp;<\/u1:p><\/span><o:p><\/o:p><\/p>\n<p style=\"margin:0cm;margin-bottom:.0001pt;text-align:justify\"><span style=\"font-size:14.0pt;font-family:\"Arial Narrow\",\"sans-serif\"\">This edition, CONAMA has a new space, <span style=\"mso-bidi-font-weight:bold\">CONAMA Conecta<\/span>, a dynamic environment for business exchange, the promotion of entrepreneurship and specialised training activities, in which we present the LIFE INTEMARES and MISTIC SEAS 2 projects, examples of the integration of European funds for marine conservation.  <u1:p><\/u1:p><\/span><o:p><\/o:p><\/p>\n<p style=\"margin-top:0cm;margin-right:0cm;margin-bottom:0cm;margin-left:106.3pt; margin-bottom:.0001pt;text-align:justify\"><span style=\"font-size:14.0pt; font-family:\"Arial Narrow\",\"sans-serif\"\"><u1:p>&nbsp;<\/u1:p><\/span><o:p><\/o:p><\/p>\n<p style=\"margin:0cm;margin-bottom:.0001pt;text-align:justify\"><span style=\"font-size:14.0pt;font-family:\"Arial Narrow\",\"sans-serif\"\">The stand of the Ministry for Ecological Transition becomes in this fourteenth edition of CONAMA a close and transparent space, a place of meeting and dialogue, in which the activities of the different units of the Ministry will take place.  <u1:p><\/u1:p><o:p><\/o:p><\/span><\/p>\n<p style=\"margin:0cm;margin-bottom:.0001pt;text-align:justify\"><span style=\"font-size:14.0pt;font-family:\"Arial Narrow\",\"sans-serif\"\"><o:p>&nbsp;<\/o:p><\/span><\/p>\n<p style=\"margin:0cm;margin-bottom:.0001pt;text-align:justify\"><span style=\"font-size:14.0pt;font-family:\"Arial Narrow\",\"sans-serif\"\">This space has its own programme, #Conversamos, where participatory activities will be carried out throughout the Congress. The Biodiversity Foundation organizes four sessions in this forum. All the activity of the stand can be consulted at    <\/span><a href=\"https:\/\/fundacion-biodiversidad.es\/conama2018\" target=\"_blank\" rel=\"noopener\"><span style=\"font-size:14.0pt;font-family:\"Arial Narrow\",\"sans-serif\"\">www.fundacion-biodiversidad.es\/conama2018<\/span><\/a><span style=\"font-size:14.0pt;font-family:\"Arial Narrow\",\"sans-serif\"\">. <u1:p><\/u1:p><\/span> <o:p><\/o:p><\/p>\n<p style=\"text-align:justify\"><span style=\"font-size:14.0pt;font-family:\"Arial Narrow\",\"sans-serif\"\">The MITECO space has a sustainable and innovative scenography built with 100% recycled, recyclable and reusable products, manufactured in Spain with certified materials. In addition, the Ministry has opted for a &#8220;zero paper&#8221; approach, dispensing with printed material, brochures, books or documents on its stand. In this way, it is not necessary to transport them and the generation of emissions in their transport is prevented.  <u1:p><\/u1:p><\/span><o:p><\/o:p><\/p>\n","protected":false},"author":11,"featured_media":35950,"template":"","meta":{"_acf_changed":false},"palabras_clave":[101,230],"class_list":["post-97858338","actualidad_home","type-actualidad_home","status-publish","has-post-thumbnail","hentry","palabras_clave-conama","palabras_clave-economia-circular"],"acf":[],"yoast_head":"<!-- This site is optimized with the Yoast SEO plugin v26.9 - https:\/\/yoast.com\/product\/yoast-seo-wordpress\/ -->\n<title>Working groups, exhibitions and debates at CONAMA 2018 - Fundaci\u00f3n Biodiversidad<\/title>\n<meta name=\"robots\" content=\"index, follow, max-snippet:-1, max-image-preview:large, max-video-preview:-1\" \/>\n<link rel=\"canonical\" href=\"https:\/\/fundacion-biodiversidad.es\/en\/actualidad_home\/working-groups-exhibitions-and-debates-at-conama-2018\/\" \/>\n<meta property=\"og:locale\" content=\"en_US\" \/>\n<meta property=\"og:type\" content=\"article\" \/>\n<meta property=\"og:title\" content=\"Working groups, exhibitions and debates at CONAMA 2018 - Fundaci\u00f3n Biodiversidad\" \/>\n<meta property=\"og:description\" content=\"As every two years, we participate in the National Environmental Congress (CONAMA), which this year celebrates its 14th edition at the Municipal Conference Center in [&hellip;]\" \/>\n<meta property=\"og:url\" content=\"https:\/\/fundacion-biodiversidad.es\/en\/actualidad_home\/working-groups-exhibitions-and-debates-at-conama-2018\/\" \/>\n<meta property=\"og:site_name\" content=\"Fundaci\u00f3n Biodiversidad\" \/>\n<meta property=\"og:image\" content=\"https:\/\/fundacion-biodiversidad.es\/wp-content\/uploads\/2023\/01\/2487661294_35330241_720x405.png\" \/>\n\t<meta property=\"og:image:width\" content=\"720\" \/>\n\t<meta property=\"og:image:height\" content=\"405\" \/>\n\t<meta property=\"og:image:type\" content=\"image\/png\" \/>\n<meta name=\"twitter:card\" content=\"summary_large_image\" \/>\n<meta name=\"twitter:label1\" content=\"Est. reading time\" \/>\n\t<meta name=\"twitter:data1\" content=\"2 minutes\" \/>\n<script type=\"application\/ld+json\" class=\"yoast-schema-graph\">{\"@context\":\"https:\/\/schema.org\",\"@graph\":[{\"@type\":\"WebPage\",\"@id\":\"https:\/\/fundacion-biodiversidad.es\/en\/actualidad_home\/working-groups-exhibitions-and-debates-at-conama-2018\/\",\"url\":\"https:\/\/fundacion-biodiversidad.es\/en\/actualidad_home\/working-groups-exhibitions-and-debates-at-conama-2018\/\",\"name\":\"Working groups, exhibitions and debates at CONAMA 2018 - Fundaci\u00f3n Biodiversidad\",\"isPartOf\":{\"@id\":\"https:\/\/fundacion-biodiversidad.es\/en\/#website\"},\"primaryImageOfPage\":{\"@id\":\"https:\/\/fundacion-biodiversidad.es\/en\/actualidad_home\/working-groups-exhibitions-and-debates-at-conama-2018\/#primaryimage\"},\"image\":{\"@id\":\"https:\/\/fundacion-biodiversidad.es\/en\/actualidad_home\/working-groups-exhibitions-and-debates-at-conama-2018\/#primaryimage\"},\"thumbnailUrl\":\"https:\/\/fundacion-biodiversidad.es\/wp-content\/uploads\/2018\/11\/conama_2018_-019-scaled.jpg\",\"datePublished\":\"2018-11-26T12:18:58+00:00\",\"breadcrumb\":{\"@id\":\"https:\/\/fundacion-biodiversidad.es\/en\/actualidad_home\/working-groups-exhibitions-and-debates-at-conama-2018\/#breadcrumb\"},\"inLanguage\":\"en-US\",\"potentialAction\":[{\"@type\":\"ReadAction\",\"target\":[\"https:\/\/fundacion-biodiversidad.es\/en\/actualidad_home\/working-groups-exhibitions-and-debates-at-conama-2018\/\"]}]},{\"@type\":\"ImageObject\",\"inLanguage\":\"en-US\",\"@id\":\"https:\/\/fundacion-biodiversidad.es\/en\/actualidad_home\/working-groups-exhibitions-and-debates-at-conama-2018\/#primaryimage\",\"url\":\"https:\/\/fundacion-biodiversidad.es\/wp-content\/uploads\/2018\/11\/conama_2018_-019-scaled.jpg\",\"contentUrl\":\"https:\/\/fundacion-biodiversidad.es\/wp-content\/uploads\/2018\/11\/conama_2018_-019-scaled.jpg\",\"width\":2560,\"height\":1763},{\"@type\":\"BreadcrumbList\",\"@id\":\"https:\/\/fundacion-biodiversidad.es\/en\/actualidad_home\/working-groups-exhibitions-and-debates-at-conama-2018\/#breadcrumb\",\"itemListElement\":[{\"@type\":\"ListItem\",\"position\":1,\"name\":\"Portada\",\"item\":\"https:\/\/fundacion-biodiversidad.es\/en\/inicio\/\"},{\"@type\":\"ListItem\",\"position\":2,\"name\":\"Noticias de actualidad\",\"item\":\"https:\/\/fundacion-biodiversidad.es\/en\/actualidad_home\/\"},{\"@type\":\"ListItem\",\"position\":3,\"name\":\"Working groups, exhibitions and debates at CONAMA 2018\"}]},{\"@type\":\"WebSite\",\"@id\":\"https:\/\/fundacion-biodiversidad.es\/en\/#website\",\"url\":\"https:\/\/fundacion-biodiversidad.es\/en\/\",\"name\":\"Fundaci\u00f3n Biodiversidad\",\"description\":\"Fundaci\u00f3n p\u00fablica adscrita al Ministerio para la Transici\u00f3n Ecol\u00f3gica\",\"potentialAction\":[{\"@type\":\"SearchAction\",\"target\":{\"@type\":\"EntryPoint\",\"urlTemplate\":\"https:\/\/fundacion-biodiversidad.es\/en\/?s={search_term_string}\"},\"query-input\":{\"@type\":\"PropertyValueSpecification\",\"valueRequired\":true,\"valueName\":\"search_term_string\"}}],\"inLanguage\":\"en-US\"}]}<\/script>\n<!-- \/ Yoast SEO plugin. -->","yoast_head_json":{"title":"Working groups, exhibitions and debates at CONAMA 2018 - Fundaci\u00f3n Biodiversidad","robots":{"index":"index","follow":"follow","max-snippet":"max-snippet:-1","max-image-preview":"max-image-preview:large","max-video-preview":"max-video-preview:-1"},"canonical":"https:\/\/fundacion-biodiversidad.es\/en\/actualidad_home\/working-groups-exhibitions-and-debates-at-conama-2018\/","og_locale":"en_US","og_type":"article","og_title":"Working groups, exhibitions and debates at CONAMA 2018 - Fundaci\u00f3n Biodiversidad","og_description":"As every two years, we participate in the National Environmental Congress (CONAMA), which this year celebrates its 14th edition at the Municipal Conference Center in [&hellip;]","og_url":"https:\/\/fundacion-biodiversidad.es\/en\/actualidad_home\/working-groups-exhibitions-and-debates-at-conama-2018\/","og_site_name":"Fundaci\u00f3n Biodiversidad","og_image":[{"width":720,"height":405,"url":"https:\/\/fundacion-biodiversidad.es\/wp-content\/uploads\/2023\/01\/2487661294_35330241_720x405.png","type":"image\/png"}],"twitter_card":"summary_large_image","twitter_misc":{"Est. reading time":"2 minutes"},"schema":{"@context":"https:\/\/schema.org","@graph":[{"@type":"WebPage","@id":"https:\/\/fundacion-biodiversidad.es\/en\/actualidad_home\/working-groups-exhibitions-and-debates-at-conama-2018\/","url":"https:\/\/fundacion-biodiversidad.es\/en\/actualidad_home\/working-groups-exhibitions-and-debates-at-conama-2018\/","name":"Working groups, exhibitions and debates at CONAMA 2018 - Fundaci\u00f3n Biodiversidad","isPartOf":{"@id":"https:\/\/fundacion-biodiversidad.es\/en\/#website"},"primaryImageOfPage":{"@id":"https:\/\/fundacion-biodiversidad.es\/en\/actualidad_home\/working-groups-exhibitions-and-debates-at-conama-2018\/#primaryimage"},"image":{"@id":"https:\/\/fundacion-biodiversidad.es\/en\/actualidad_home\/working-groups-exhibitions-and-debates-at-conama-2018\/#primaryimage"},"thumbnailUrl":"https:\/\/fundacion-biodiversidad.es\/wp-content\/uploads\/2018\/11\/conama_2018_-019-scaled.jpg","datePublished":"2018-11-26T12:18:58+00:00","breadcrumb":{"@id":"https:\/\/fundacion-biodiversidad.es\/en\/actualidad_home\/working-groups-exhibitions-and-debates-at-conama-2018\/#breadcrumb"},"inLanguage":"en-US","potentialAction":[{"@type":"ReadAction","target":["https:\/\/fundacion-biodiversidad.es\/en\/actualidad_home\/working-groups-exhibitions-and-debates-at-conama-2018\/"]}]},{"@type":"ImageObject","inLanguage":"en-US","@id":"https:\/\/fundacion-biodiversidad.es\/en\/actualidad_home\/working-groups-exhibitions-and-debates-at-conama-2018\/#primaryimage","url":"https:\/\/fundacion-biodiversidad.es\/wp-content\/uploads\/2018\/11\/conama_2018_-019-scaled.jpg","contentUrl":"https:\/\/fundacion-biodiversidad.es\/wp-content\/uploads\/2018\/11\/conama_2018_-019-scaled.jpg","width":2560,"height":1763},{"@type":"BreadcrumbList","@id":"https:\/\/fundacion-biodiversidad.es\/en\/actualidad_home\/working-groups-exhibitions-and-debates-at-conama-2018\/#breadcrumb","itemListElement":[{"@type":"ListItem","position":1,"name":"Portada","item":"https:\/\/fundacion-biodiversidad.es\/en\/inicio\/"},{"@type":"ListItem","position":2,"name":"Noticias de actualidad","item":"https:\/\/fundacion-biodiversidad.es\/en\/actualidad_home\/"},{"@type":"ListItem","position":3,"name":"Working groups, exhibitions and debates at CONAMA 2018"}]},{"@type":"WebSite","@id":"https:\/\/fundacion-biodiversidad.es\/en\/#website","url":"https:\/\/fundacion-biodiversidad.es\/en\/","name":"Fundaci\u00f3n Biodiversidad","description":"Fundaci\u00f3n p\u00fablica adscrita al Ministerio para la Transici\u00f3n Ecol\u00f3gica","potentialAction":[{"@type":"SearchAction","target":{"@type":"EntryPoint","urlTemplate":"https:\/\/fundacion-biodiversidad.es\/en\/?s={search_term_string}"},"query-input":{"@type":"PropertyValueSpecification","valueRequired":true,"valueName":"search_term_string"}}],"inLanguage":"en-US"}]}},"_links":{"self":[{"href":"https:\/\/fundacion-biodiversidad.es\/en\/wp-json\/wp\/v2\/actualidad_home\/97858338","targetHints":{"allow":["GET"]}}],"collection":[{"href":"https:\/\/fundacion-biodiversidad.es\/en\/wp-json\/wp\/v2\/actualidad_home"}],"about":[{"href":"https:\/\/fundacion-biodiversidad.es\/en\/wp-json\/wp\/v2\/types\/actualidad_home"}],"author":[{"embeddable":true,"href":"https:\/\/fundacion-biodiversidad.es\/en\/wp-json\/wp\/v2\/users\/11"}],"wp:featuredmedia":[{"embeddable":true,"href":"https:\/\/fundacion-biodiversidad.es\/en\/wp-json\/wp\/v2\/media\/35950"}],"wp:attachment":[{"href":"https:\/\/fundacion-biodiversidad.es\/en\/wp-json\/wp\/v2\/media?parent=97858338"}],"wp:term":[{"taxonomy":"palabras_clave","embeddable":true,"href":"https:\/\/fundacion-biodiversidad.es\/en\/wp-json\/wp\/v2\/palabras_clave?post=97858338"}],"curies":[{"name":"wp","href":"https:\/\/api.w.org\/{rel}","templated":true}]}}