{"id":97858339,"date":"2018-12-04T13:35:47","date_gmt":"2018-12-04T12:35:47","guid":{"rendered":"https:\/\/fundacion-biodiversidad.es\/actualidad_home\/balance-of-the-second-year-of-the-life-intemares-project\/"},"modified":"2018-12-04T13:35:47","modified_gmt":"2018-12-04T12:35:47","slug":"balance-of-the-second-year-of-the-life-intemares-project","status":"publish","type":"actualidad_home","link":"https:\/\/fundacion-biodiversidad.es\/en\/actualidad_home\/balance-of-the-second-year-of-the-life-intemares-project\/","title":{"rendered":"Balance of the second year of the LIFE INTEMARES project"},"content":{"rendered":"<p>A delegation from the European Commission has met with the coordinators and partners of the LIFE IP INTEMARES project to learn about the actions carried out during this second year and the planning for the coming months.<\/p>\n<p><!--more--><\/p>\n<p style=\"margin-left:106.3pt;\">The <a href=\"http:\/\/intemares.es\/\" target=\"_blank\" rel=\"noopener\">LIFE IP INTEMARES<\/a> project, coordinated by the Biodiversity Foundation of the Ministry for Ecological Transition, <strong>faces a new stage marked by the reinforcement of actions<\/strong> that promote participation in the management of marine protected areas. <strong>A delegation from the European Commission has met in Madrid with the coordinators and partners of the project <\/strong>to learn about the actions carried out during this second year and the planning for the coming months. The project has the financial contribution of the LIFE Programme, as well as other funding sources, such as the European Social Fund (ESF) and the European Maritime and Fisheries Fund (EMFF). <\/p>\n<p style=\"margin-left:106.3pt;\"><strong>In this second year, participatory processes have been launched by all marine demarcations for the development of management plans<\/strong>, as well as governance and training strategies, which will allow progress towards more inclusive models in the management of marine spaces. The first steps have been taken <strong>towards the preparation of the management plans for 12 areas of the Natura 2000 Network<\/strong> off the coast of the Levant, <strong>as well as the 39 Special Protection Areas for Birds (SPAs),<\/strong> declared in the previous project, the <a href=\"https:\/\/www.indemares.es\/\">LIFE+ INDEMARES,<\/a> and the <strong>updating of the 24 management plans of the Macaronesian Special Areas of Conservation (SACs) <\/strong>and the Marine Protected Area of El Cachucho. <\/p>\n<p style=\"margin-left:106.3pt;\"><strong>The mechanisms for joint cooperation of the marine areas of the Natura 2000 Network with all the coastal autonomous communities and cities<\/strong>, as well as with other administrations and ministries, including Development, Interior, Defence, Foreign Affairs and Cooperation, have also been strengthened. Along these lines, a training plan has been developed for the Navy to improve the knowledge necessary for the management of the Natura 2000 Network in the marine environment. This training program, which has had 1,000 participants, will continue in 2019.  <\/p>\n<p style=\"margin-left:106.3pt;\">On the other hand, <strong>complementary actions are being financed through the EMFF, ESF and the Biodiversity Foundation&#8217;s own funds<\/strong>, among others. A total of 94 of these projects are already linked to LIFE IP INTEMARES. 550 entities and 2,000 participants have already been involved in all the actions of the project.  <\/p>\n<p style=\"margin-left:106.3pt;\">In addition, this second year progress has also been made in the <strong>declaration of new protected areas<\/strong>, placing Spain at the forefront of marine conservation. Thanks to the declaration of the Mediterranean Cetacean Migration Corridor as a marine protected area, it has been possible to exceed 12% of marine protected waters, which makes it possible to comply with international commitments to protect at least 10% by 2020. Likewise, the first oceanographic campaigns have been carried out in Cabo Ti\u00f1oso (Murcia) and the seabed of southern Mallorca and the Avil\u00e9s Canyon.  <\/p>\n<p style=\"margin-left:106.3pt;\">The first steps have also been taken <strong>in the preparation of the conservation plans for the porpoise, as well as the little shearwaters and the little shearwater<\/strong> , and the updating of the conservation strategy for the ferruginous macaw has begun. To <strong>guarantee the protection of sea turtle nests on our beaches<\/strong>, a common protocol of action is being finalized at the national level. &nbsp;&nbsp;&nbsp;&nbsp;&nbsp;&nbsp;&nbsp;&nbsp;&nbsp;&nbsp;&nbsp;<\/p>\n<p style=\"margin-left:106.3pt;\"><strong>Do you want to learn more about the largest marine conservation project in Europe? <\/strong>Visit the <a href=\"http:\/\/www.intemares.es\/\" target=\"_blank\" rel=\"noopener\">www.intemares.es<\/a> website and the <a href=\"https:\/\/twitter.com\/LifeIntemares\" target=\"_blank\" rel=\"noopener\">Twitter profile @LifeIntemares<\/a> to learn more about LIFE IP INTEMARES.<\/p>\n","protected":false},"author":11,"featured_media":35955,"template":"","meta":{"_acf_changed":false},"palabras_clave":[],"class_list":["post-97858339","actualidad_home","type-actualidad_home","status-publish","has-post-thumbnail","hentry"],"acf":[],"yoast_head":"<!-- This site is optimized with the Yoast SEO plugin v26.9 - https:\/\/yoast.com\/product\/yoast-seo-wordpress\/ -->\n<title>Balance of the second year of the LIFE INTEMARES project - Fundaci\u00f3n Biodiversidad<\/title>\n<meta name=\"robots\" content=\"index, follow, max-snippet:-1, max-image-preview:large, max-video-preview:-1\" \/>\n<link rel=\"canonical\" href=\"https:\/\/fundacion-biodiversidad.es\/en\/actualidad_home\/balance-of-the-second-year-of-the-life-intemares-project\/\" \/>\n<meta property=\"og:locale\" content=\"en_US\" \/>\n<meta property=\"og:type\" content=\"article\" \/>\n<meta property=\"og:title\" content=\"Balance of the second year of the LIFE INTEMARES project - Fundaci\u00f3n Biodiversidad\" \/>\n<meta property=\"og:description\" content=\"A delegation from the European Commission has met with the coordinators and partners of the LIFE IP INTEMARES project to learn about the actions carried [&hellip;]\" \/>\n<meta property=\"og:url\" content=\"https:\/\/fundacion-biodiversidad.es\/en\/actualidad_home\/balance-of-the-second-year-of-the-life-intemares-project\/\" \/>\n<meta property=\"og:site_name\" content=\"Fundaci\u00f3n Biodiversidad\" \/>\n<meta property=\"og:image\" content=\"https:\/\/fundacion-biodiversidad.es\/wp-content\/uploads\/2023\/01\/2487661294_35330241_720x405.png\" \/>\n\t<meta property=\"og:image:width\" content=\"720\" \/>\n\t<meta property=\"og:image:height\" content=\"405\" \/>\n\t<meta property=\"og:image:type\" content=\"image\/png\" \/>\n<meta name=\"twitter:card\" content=\"summary_large_image\" \/>\n<meta name=\"twitter:label1\" content=\"Est. reading time\" \/>\n\t<meta name=\"twitter:data1\" content=\"3 minutes\" \/>\n<script type=\"application\/ld+json\" class=\"yoast-schema-graph\">{\"@context\":\"https:\/\/schema.org\",\"@graph\":[{\"@type\":\"WebPage\",\"@id\":\"https:\/\/fundacion-biodiversidad.es\/en\/actualidad_home\/balance-of-the-second-year-of-the-life-intemares-project\/\",\"url\":\"https:\/\/fundacion-biodiversidad.es\/en\/actualidad_home\/balance-of-the-second-year-of-the-life-intemares-project\/\",\"name\":\"Balance of the second year of the LIFE INTEMARES project - Fundaci\u00f3n Biodiversidad\",\"isPartOf\":{\"@id\":\"https:\/\/fundacion-biodiversidad.es\/en\/#website\"},\"primaryImageOfPage\":{\"@id\":\"https:\/\/fundacion-biodiversidad.es\/en\/actualidad_home\/balance-of-the-second-year-of-the-life-intemares-project\/#primaryimage\"},\"image\":{\"@id\":\"https:\/\/fundacion-biodiversidad.es\/en\/actualidad_home\/balance-of-the-second-year-of-the-life-intemares-project\/#primaryimage\"},\"thumbnailUrl\":\"https:\/\/fundacion-biodiversidad.es\/wp-content\/uploads\/2018\/12\/visita-ce-intemares.jpg\",\"datePublished\":\"2018-12-04T12:35:47+00:00\",\"breadcrumb\":{\"@id\":\"https:\/\/fundacion-biodiversidad.es\/en\/actualidad_home\/balance-of-the-second-year-of-the-life-intemares-project\/#breadcrumb\"},\"inLanguage\":\"en-US\",\"potentialAction\":[{\"@type\":\"ReadAction\",\"target\":[\"https:\/\/fundacion-biodiversidad.es\/en\/actualidad_home\/balance-of-the-second-year-of-the-life-intemares-project\/\"]}]},{\"@type\":\"ImageObject\",\"inLanguage\":\"en-US\",\"@id\":\"https:\/\/fundacion-biodiversidad.es\/en\/actualidad_home\/balance-of-the-second-year-of-the-life-intemares-project\/#primaryimage\",\"url\":\"https:\/\/fundacion-biodiversidad.es\/wp-content\/uploads\/2018\/12\/visita-ce-intemares.jpg\",\"contentUrl\":\"https:\/\/fundacion-biodiversidad.es\/wp-content\/uploads\/2018\/12\/visita-ce-intemares.jpg\",\"width\":800,\"height\":533},{\"@type\":\"BreadcrumbList\",\"@id\":\"https:\/\/fundacion-biodiversidad.es\/en\/actualidad_home\/balance-of-the-second-year-of-the-life-intemares-project\/#breadcrumb\",\"itemListElement\":[{\"@type\":\"ListItem\",\"position\":1,\"name\":\"Portada\",\"item\":\"https:\/\/fundacion-biodiversidad.es\/en\/inicio\/\"},{\"@type\":\"ListItem\",\"position\":2,\"name\":\"Noticias de actualidad\",\"item\":\"https:\/\/fundacion-biodiversidad.es\/en\/actualidad_home\/\"},{\"@type\":\"ListItem\",\"position\":3,\"name\":\"Balance of the second year of the LIFE INTEMARES project\"}]},{\"@type\":\"WebSite\",\"@id\":\"https:\/\/fundacion-biodiversidad.es\/en\/#website\",\"url\":\"https:\/\/fundacion-biodiversidad.es\/en\/\",\"name\":\"Fundaci\u00f3n Biodiversidad\",\"description\":\"Fundaci\u00f3n p\u00fablica adscrita al Ministerio para la Transici\u00f3n Ecol\u00f3gica\",\"potentialAction\":[{\"@type\":\"SearchAction\",\"target\":{\"@type\":\"EntryPoint\",\"urlTemplate\":\"https:\/\/fundacion-biodiversidad.es\/en\/?s={search_term_string}\"},\"query-input\":{\"@type\":\"PropertyValueSpecification\",\"valueRequired\":true,\"valueName\":\"search_term_string\"}}],\"inLanguage\":\"en-US\"}]}<\/script>\n<!-- \/ Yoast SEO plugin. -->","yoast_head_json":{"title":"Balance of the second year of the LIFE INTEMARES project - Fundaci\u00f3n Biodiversidad","robots":{"index":"index","follow":"follow","max-snippet":"max-snippet:-1","max-image-preview":"max-image-preview:large","max-video-preview":"max-video-preview:-1"},"canonical":"https:\/\/fundacion-biodiversidad.es\/en\/actualidad_home\/balance-of-the-second-year-of-the-life-intemares-project\/","og_locale":"en_US","og_type":"article","og_title":"Balance of the second year of the LIFE INTEMARES project - Fundaci\u00f3n Biodiversidad","og_description":"A delegation from the European Commission has met with the coordinators and partners of the LIFE IP INTEMARES project to learn about the actions carried [&hellip;]","og_url":"https:\/\/fundacion-biodiversidad.es\/en\/actualidad_home\/balance-of-the-second-year-of-the-life-intemares-project\/","og_site_name":"Fundaci\u00f3n Biodiversidad","og_image":[{"width":720,"height":405,"url":"https:\/\/fundacion-biodiversidad.es\/wp-content\/uploads\/2023\/01\/2487661294_35330241_720x405.png","type":"image\/png"}],"twitter_card":"summary_large_image","twitter_misc":{"Est. reading time":"3 minutes"},"schema":{"@context":"https:\/\/schema.org","@graph":[{"@type":"WebPage","@id":"https:\/\/fundacion-biodiversidad.es\/en\/actualidad_home\/balance-of-the-second-year-of-the-life-intemares-project\/","url":"https:\/\/fundacion-biodiversidad.es\/en\/actualidad_home\/balance-of-the-second-year-of-the-life-intemares-project\/","name":"Balance of the second year of the LIFE INTEMARES project - Fundaci\u00f3n Biodiversidad","isPartOf":{"@id":"https:\/\/fundacion-biodiversidad.es\/en\/#website"},"primaryImageOfPage":{"@id":"https:\/\/fundacion-biodiversidad.es\/en\/actualidad_home\/balance-of-the-second-year-of-the-life-intemares-project\/#primaryimage"},"image":{"@id":"https:\/\/fundacion-biodiversidad.es\/en\/actualidad_home\/balance-of-the-second-year-of-the-life-intemares-project\/#primaryimage"},"thumbnailUrl":"https:\/\/fundacion-biodiversidad.es\/wp-content\/uploads\/2018\/12\/visita-ce-intemares.jpg","datePublished":"2018-12-04T12:35:47+00:00","breadcrumb":{"@id":"https:\/\/fundacion-biodiversidad.es\/en\/actualidad_home\/balance-of-the-second-year-of-the-life-intemares-project\/#breadcrumb"},"inLanguage":"en-US","potentialAction":[{"@type":"ReadAction","target":["https:\/\/fundacion-biodiversidad.es\/en\/actualidad_home\/balance-of-the-second-year-of-the-life-intemares-project\/"]}]},{"@type":"ImageObject","inLanguage":"en-US","@id":"https:\/\/fundacion-biodiversidad.es\/en\/actualidad_home\/balance-of-the-second-year-of-the-life-intemares-project\/#primaryimage","url":"https:\/\/fundacion-biodiversidad.es\/wp-content\/uploads\/2018\/12\/visita-ce-intemares.jpg","contentUrl":"https:\/\/fundacion-biodiversidad.es\/wp-content\/uploads\/2018\/12\/visita-ce-intemares.jpg","width":800,"height":533},{"@type":"BreadcrumbList","@id":"https:\/\/fundacion-biodiversidad.es\/en\/actualidad_home\/balance-of-the-second-year-of-the-life-intemares-project\/#breadcrumb","itemListElement":[{"@type":"ListItem","position":1,"name":"Portada","item":"https:\/\/fundacion-biodiversidad.es\/en\/inicio\/"},{"@type":"ListItem","position":2,"name":"Noticias de actualidad","item":"https:\/\/fundacion-biodiversidad.es\/en\/actualidad_home\/"},{"@type":"ListItem","position":3,"name":"Balance of the second year of the LIFE INTEMARES project"}]},{"@type":"WebSite","@id":"https:\/\/fundacion-biodiversidad.es\/en\/#website","url":"https:\/\/fundacion-biodiversidad.es\/en\/","name":"Fundaci\u00f3n Biodiversidad","description":"Fundaci\u00f3n p\u00fablica adscrita al Ministerio para la Transici\u00f3n Ecol\u00f3gica","potentialAction":[{"@type":"SearchAction","target":{"@type":"EntryPoint","urlTemplate":"https:\/\/fundacion-biodiversidad.es\/en\/?s={search_term_string}"},"query-input":{"@type":"PropertyValueSpecification","valueRequired":true,"valueName":"search_term_string"}}],"inLanguage":"en-US"}]}},"_links":{"self":[{"href":"https:\/\/fundacion-biodiversidad.es\/en\/wp-json\/wp\/v2\/actualidad_home\/97858339","targetHints":{"allow":["GET"]}}],"collection":[{"href":"https:\/\/fundacion-biodiversidad.es\/en\/wp-json\/wp\/v2\/actualidad_home"}],"about":[{"href":"https:\/\/fundacion-biodiversidad.es\/en\/wp-json\/wp\/v2\/types\/actualidad_home"}],"author":[{"embeddable":true,"href":"https:\/\/fundacion-biodiversidad.es\/en\/wp-json\/wp\/v2\/users\/11"}],"wp:featuredmedia":[{"embeddable":true,"href":"https:\/\/fundacion-biodiversidad.es\/en\/wp-json\/wp\/v2\/media\/35955"}],"wp:attachment":[{"href":"https:\/\/fundacion-biodiversidad.es\/en\/wp-json\/wp\/v2\/media?parent=97858339"}],"wp:term":[{"taxonomy":"palabras_clave","embeddable":true,"href":"https:\/\/fundacion-biodiversidad.es\/en\/wp-json\/wp\/v2\/palabras_clave?post=97858339"}],"curies":[{"name":"wp","href":"https:\/\/api.w.org\/{rel}","templated":true}]}}