{"id":97858341,"date":"2018-12-04T13:32:30","date_gmt":"2018-12-04T12:32:30","guid":{"rendered":"https:\/\/fundacion-biodiversidad.es\/actualidad_home\/lab-emprendeverde-porelclima-an-action-to-curb-global-warming\/"},"modified":"2018-12-04T13:32:30","modified_gmt":"2018-12-04T12:32:30","slug":"lab-emprendeverde-porelclima-an-action-to-curb-global-warming","status":"publish","type":"actualidad_home","link":"https:\/\/fundacion-biodiversidad.es\/en\/actualidad_home\/lab-emprendeverde-porelclima-an-action-to-curb-global-warming\/","title":{"rendered":"Lab emprendeverde #PorElClima, an action to curb global warming"},"content":{"rendered":"<p>Coinciding with the celebration of COP24, the Conference of the Parties to the United Nations attended by around 200 countries and which is the largest global initiative to reduce greenhouse gas (GHG) emissions and curb global warming, the Biodiversity Foundation of the Ministry for Ecological Transition launches Lab emprendeverde #PorElClima.<br \/>\n<!--more--><\/p>\n<p class=\"Poromisin\" style=\"margin-bottom:12.0pt;text-align:justify;line-height: 14.0pt\"><span lang=\"ES-TRAD\" style=\"font-size:12.0pt;font-family:\"Calibri\",\"sans-serif\"; mso-bidi-font-family:Calibri\">Coinciding with the celebration of COP24, the Conference of the Parties to the United Nations attended by around 200 countries and which is the largest global initiative to reduce greenhouse gas (GHG) emissions and curb global warming, the Biodiversity Foundation of the Ministry for Ecological Transition launches Lab emprendeverde #PorElClima.  <o:p><\/o:p><\/span><\/p>\n<p class=\"Poromisin\" style=\"margin-bottom:12.0pt;text-align:justify;line-height: 14.0pt\"><span lang=\"ES-TRAD\" style=\"font-size:12.0pt;font-family:\"Calibri\",\"sans-serif\"; mso-bidi-font-family:Calibri\">This entrepreneurship laboratory, which will take place from December 12 to 19 at the headquarters of the Biodiversity Foundation, aims to support the project of 15 people who want to act against climate change with their green entrepreneurship ideas.<o:p><\/o:p><\/span><\/p>\n<p class=\"Poromisin\" style=\"margin-bottom:12.0pt;text-align:justify;line-height: 14.0pt\"><span lang=\"ES-TRAD\" style=\"font-size:12.0pt;font-family:\"Calibri\",\"sans-serif\"; mso-bidi-font-family:Calibri\">Over the next two weeks, COP24 in Katowice, Poland, will hold meetings and negotiations with the aim of finding formulas to implement the 2015 Paris Agreement, which calls for curbing global warming by drastically cutting polluting emissions.<o:p><\/o:p><\/span><\/p>\n<p class=\"Poromisin\" style=\"margin-bottom:12.0pt;text-align:justify;line-height: 14.0pt\"><span lang=\"ES-TRAD\" style=\"font-size:12.0pt;font-family:\"Calibri\",\"sans-serif\"; mso-bidi-font-family:Calibri\">An objective pursued by the projects that will be selected in the Entrepreneurship Lab #PorElClima, aimed at those who want to learn <span style=\"mso-spacerun:yes\"> <\/span>how to deal with climate change more effectively.<o:p><\/o:p><\/span><\/p>\n<p class=\"Poromisin\" style=\"margin-bottom:12.0pt;text-align:justify;line-height: 14.0pt\"><span lang=\"ES-TRAD\" style=\"font-size:12.0pt;font-family:\"Calibri\",\"sans-serif\"; mso-bidi-font-family:Calibri\">The entrepreneurship laboratory will have face-to-face training and group accompaniment. The training covers all the areas necessary for the implementation of an entrepreneurship project with a positive impact and that contributes to curbing climate change, from communication plan, business plan, entrepreneurship in climate change, SDGs or climate impact.   <o:p><\/o:p><\/span><\/p>\n<p class=\"Poromisin\" style=\"margin-bottom:12.0pt;text-align:justify;line-height: 14.0pt\"><span lang=\"ES-TRAD\" style=\"font-size:12.0pt;font-family:\"Calibri\",\"sans-serif\"; mso-bidi-font-family:Calibri\">This action, which is co-financed by the European Social Fund, has the participation of professionals from Germinando ISA, Altekio, Ecodes and the #PorElCLima Community, specialized in the areas of environment, entrepreneurship, communication or business administration.  <o:p><\/o:p><\/span><\/p>\n<p class=\"Poromisin\" style=\"margin-bottom:12.0pt;text-align:justify;line-height: 14.0pt\"><span lang=\"ES-TRAD\" style=\"font-size:12.0pt;font-family:\"Calibri\",\"sans-serif\"; mso-bidi-font-family:Calibri\">Those interested in participating in this free initiative can register in this <\/span><span lang=\"ES-TRAD\"><a href=\"https:\/\/docs.google.com\/forms\/d\/e\/1FAIpQLSdPzM77Ue9ZFmcN_ciL4d9KwXBNa0WDg2rwrhjAXiK53R_IpA\/viewform\"><span style=\"font-size:12.0pt;font-family:\"Calibri\",\"sans-serif\";mso-bidi-font-family: Calibri\">form<\/span><\/a><\/span><span lang=\"ES-TRAD\" style=\"font-size:12.0pt; font-family:\"Calibri\",\"sans-serif\";mso-bidi-font-family:Calibri\"> until December 6.<\/span><span lang=\"ES-TRAD\" style=\"font-size:12.0pt; font-family:\"Calibri\",\"sans-serif\";mso-fareast-font-family:Times;mso-bidi-font-family: Calibri\"><o:p><\/o:p><\/span><\/p>\n","protected":false},"author":11,"featured_media":35954,"template":"","meta":{"_acf_changed":false},"palabras_clave":[37,479,55],"class_list":["post-97858341","actualidad_home","type-actualidad_home","status-publish","has-post-thumbnail","hentry","palabras_clave-cambio-climatico","palabras_clave-cop","palabras_clave-emprendimiento"],"acf":[],"yoast_head":"<!-- This site is optimized with the Yoast SEO plugin v26.9 - https:\/\/yoast.com\/product\/yoast-seo-wordpress\/ -->\n<title>Lab emprendeverde #PorElClima, an action to curb global warming - Fundaci\u00f3n Biodiversidad<\/title>\n<meta name=\"robots\" content=\"index, follow, max-snippet:-1, max-image-preview:large, max-video-preview:-1\" \/>\n<link rel=\"canonical\" href=\"https:\/\/fundacion-biodiversidad.es\/en\/actualidad_home\/lab-emprendeverde-porelclima-an-action-to-curb-global-warming\/\" \/>\n<meta property=\"og:locale\" content=\"en_US\" \/>\n<meta property=\"og:type\" content=\"article\" \/>\n<meta property=\"og:title\" content=\"Lab emprendeverde #PorElClima, an action to curb global warming - Fundaci\u00f3n Biodiversidad\" \/>\n<meta property=\"og:description\" content=\"Coinciding with the celebration of COP24, the Conference of the Parties to the United Nations attended by around 200 countries and which is the largest [&hellip;]\" \/>\n<meta property=\"og:url\" content=\"https:\/\/fundacion-biodiversidad.es\/en\/actualidad_home\/lab-emprendeverde-porelclima-an-action-to-curb-global-warming\/\" \/>\n<meta property=\"og:site_name\" content=\"Fundaci\u00f3n Biodiversidad\" \/>\n<meta property=\"og:image\" content=\"https:\/\/fundacion-biodiversidad.es\/wp-content\/uploads\/2023\/01\/2487661294_35330241_720x405.png\" \/>\n\t<meta property=\"og:image:width\" content=\"720\" \/>\n\t<meta property=\"og:image:height\" content=\"405\" \/>\n\t<meta property=\"og:image:type\" content=\"image\/png\" \/>\n<meta name=\"twitter:card\" content=\"summary_large_image\" \/>\n<meta name=\"twitter:label1\" content=\"Est. reading time\" \/>\n\t<meta name=\"twitter:data1\" content=\"1 minute\" \/>\n<script type=\"application\/ld+json\" class=\"yoast-schema-graph\">{\"@context\":\"https:\/\/schema.org\",\"@graph\":[{\"@type\":\"WebPage\",\"@id\":\"https:\/\/fundacion-biodiversidad.es\/en\/actualidad_home\/lab-emprendeverde-porelclima-an-action-to-curb-global-warming\/\",\"url\":\"https:\/\/fundacion-biodiversidad.es\/en\/actualidad_home\/lab-emprendeverde-porelclima-an-action-to-curb-global-warming\/\",\"name\":\"Lab emprendeverde #PorElClima, an action to curb global warming - Fundaci\u00f3n Biodiversidad\",\"isPartOf\":{\"@id\":\"https:\/\/fundacion-biodiversidad.es\/en\/#website\"},\"primaryImageOfPage\":{\"@id\":\"https:\/\/fundacion-biodiversidad.es\/en\/actualidad_home\/lab-emprendeverde-porelclima-an-action-to-curb-global-warming\/#primaryimage\"},\"image\":{\"@id\":\"https:\/\/fundacion-biodiversidad.es\/en\/actualidad_home\/lab-emprendeverde-porelclima-an-action-to-curb-global-warming\/#primaryimage\"},\"thumbnailUrl\":\"https:\/\/fundacion-biodiversidad.es\/wp-content\/uploads\/2018\/12\/banner_jmailer_emprendecc-scaled.jpg\",\"datePublished\":\"2018-12-04T12:32:30+00:00\",\"breadcrumb\":{\"@id\":\"https:\/\/fundacion-biodiversidad.es\/en\/actualidad_home\/lab-emprendeverde-porelclima-an-action-to-curb-global-warming\/#breadcrumb\"},\"inLanguage\":\"en-US\",\"potentialAction\":[{\"@type\":\"ReadAction\",\"target\":[\"https:\/\/fundacion-biodiversidad.es\/en\/actualidad_home\/lab-emprendeverde-porelclima-an-action-to-curb-global-warming\/\"]}]},{\"@type\":\"ImageObject\",\"inLanguage\":\"en-US\",\"@id\":\"https:\/\/fundacion-biodiversidad.es\/en\/actualidad_home\/lab-emprendeverde-porelclima-an-action-to-curb-global-warming\/#primaryimage\",\"url\":\"https:\/\/fundacion-biodiversidad.es\/wp-content\/uploads\/2018\/12\/banner_jmailer_emprendecc-scaled.jpg\",\"contentUrl\":\"https:\/\/fundacion-biodiversidad.es\/wp-content\/uploads\/2018\/12\/banner_jmailer_emprendecc-scaled.jpg\",\"width\":2560,\"height\":2000},{\"@type\":\"BreadcrumbList\",\"@id\":\"https:\/\/fundacion-biodiversidad.es\/en\/actualidad_home\/lab-emprendeverde-porelclima-an-action-to-curb-global-warming\/#breadcrumb\",\"itemListElement\":[{\"@type\":\"ListItem\",\"position\":1,\"name\":\"Portada\",\"item\":\"https:\/\/fundacion-biodiversidad.es\/en\/inicio\/\"},{\"@type\":\"ListItem\",\"position\":2,\"name\":\"Noticias de actualidad\",\"item\":\"https:\/\/fundacion-biodiversidad.es\/en\/actualidad_home\/\"},{\"@type\":\"ListItem\",\"position\":3,\"name\":\"Lab emprendeverde #PorElClima, an action to curb global warming\"}]},{\"@type\":\"WebSite\",\"@id\":\"https:\/\/fundacion-biodiversidad.es\/en\/#website\",\"url\":\"https:\/\/fundacion-biodiversidad.es\/en\/\",\"name\":\"Fundaci\u00f3n Biodiversidad\",\"description\":\"Fundaci\u00f3n p\u00fablica adscrita al Ministerio para la Transici\u00f3n Ecol\u00f3gica\",\"potentialAction\":[{\"@type\":\"SearchAction\",\"target\":{\"@type\":\"EntryPoint\",\"urlTemplate\":\"https:\/\/fundacion-biodiversidad.es\/en\/?s={search_term_string}\"},\"query-input\":{\"@type\":\"PropertyValueSpecification\",\"valueRequired\":true,\"valueName\":\"search_term_string\"}}],\"inLanguage\":\"en-US\"}]}<\/script>\n<!-- \/ Yoast SEO plugin. -->","yoast_head_json":{"title":"Lab emprendeverde #PorElClima, an action to curb global warming - Fundaci\u00f3n Biodiversidad","robots":{"index":"index","follow":"follow","max-snippet":"max-snippet:-1","max-image-preview":"max-image-preview:large","max-video-preview":"max-video-preview:-1"},"canonical":"https:\/\/fundacion-biodiversidad.es\/en\/actualidad_home\/lab-emprendeverde-porelclima-an-action-to-curb-global-warming\/","og_locale":"en_US","og_type":"article","og_title":"Lab emprendeverde #PorElClima, an action to curb global warming - Fundaci\u00f3n Biodiversidad","og_description":"Coinciding with the celebration of COP24, the Conference of the Parties to the United Nations attended by around 200 countries and which is the largest [&hellip;]","og_url":"https:\/\/fundacion-biodiversidad.es\/en\/actualidad_home\/lab-emprendeverde-porelclima-an-action-to-curb-global-warming\/","og_site_name":"Fundaci\u00f3n Biodiversidad","og_image":[{"width":720,"height":405,"url":"https:\/\/fundacion-biodiversidad.es\/wp-content\/uploads\/2023\/01\/2487661294_35330241_720x405.png","type":"image\/png"}],"twitter_card":"summary_large_image","twitter_misc":{"Est. reading time":"1 minute"},"schema":{"@context":"https:\/\/schema.org","@graph":[{"@type":"WebPage","@id":"https:\/\/fundacion-biodiversidad.es\/en\/actualidad_home\/lab-emprendeverde-porelclima-an-action-to-curb-global-warming\/","url":"https:\/\/fundacion-biodiversidad.es\/en\/actualidad_home\/lab-emprendeverde-porelclima-an-action-to-curb-global-warming\/","name":"Lab emprendeverde #PorElClima, an action to curb global warming - Fundaci\u00f3n Biodiversidad","isPartOf":{"@id":"https:\/\/fundacion-biodiversidad.es\/en\/#website"},"primaryImageOfPage":{"@id":"https:\/\/fundacion-biodiversidad.es\/en\/actualidad_home\/lab-emprendeverde-porelclima-an-action-to-curb-global-warming\/#primaryimage"},"image":{"@id":"https:\/\/fundacion-biodiversidad.es\/en\/actualidad_home\/lab-emprendeverde-porelclima-an-action-to-curb-global-warming\/#primaryimage"},"thumbnailUrl":"https:\/\/fundacion-biodiversidad.es\/wp-content\/uploads\/2018\/12\/banner_jmailer_emprendecc-scaled.jpg","datePublished":"2018-12-04T12:32:30+00:00","breadcrumb":{"@id":"https:\/\/fundacion-biodiversidad.es\/en\/actualidad_home\/lab-emprendeverde-porelclima-an-action-to-curb-global-warming\/#breadcrumb"},"inLanguage":"en-US","potentialAction":[{"@type":"ReadAction","target":["https:\/\/fundacion-biodiversidad.es\/en\/actualidad_home\/lab-emprendeverde-porelclima-an-action-to-curb-global-warming\/"]}]},{"@type":"ImageObject","inLanguage":"en-US","@id":"https:\/\/fundacion-biodiversidad.es\/en\/actualidad_home\/lab-emprendeverde-porelclima-an-action-to-curb-global-warming\/#primaryimage","url":"https:\/\/fundacion-biodiversidad.es\/wp-content\/uploads\/2018\/12\/banner_jmailer_emprendecc-scaled.jpg","contentUrl":"https:\/\/fundacion-biodiversidad.es\/wp-content\/uploads\/2018\/12\/banner_jmailer_emprendecc-scaled.jpg","width":2560,"height":2000},{"@type":"BreadcrumbList","@id":"https:\/\/fundacion-biodiversidad.es\/en\/actualidad_home\/lab-emprendeverde-porelclima-an-action-to-curb-global-warming\/#breadcrumb","itemListElement":[{"@type":"ListItem","position":1,"name":"Portada","item":"https:\/\/fundacion-biodiversidad.es\/en\/inicio\/"},{"@type":"ListItem","position":2,"name":"Noticias de actualidad","item":"https:\/\/fundacion-biodiversidad.es\/en\/actualidad_home\/"},{"@type":"ListItem","position":3,"name":"Lab emprendeverde #PorElClima, an action to curb global warming"}]},{"@type":"WebSite","@id":"https:\/\/fundacion-biodiversidad.es\/en\/#website","url":"https:\/\/fundacion-biodiversidad.es\/en\/","name":"Fundaci\u00f3n Biodiversidad","description":"Fundaci\u00f3n p\u00fablica adscrita al Ministerio para la Transici\u00f3n Ecol\u00f3gica","potentialAction":[{"@type":"SearchAction","target":{"@type":"EntryPoint","urlTemplate":"https:\/\/fundacion-biodiversidad.es\/en\/?s={search_term_string}"},"query-input":{"@type":"PropertyValueSpecification","valueRequired":true,"valueName":"search_term_string"}}],"inLanguage":"en-US"}]}},"_links":{"self":[{"href":"https:\/\/fundacion-biodiversidad.es\/en\/wp-json\/wp\/v2\/actualidad_home\/97858341","targetHints":{"allow":["GET"]}}],"collection":[{"href":"https:\/\/fundacion-biodiversidad.es\/en\/wp-json\/wp\/v2\/actualidad_home"}],"about":[{"href":"https:\/\/fundacion-biodiversidad.es\/en\/wp-json\/wp\/v2\/types\/actualidad_home"}],"author":[{"embeddable":true,"href":"https:\/\/fundacion-biodiversidad.es\/en\/wp-json\/wp\/v2\/users\/11"}],"wp:featuredmedia":[{"embeddable":true,"href":"https:\/\/fundacion-biodiversidad.es\/en\/wp-json\/wp\/v2\/media\/35954"}],"wp:attachment":[{"href":"https:\/\/fundacion-biodiversidad.es\/en\/wp-json\/wp\/v2\/media?parent=97858341"}],"wp:term":[{"taxonomy":"palabras_clave","embeddable":true,"href":"https:\/\/fundacion-biodiversidad.es\/en\/wp-json\/wp\/v2\/palabras_clave?post=97858341"}],"curies":[{"name":"wp","href":"https:\/\/api.w.org\/{rel}","templated":true}]}}