{"id":97858342,"date":"2018-11-20T14:00:12","date_gmt":"2018-11-20T13:00:12","guid":{"rendered":"https:\/\/fundacion-biodiversidad.es\/actualidad_home\/we-support-the-conservation-of-the-red-kite\/"},"modified":"2018-11-20T14:00:12","modified_gmt":"2018-11-20T13:00:12","slug":"we-support-the-conservation-of-the-red-kite","status":"publish","type":"actualidad_home","link":"https:\/\/fundacion-biodiversidad.es\/en\/actualidad_home\/we-support-the-conservation-of-the-red-kite\/","title":{"rendered":"We support the conservation of the red kite"},"content":{"rendered":"<p><a href=\"http:\/\/www.amus.org.es\/\" target=\"_blank\" rel=\"noopener\">AMUS (Action for the Wild World)<\/a> has presented today in Badajoz the <strong>project &#8220;Conservation actions of the red kite in Spain&#8221;,<\/strong> an initiative that has the support of the Biodiversity Foundation of the Ministry for Ecological Transition.<\/p>\n<p><strong>Ignacio Torres, deputy director of the Biodiversity Foundation, participated in the presentation<\/strong>, in which he stressed that it is &#8220;a strategic project for the conservation of the species&#8221;. Torres referred to the twentieth anniversary of the Biodiversity Foundation, which is celebrated in 2018, thanking &#8220;the work of the entities, which, like AMUS, have developed the almost 2,000 projects carried out. Together we have multiplied our reach and it has allowed us to advance in the protection of nature in our country.&#8221; <\/p>\n<p>In these <strong>20 years of history, the work of the Biodiversity Foundation has allowed it to act on 200 species<\/strong> and improve the conservation status of some as emblematic as the Iberian lynx, the brown bear, the imperial eagle, the loggerhead turtle or the posidonia.<\/p>\n<p>The <strong>main objective of the red kite conservation project, whose actions will end in July 2019<\/strong>, is to obtain a diagnosis of the red kite population and test new methodologies for its conservation that can be applied in areas of low population density, in order to increase its reproductive numbers. The initiative is being developed in several regions of the province of Badajoz and in the Sierra de Aracena, in Huelva. <\/p>\n<p>This is a <strong>project that will serve to establish the real starting point of the situation of the species<\/strong>, by carrying out censuses of both the breeding population and chicks, in addition to allowing us to know what use of the space the adult population of red kites makes, which will facilitate the detection of mortality points as well as priority spaces for their conservation.<\/p>\n<p>This <strong>species is listed as &#8220;Endangered&#8221; in the Spanish Catalogue of Threatened Species<\/strong>. Its population has experienced a sharp decline in recent decades. <\/p>\n","protected":false},"author":11,"featured_media":35948,"template":"","meta":{"_acf_changed":false},"palabras_clave":[],"class_list":["post-97858342","actualidad_home","type-actualidad_home","status-publish","has-post-thumbnail","hentry"],"acf":[],"yoast_head":"<!-- This site is optimized with the Yoast SEO plugin v26.9 - https:\/\/yoast.com\/product\/yoast-seo-wordpress\/ -->\n<title>We support the conservation of the red kite - Fundaci\u00f3n Biodiversidad<\/title>\n<meta name=\"robots\" content=\"index, follow, max-snippet:-1, max-image-preview:large, max-video-preview:-1\" \/>\n<link rel=\"canonical\" href=\"https:\/\/fundacion-biodiversidad.es\/en\/actualidad_home\/we-support-the-conservation-of-the-red-kite\/\" \/>\n<meta property=\"og:locale\" content=\"en_US\" \/>\n<meta property=\"og:type\" content=\"article\" \/>\n<meta property=\"og:title\" content=\"We support the conservation of the red kite - Fundaci\u00f3n Biodiversidad\" \/>\n<meta property=\"og:description\" content=\"AMUS (Action for the Wild World) has presented today in Badajoz the project &#8220;Conservation actions of the red kite in Spain&#8221;, an initiative that has [&hellip;]\" \/>\n<meta property=\"og:url\" content=\"https:\/\/fundacion-biodiversidad.es\/en\/actualidad_home\/we-support-the-conservation-of-the-red-kite\/\" \/>\n<meta property=\"og:site_name\" content=\"Fundaci\u00f3n Biodiversidad\" \/>\n<meta property=\"og:image\" content=\"https:\/\/fundacion-biodiversidad.es\/wp-content\/uploads\/2023\/01\/2487661294_35330241_720x405.png\" \/>\n\t<meta property=\"og:image:width\" content=\"720\" \/>\n\t<meta property=\"og:image:height\" content=\"405\" \/>\n\t<meta property=\"og:image:type\" content=\"image\/png\" \/>\n<meta name=\"twitter:card\" content=\"summary_large_image\" \/>\n<meta name=\"twitter:label1\" content=\"Est. reading time\" \/>\n\t<meta name=\"twitter:data1\" content=\"2 minutes\" \/>\n<script type=\"application\/ld+json\" class=\"yoast-schema-graph\">{\"@context\":\"https:\/\/schema.org\",\"@graph\":[{\"@type\":\"WebPage\",\"@id\":\"https:\/\/fundacion-biodiversidad.es\/en\/actualidad_home\/we-support-the-conservation-of-the-red-kite\/\",\"url\":\"https:\/\/fundacion-biodiversidad.es\/en\/actualidad_home\/we-support-the-conservation-of-the-red-kite\/\",\"name\":\"We support the conservation of the red kite - Fundaci\u00f3n Biodiversidad\",\"isPartOf\":{\"@id\":\"https:\/\/fundacion-biodiversidad.es\/en\/#website\"},\"primaryImageOfPage\":{\"@id\":\"https:\/\/fundacion-biodiversidad.es\/en\/actualidad_home\/we-support-the-conservation-of-the-red-kite\/#primaryimage\"},\"image\":{\"@id\":\"https:\/\/fundacion-biodiversidad.es\/en\/actualidad_home\/we-support-the-conservation-of-the-red-kite\/#primaryimage\"},\"thumbnailUrl\":\"https:\/\/fundacion-biodiversidad.es\/wp-content\/uploads\/2018\/11\/milano_real.jpg\",\"datePublished\":\"2018-11-20T13:00:12+00:00\",\"breadcrumb\":{\"@id\":\"https:\/\/fundacion-biodiversidad.es\/en\/actualidad_home\/we-support-the-conservation-of-the-red-kite\/#breadcrumb\"},\"inLanguage\":\"en-US\",\"potentialAction\":[{\"@type\":\"ReadAction\",\"target\":[\"https:\/\/fundacion-biodiversidad.es\/en\/actualidad_home\/we-support-the-conservation-of-the-red-kite\/\"]}]},{\"@type\":\"ImageObject\",\"inLanguage\":\"en-US\",\"@id\":\"https:\/\/fundacion-biodiversidad.es\/en\/actualidad_home\/we-support-the-conservation-of-the-red-kite\/#primaryimage\",\"url\":\"https:\/\/fundacion-biodiversidad.es\/wp-content\/uploads\/2018\/11\/milano_real.jpg\",\"contentUrl\":\"https:\/\/fundacion-biodiversidad.es\/wp-content\/uploads\/2018\/11\/milano_real.jpg\",\"width\":747,\"height\":485},{\"@type\":\"BreadcrumbList\",\"@id\":\"https:\/\/fundacion-biodiversidad.es\/en\/actualidad_home\/we-support-the-conservation-of-the-red-kite\/#breadcrumb\",\"itemListElement\":[{\"@type\":\"ListItem\",\"position\":1,\"name\":\"Portada\",\"item\":\"https:\/\/fundacion-biodiversidad.es\/en\/inicio\/\"},{\"@type\":\"ListItem\",\"position\":2,\"name\":\"Noticias de actualidad\",\"item\":\"https:\/\/fundacion-biodiversidad.es\/en\/actualidad_home\/\"},{\"@type\":\"ListItem\",\"position\":3,\"name\":\"We support the conservation of the red kite\"}]},{\"@type\":\"WebSite\",\"@id\":\"https:\/\/fundacion-biodiversidad.es\/en\/#website\",\"url\":\"https:\/\/fundacion-biodiversidad.es\/en\/\",\"name\":\"Fundaci\u00f3n Biodiversidad\",\"description\":\"Fundaci\u00f3n p\u00fablica adscrita al Ministerio para la Transici\u00f3n Ecol\u00f3gica\",\"potentialAction\":[{\"@type\":\"SearchAction\",\"target\":{\"@type\":\"EntryPoint\",\"urlTemplate\":\"https:\/\/fundacion-biodiversidad.es\/en\/?s={search_term_string}\"},\"query-input\":{\"@type\":\"PropertyValueSpecification\",\"valueRequired\":true,\"valueName\":\"search_term_string\"}}],\"inLanguage\":\"en-US\"}]}<\/script>\n<!-- \/ Yoast SEO plugin. -->","yoast_head_json":{"title":"We support the conservation of the red kite - Fundaci\u00f3n Biodiversidad","robots":{"index":"index","follow":"follow","max-snippet":"max-snippet:-1","max-image-preview":"max-image-preview:large","max-video-preview":"max-video-preview:-1"},"canonical":"https:\/\/fundacion-biodiversidad.es\/en\/actualidad_home\/we-support-the-conservation-of-the-red-kite\/","og_locale":"en_US","og_type":"article","og_title":"We support the conservation of the red kite - Fundaci\u00f3n Biodiversidad","og_description":"AMUS (Action for the Wild World) has presented today in Badajoz the project &#8220;Conservation actions of the red kite in Spain&#8221;, an initiative that has [&hellip;]","og_url":"https:\/\/fundacion-biodiversidad.es\/en\/actualidad_home\/we-support-the-conservation-of-the-red-kite\/","og_site_name":"Fundaci\u00f3n Biodiversidad","og_image":[{"width":720,"height":405,"url":"https:\/\/fundacion-biodiversidad.es\/wp-content\/uploads\/2023\/01\/2487661294_35330241_720x405.png","type":"image\/png"}],"twitter_card":"summary_large_image","twitter_misc":{"Est. reading time":"2 minutes"},"schema":{"@context":"https:\/\/schema.org","@graph":[{"@type":"WebPage","@id":"https:\/\/fundacion-biodiversidad.es\/en\/actualidad_home\/we-support-the-conservation-of-the-red-kite\/","url":"https:\/\/fundacion-biodiversidad.es\/en\/actualidad_home\/we-support-the-conservation-of-the-red-kite\/","name":"We support the conservation of the red kite - Fundaci\u00f3n Biodiversidad","isPartOf":{"@id":"https:\/\/fundacion-biodiversidad.es\/en\/#website"},"primaryImageOfPage":{"@id":"https:\/\/fundacion-biodiversidad.es\/en\/actualidad_home\/we-support-the-conservation-of-the-red-kite\/#primaryimage"},"image":{"@id":"https:\/\/fundacion-biodiversidad.es\/en\/actualidad_home\/we-support-the-conservation-of-the-red-kite\/#primaryimage"},"thumbnailUrl":"https:\/\/fundacion-biodiversidad.es\/wp-content\/uploads\/2018\/11\/milano_real.jpg","datePublished":"2018-11-20T13:00:12+00:00","breadcrumb":{"@id":"https:\/\/fundacion-biodiversidad.es\/en\/actualidad_home\/we-support-the-conservation-of-the-red-kite\/#breadcrumb"},"inLanguage":"en-US","potentialAction":[{"@type":"ReadAction","target":["https:\/\/fundacion-biodiversidad.es\/en\/actualidad_home\/we-support-the-conservation-of-the-red-kite\/"]}]},{"@type":"ImageObject","inLanguage":"en-US","@id":"https:\/\/fundacion-biodiversidad.es\/en\/actualidad_home\/we-support-the-conservation-of-the-red-kite\/#primaryimage","url":"https:\/\/fundacion-biodiversidad.es\/wp-content\/uploads\/2018\/11\/milano_real.jpg","contentUrl":"https:\/\/fundacion-biodiversidad.es\/wp-content\/uploads\/2018\/11\/milano_real.jpg","width":747,"height":485},{"@type":"BreadcrumbList","@id":"https:\/\/fundacion-biodiversidad.es\/en\/actualidad_home\/we-support-the-conservation-of-the-red-kite\/#breadcrumb","itemListElement":[{"@type":"ListItem","position":1,"name":"Portada","item":"https:\/\/fundacion-biodiversidad.es\/en\/inicio\/"},{"@type":"ListItem","position":2,"name":"Noticias de actualidad","item":"https:\/\/fundacion-biodiversidad.es\/en\/actualidad_home\/"},{"@type":"ListItem","position":3,"name":"We support the conservation of the red kite"}]},{"@type":"WebSite","@id":"https:\/\/fundacion-biodiversidad.es\/en\/#website","url":"https:\/\/fundacion-biodiversidad.es\/en\/","name":"Fundaci\u00f3n Biodiversidad","description":"Fundaci\u00f3n p\u00fablica adscrita al Ministerio para la Transici\u00f3n Ecol\u00f3gica","potentialAction":[{"@type":"SearchAction","target":{"@type":"EntryPoint","urlTemplate":"https:\/\/fundacion-biodiversidad.es\/en\/?s={search_term_string}"},"query-input":{"@type":"PropertyValueSpecification","valueRequired":true,"valueName":"search_term_string"}}],"inLanguage":"en-US"}]}},"_links":{"self":[{"href":"https:\/\/fundacion-biodiversidad.es\/en\/wp-json\/wp\/v2\/actualidad_home\/97858342","targetHints":{"allow":["GET"]}}],"collection":[{"href":"https:\/\/fundacion-biodiversidad.es\/en\/wp-json\/wp\/v2\/actualidad_home"}],"about":[{"href":"https:\/\/fundacion-biodiversidad.es\/en\/wp-json\/wp\/v2\/types\/actualidad_home"}],"author":[{"embeddable":true,"href":"https:\/\/fundacion-biodiversidad.es\/en\/wp-json\/wp\/v2\/users\/11"}],"wp:featuredmedia":[{"embeddable":true,"href":"https:\/\/fundacion-biodiversidad.es\/en\/wp-json\/wp\/v2\/media\/35948"}],"wp:attachment":[{"href":"https:\/\/fundacion-biodiversidad.es\/en\/wp-json\/wp\/v2\/media?parent=97858342"}],"wp:term":[{"taxonomy":"palabras_clave","embeddable":true,"href":"https:\/\/fundacion-biodiversidad.es\/en\/wp-json\/wp\/v2\/palabras_clave?post=97858342"}],"curies":[{"name":"wp","href":"https:\/\/api.w.org\/{rel}","templated":true}]}}