{"id":97858343,"date":"2018-12-03T11:32:55","date_gmt":"2018-12-03T10:32:55","guid":{"rendered":"https:\/\/fundacion-biodiversidad.es\/actualidad_home\/more-than-500-people-conversamos-in-conama\/"},"modified":"2018-12-03T11:32:55","modified_gmt":"2018-12-03T10:32:55","slug":"more-than-500-people-conversamos-in-conama","status":"publish","type":"actualidad_home","link":"https:\/\/fundacion-biodiversidad.es\/en\/actualidad_home\/more-than-500-people-conversamos-in-conama\/","title":{"rendered":"More than 500 people #Conversamos in CONAMA"},"content":{"rendered":"<p>From 26 to 29 November, the Municipal Conference Centre in Madrid hosted the 14th edition of the National Congress on the Environment (Conama 2018). The Ministry for Ecological Transition (MITECO) had a space open to dialogue, in which under the slogan <strong>#Conversamos<\/strong> fifteen activities were programmed in which <strong>more than 50 speakers spoke with more than 500 people during the congress<\/strong>. <\/p>\n<p>The Secretaries of State for Energy and the Environment, the Directors-General for Biodiversity and Environmental Quality and Sustainability of the Coast and the Sea, the Director of the Spanish Office for Climate Change, the Director of the Institute for Energy Diversification and Saving (IDAE) and the Director of the Autonomous National Parks Agency (OAPN),  among others, went to the MITECO booth at Conama 2018 to talk with the attendees.<\/p>\n<p>In addition, the former Ministers of the Environment Cristina Narbona and Elvira Rodr\u00edguez participated in the session &#8220;Environmental policy in 40 years of the Constitution&#8221;, where more than 80 people were able to debate with them.<\/p>\n<p>From the Biodiversity Foundation we talk about biodiversity, marine litter, and ecological restoration. Visitors were also able to learn about LIFE INTEMARES, the largest marine conservation project in Europe, and how social agents participate in adaptation to climate change, through the LIFE SHARA project, which also had an informative exhibition during the four days of the congress. <\/p>\n","protected":false},"author":11,"featured_media":35953,"template":"","meta":{"_acf_changed":false},"palabras_clave":[],"class_list":["post-97858343","actualidad_home","type-actualidad_home","status-publish","has-post-thumbnail","hentry"],"acf":[],"yoast_head":"<!-- This site is optimized with the Yoast SEO plugin v26.9 - https:\/\/yoast.com\/product\/yoast-seo-wordpress\/ -->\n<title>More than 500 people #Conversamos in CONAMA - Fundaci\u00f3n Biodiversidad<\/title>\n<meta name=\"robots\" content=\"index, follow, max-snippet:-1, max-image-preview:large, max-video-preview:-1\" \/>\n<link rel=\"canonical\" href=\"https:\/\/fundacion-biodiversidad.es\/en\/actualidad_home\/more-than-500-people-conversamos-in-conama\/\" \/>\n<meta property=\"og:locale\" content=\"en_US\" \/>\n<meta property=\"og:type\" content=\"article\" \/>\n<meta property=\"og:title\" content=\"More than 500 people #Conversamos in CONAMA - Fundaci\u00f3n Biodiversidad\" \/>\n<meta property=\"og:description\" content=\"From 26 to 29 November, the Municipal Conference Centre in Madrid hosted the 14th edition of the National Congress on the Environment (Conama 2018). The [&hellip;]\" \/>\n<meta property=\"og:url\" content=\"https:\/\/fundacion-biodiversidad.es\/en\/actualidad_home\/more-than-500-people-conversamos-in-conama\/\" \/>\n<meta property=\"og:site_name\" content=\"Fundaci\u00f3n Biodiversidad\" \/>\n<meta property=\"og:image\" content=\"https:\/\/fundacion-biodiversidad.es\/wp-content\/uploads\/2023\/01\/2487661294_35330241_720x405.png\" \/>\n\t<meta property=\"og:image:width\" content=\"720\" \/>\n\t<meta property=\"og:image:height\" content=\"405\" \/>\n\t<meta property=\"og:image:type\" content=\"image\/png\" \/>\n<meta name=\"twitter:card\" content=\"summary_large_image\" \/>\n<meta name=\"twitter:label1\" content=\"Est. reading time\" \/>\n\t<meta name=\"twitter:data1\" content=\"1 minute\" \/>\n<script type=\"application\/ld+json\" class=\"yoast-schema-graph\">{\"@context\":\"https:\/\/schema.org\",\"@graph\":[{\"@type\":\"WebPage\",\"@id\":\"https:\/\/fundacion-biodiversidad.es\/en\/actualidad_home\/more-than-500-people-conversamos-in-conama\/\",\"url\":\"https:\/\/fundacion-biodiversidad.es\/en\/actualidad_home\/more-than-500-people-conversamos-in-conama\/\",\"name\":\"More than 500 people #Conversamos in CONAMA - Fundaci\u00f3n Biodiversidad\",\"isPartOf\":{\"@id\":\"https:\/\/fundacion-biodiversidad.es\/en\/#website\"},\"primaryImageOfPage\":{\"@id\":\"https:\/\/fundacion-biodiversidad.es\/en\/actualidad_home\/more-than-500-people-conversamos-in-conama\/#primaryimage\"},\"image\":{\"@id\":\"https:\/\/fundacion-biodiversidad.es\/en\/actualidad_home\/more-than-500-people-conversamos-in-conama\/#primaryimage\"},\"thumbnailUrl\":\"https:\/\/fundacion-biodiversidad.es\/wp-content\/uploads\/2018\/12\/conama_articulo.png\",\"datePublished\":\"2018-12-03T10:32:55+00:00\",\"breadcrumb\":{\"@id\":\"https:\/\/fundacion-biodiversidad.es\/en\/actualidad_home\/more-than-500-people-conversamos-in-conama\/#breadcrumb\"},\"inLanguage\":\"en-US\",\"potentialAction\":[{\"@type\":\"ReadAction\",\"target\":[\"https:\/\/fundacion-biodiversidad.es\/en\/actualidad_home\/more-than-500-people-conversamos-in-conama\/\"]}]},{\"@type\":\"ImageObject\",\"inLanguage\":\"en-US\",\"@id\":\"https:\/\/fundacion-biodiversidad.es\/en\/actualidad_home\/more-than-500-people-conversamos-in-conama\/#primaryimage\",\"url\":\"https:\/\/fundacion-biodiversidad.es\/wp-content\/uploads\/2018\/12\/conama_articulo.png\",\"contentUrl\":\"https:\/\/fundacion-biodiversidad.es\/wp-content\/uploads\/2018\/12\/conama_articulo.png\",\"width\":1200,\"height\":628},{\"@type\":\"BreadcrumbList\",\"@id\":\"https:\/\/fundacion-biodiversidad.es\/en\/actualidad_home\/more-than-500-people-conversamos-in-conama\/#breadcrumb\",\"itemListElement\":[{\"@type\":\"ListItem\",\"position\":1,\"name\":\"Portada\",\"item\":\"https:\/\/fundacion-biodiversidad.es\/en\/inicio\/\"},{\"@type\":\"ListItem\",\"position\":2,\"name\":\"Noticias de actualidad\",\"item\":\"https:\/\/fundacion-biodiversidad.es\/en\/actualidad_home\/\"},{\"@type\":\"ListItem\",\"position\":3,\"name\":\"More than 500 people #Conversamos in CONAMA\"}]},{\"@type\":\"WebSite\",\"@id\":\"https:\/\/fundacion-biodiversidad.es\/en\/#website\",\"url\":\"https:\/\/fundacion-biodiversidad.es\/en\/\",\"name\":\"Fundaci\u00f3n Biodiversidad\",\"description\":\"Fundaci\u00f3n p\u00fablica adscrita al Ministerio para la Transici\u00f3n Ecol\u00f3gica\",\"potentialAction\":[{\"@type\":\"SearchAction\",\"target\":{\"@type\":\"EntryPoint\",\"urlTemplate\":\"https:\/\/fundacion-biodiversidad.es\/en\/?s={search_term_string}\"},\"query-input\":{\"@type\":\"PropertyValueSpecification\",\"valueRequired\":true,\"valueName\":\"search_term_string\"}}],\"inLanguage\":\"en-US\"}]}<\/script>\n<!-- \/ Yoast SEO plugin. -->","yoast_head_json":{"title":"More than 500 people #Conversamos in CONAMA - Fundaci\u00f3n Biodiversidad","robots":{"index":"index","follow":"follow","max-snippet":"max-snippet:-1","max-image-preview":"max-image-preview:large","max-video-preview":"max-video-preview:-1"},"canonical":"https:\/\/fundacion-biodiversidad.es\/en\/actualidad_home\/more-than-500-people-conversamos-in-conama\/","og_locale":"en_US","og_type":"article","og_title":"More than 500 people #Conversamos in CONAMA - Fundaci\u00f3n Biodiversidad","og_description":"From 26 to 29 November, the Municipal Conference Centre in Madrid hosted the 14th edition of the National Congress on the Environment (Conama 2018). The [&hellip;]","og_url":"https:\/\/fundacion-biodiversidad.es\/en\/actualidad_home\/more-than-500-people-conversamos-in-conama\/","og_site_name":"Fundaci\u00f3n Biodiversidad","og_image":[{"width":720,"height":405,"url":"https:\/\/fundacion-biodiversidad.es\/wp-content\/uploads\/2023\/01\/2487661294_35330241_720x405.png","type":"image\/png"}],"twitter_card":"summary_large_image","twitter_misc":{"Est. reading time":"1 minute"},"schema":{"@context":"https:\/\/schema.org","@graph":[{"@type":"WebPage","@id":"https:\/\/fundacion-biodiversidad.es\/en\/actualidad_home\/more-than-500-people-conversamos-in-conama\/","url":"https:\/\/fundacion-biodiversidad.es\/en\/actualidad_home\/more-than-500-people-conversamos-in-conama\/","name":"More than 500 people #Conversamos in CONAMA - Fundaci\u00f3n Biodiversidad","isPartOf":{"@id":"https:\/\/fundacion-biodiversidad.es\/en\/#website"},"primaryImageOfPage":{"@id":"https:\/\/fundacion-biodiversidad.es\/en\/actualidad_home\/more-than-500-people-conversamos-in-conama\/#primaryimage"},"image":{"@id":"https:\/\/fundacion-biodiversidad.es\/en\/actualidad_home\/more-than-500-people-conversamos-in-conama\/#primaryimage"},"thumbnailUrl":"https:\/\/fundacion-biodiversidad.es\/wp-content\/uploads\/2018\/12\/conama_articulo.png","datePublished":"2018-12-03T10:32:55+00:00","breadcrumb":{"@id":"https:\/\/fundacion-biodiversidad.es\/en\/actualidad_home\/more-than-500-people-conversamos-in-conama\/#breadcrumb"},"inLanguage":"en-US","potentialAction":[{"@type":"ReadAction","target":["https:\/\/fundacion-biodiversidad.es\/en\/actualidad_home\/more-than-500-people-conversamos-in-conama\/"]}]},{"@type":"ImageObject","inLanguage":"en-US","@id":"https:\/\/fundacion-biodiversidad.es\/en\/actualidad_home\/more-than-500-people-conversamos-in-conama\/#primaryimage","url":"https:\/\/fundacion-biodiversidad.es\/wp-content\/uploads\/2018\/12\/conama_articulo.png","contentUrl":"https:\/\/fundacion-biodiversidad.es\/wp-content\/uploads\/2018\/12\/conama_articulo.png","width":1200,"height":628},{"@type":"BreadcrumbList","@id":"https:\/\/fundacion-biodiversidad.es\/en\/actualidad_home\/more-than-500-people-conversamos-in-conama\/#breadcrumb","itemListElement":[{"@type":"ListItem","position":1,"name":"Portada","item":"https:\/\/fundacion-biodiversidad.es\/en\/inicio\/"},{"@type":"ListItem","position":2,"name":"Noticias de actualidad","item":"https:\/\/fundacion-biodiversidad.es\/en\/actualidad_home\/"},{"@type":"ListItem","position":3,"name":"More than 500 people #Conversamos in CONAMA"}]},{"@type":"WebSite","@id":"https:\/\/fundacion-biodiversidad.es\/en\/#website","url":"https:\/\/fundacion-biodiversidad.es\/en\/","name":"Fundaci\u00f3n Biodiversidad","description":"Fundaci\u00f3n p\u00fablica adscrita al Ministerio para la Transici\u00f3n Ecol\u00f3gica","potentialAction":[{"@type":"SearchAction","target":{"@type":"EntryPoint","urlTemplate":"https:\/\/fundacion-biodiversidad.es\/en\/?s={search_term_string}"},"query-input":{"@type":"PropertyValueSpecification","valueRequired":true,"valueName":"search_term_string"}}],"inLanguage":"en-US"}]}},"_links":{"self":[{"href":"https:\/\/fundacion-biodiversidad.es\/en\/wp-json\/wp\/v2\/actualidad_home\/97858343","targetHints":{"allow":["GET"]}}],"collection":[{"href":"https:\/\/fundacion-biodiversidad.es\/en\/wp-json\/wp\/v2\/actualidad_home"}],"about":[{"href":"https:\/\/fundacion-biodiversidad.es\/en\/wp-json\/wp\/v2\/types\/actualidad_home"}],"author":[{"embeddable":true,"href":"https:\/\/fundacion-biodiversidad.es\/en\/wp-json\/wp\/v2\/users\/11"}],"wp:featuredmedia":[{"embeddable":true,"href":"https:\/\/fundacion-biodiversidad.es\/en\/wp-json\/wp\/v2\/media\/35953"}],"wp:attachment":[{"href":"https:\/\/fundacion-biodiversidad.es\/en\/wp-json\/wp\/v2\/media?parent=97858343"}],"wp:term":[{"taxonomy":"palabras_clave","embeddable":true,"href":"https:\/\/fundacion-biodiversidad.es\/en\/wp-json\/wp\/v2\/palabras_clave?post=97858343"}],"curies":[{"name":"wp","href":"https:\/\/api.w.org\/{rel}","templated":true}]}}