{"id":97858344,"date":"2018-11-17T09:00:00","date_gmt":"2018-11-17T08:00:00","guid":{"rendered":"https:\/\/fundacion-biodiversidad.es\/actualidad_home\/world-summit-on-biodiversity-begins\/"},"modified":"2018-11-17T09:00:00","modified_gmt":"2018-11-17T08:00:00","slug":"world-summit-on-biodiversity-begins","status":"publish","type":"actualidad_home","link":"https:\/\/fundacion-biodiversidad.es\/en\/actualidad_home\/world-summit-on-biodiversity-begins\/","title":{"rendered":"World Summit on Biodiversity begins"},"content":{"rendered":"<p>The <a href=\"https:\/\/fundacion-biodiversidad.es\/es\/prensa\/notas-de-prensa\/comienza-la-cumbre-mundial-de-diversidad-biologica-con-el-objetivo-de\" target=\"_blank\" rel=\"noopener\">World Summit on Biological Diversity<\/a> officially opens today, bringing together countries from around the world in Sharm El-Sheikh, Egypt, until 29 November, with the aim of integrating biodiversity into the energy, mining, production, processing and health sectors. The Summit was preceded by the High-Level Segment, in which representatives of the Conference of the Parties, the governing body of the Convention on Biological Diversity, have been working, together with actors from civil society, business, indigenous and local communities, youth and Governments, among others. <\/p>\n<p>The Secretariat of the Convention on Biological Diversity (CBD) held, during the High-Level Segment, the Business and Biodiversity Forum with the Global Business and Biodiversity Alliance, a global network of platforms on the subject. The<a href=\"https:\/\/ieeb.fundacion-biodiversidad.es\/\" target=\"_blank\" rel=\"noopener\"> Spanish Business and Biodiversity Initiative (IEEB),<\/a> coordinated by the Biodiversity Foundation of the Ministry for Ecological Transition, is part of this platform. Its objective is to share information and good practices, as well as to cooperate in projects of common interest that support the integration of biodiversity into business models.  <\/p>\n<p>During the Forum, the <a href=\"https:\/\/ieeb.fundacion-biodiversidad.es\/sites\/default\/files\/guia_practica_re_0.pdf\" target=\"_blank\" rel=\"noopener\">Practical Guide to Ecological Restoration<\/a> was officially presented, a useful tool for companies and for the administration.<\/p>\n<p>This guide is aligned with the objectives of COP 14: to integrate biodiversity into the energy, mining, infrastructure, industry, and production and health sectors. It will be a methodological reference for natural capital restoration actions and has been a collaborative effort between the Biodiversity Foundation and six of the IEEB companies: Endesa, Ferrovial, Iberdrola, LafargeHolcim, Naturgy and OHL. With more than 100 experts who have collaborated with specific contributions or reviews, &#8220;it represents a global work that brings together the vision of administrations, the business sector, the academic sector and conservation entities,&#8221; Casta\u00f1eda said during the meeting.  <\/p>\n<p>&nbsp;<\/p>\n","protected":false},"author":11,"featured_media":35947,"template":"","meta":{"_acf_changed":false},"palabras_clave":[35,484,485],"class_list":["post-97858344","actualidad_home","type-actualidad_home","status-publish","has-post-thumbnail","hentry","palabras_clave-biodiversidad","palabras_clave-diversidad-biologica","palabras_clave-egipto"],"acf":[],"yoast_head":"<!-- This site is optimized with the Yoast SEO plugin v26.9 - https:\/\/yoast.com\/product\/yoast-seo-wordpress\/ -->\n<title>World Summit on Biodiversity begins - Fundaci\u00f3n Biodiversidad<\/title>\n<meta name=\"robots\" content=\"index, follow, max-snippet:-1, max-image-preview:large, max-video-preview:-1\" \/>\n<link rel=\"canonical\" href=\"https:\/\/fundacion-biodiversidad.es\/en\/actualidad_home\/world-summit-on-biodiversity-begins\/\" \/>\n<meta property=\"og:locale\" content=\"en_US\" \/>\n<meta property=\"og:type\" content=\"article\" \/>\n<meta property=\"og:title\" content=\"World Summit on Biodiversity begins - Fundaci\u00f3n Biodiversidad\" \/>\n<meta property=\"og:description\" content=\"The World Summit on Biological Diversity officially opens today, bringing together countries from around the world in Sharm El-Sheikh, Egypt, until 29 November, with the [&hellip;]\" \/>\n<meta property=\"og:url\" content=\"https:\/\/fundacion-biodiversidad.es\/en\/actualidad_home\/world-summit-on-biodiversity-begins\/\" \/>\n<meta property=\"og:site_name\" content=\"Fundaci\u00f3n Biodiversidad\" \/>\n<meta property=\"og:image\" content=\"https:\/\/fundacion-biodiversidad.es\/wp-content\/uploads\/2023\/01\/2487661294_35330241_720x405.png\" \/>\n\t<meta property=\"og:image:width\" content=\"720\" \/>\n\t<meta property=\"og:image:height\" content=\"405\" \/>\n\t<meta property=\"og:image:type\" content=\"image\/png\" \/>\n<meta name=\"twitter:card\" content=\"summary_large_image\" \/>\n<meta name=\"twitter:label1\" content=\"Est. reading time\" \/>\n\t<meta name=\"twitter:data1\" content=\"1 minute\" \/>\n<script type=\"application\/ld+json\" class=\"yoast-schema-graph\">{\"@context\":\"https:\/\/schema.org\",\"@graph\":[{\"@type\":\"WebPage\",\"@id\":\"https:\/\/fundacion-biodiversidad.es\/en\/actualidad_home\/world-summit-on-biodiversity-begins\/\",\"url\":\"https:\/\/fundacion-biodiversidad.es\/en\/actualidad_home\/world-summit-on-biodiversity-begins\/\",\"name\":\"World Summit on Biodiversity begins - Fundaci\u00f3n Biodiversidad\",\"isPartOf\":{\"@id\":\"https:\/\/fundacion-biodiversidad.es\/en\/#website\"},\"primaryImageOfPage\":{\"@id\":\"https:\/\/fundacion-biodiversidad.es\/en\/actualidad_home\/world-summit-on-biodiversity-begins\/#primaryimage\"},\"image\":{\"@id\":\"https:\/\/fundacion-biodiversidad.es\/en\/actualidad_home\/world-summit-on-biodiversity-begins\/#primaryimage\"},\"thumbnailUrl\":\"https:\/\/fundacion-biodiversidad.es\/wp-content\/uploads\/2018\/11\/17112018_cop_14_egipto_2.jpg\",\"datePublished\":\"2018-11-17T08:00:00+00:00\",\"breadcrumb\":{\"@id\":\"https:\/\/fundacion-biodiversidad.es\/en\/actualidad_home\/world-summit-on-biodiversity-begins\/#breadcrumb\"},\"inLanguage\":\"en-US\",\"potentialAction\":[{\"@type\":\"ReadAction\",\"target\":[\"https:\/\/fundacion-biodiversidad.es\/en\/actualidad_home\/world-summit-on-biodiversity-begins\/\"]}]},{\"@type\":\"ImageObject\",\"inLanguage\":\"en-US\",\"@id\":\"https:\/\/fundacion-biodiversidad.es\/en\/actualidad_home\/world-summit-on-biodiversity-begins\/#primaryimage\",\"url\":\"https:\/\/fundacion-biodiversidad.es\/wp-content\/uploads\/2018\/11\/17112018_cop_14_egipto_2.jpg\",\"contentUrl\":\"https:\/\/fundacion-biodiversidad.es\/wp-content\/uploads\/2018\/11\/17112018_cop_14_egipto_2.jpg\",\"width\":1080,\"height\":1440},{\"@type\":\"BreadcrumbList\",\"@id\":\"https:\/\/fundacion-biodiversidad.es\/en\/actualidad_home\/world-summit-on-biodiversity-begins\/#breadcrumb\",\"itemListElement\":[{\"@type\":\"ListItem\",\"position\":1,\"name\":\"Portada\",\"item\":\"https:\/\/fundacion-biodiversidad.es\/en\/inicio\/\"},{\"@type\":\"ListItem\",\"position\":2,\"name\":\"Noticias de actualidad\",\"item\":\"https:\/\/fundacion-biodiversidad.es\/en\/actualidad_home\/\"},{\"@type\":\"ListItem\",\"position\":3,\"name\":\"World Summit on Biodiversity begins\"}]},{\"@type\":\"WebSite\",\"@id\":\"https:\/\/fundacion-biodiversidad.es\/en\/#website\",\"url\":\"https:\/\/fundacion-biodiversidad.es\/en\/\",\"name\":\"Fundaci\u00f3n Biodiversidad\",\"description\":\"Fundaci\u00f3n p\u00fablica adscrita al Ministerio para la Transici\u00f3n Ecol\u00f3gica\",\"potentialAction\":[{\"@type\":\"SearchAction\",\"target\":{\"@type\":\"EntryPoint\",\"urlTemplate\":\"https:\/\/fundacion-biodiversidad.es\/en\/?s={search_term_string}\"},\"query-input\":{\"@type\":\"PropertyValueSpecification\",\"valueRequired\":true,\"valueName\":\"search_term_string\"}}],\"inLanguage\":\"en-US\"}]}<\/script>\n<!-- \/ Yoast SEO plugin. -->","yoast_head_json":{"title":"World Summit on Biodiversity begins - Fundaci\u00f3n Biodiversidad","robots":{"index":"index","follow":"follow","max-snippet":"max-snippet:-1","max-image-preview":"max-image-preview:large","max-video-preview":"max-video-preview:-1"},"canonical":"https:\/\/fundacion-biodiversidad.es\/en\/actualidad_home\/world-summit-on-biodiversity-begins\/","og_locale":"en_US","og_type":"article","og_title":"World Summit on Biodiversity begins - Fundaci\u00f3n Biodiversidad","og_description":"The World Summit on Biological Diversity officially opens today, bringing together countries from around the world in Sharm El-Sheikh, Egypt, until 29 November, with the [&hellip;]","og_url":"https:\/\/fundacion-biodiversidad.es\/en\/actualidad_home\/world-summit-on-biodiversity-begins\/","og_site_name":"Fundaci\u00f3n Biodiversidad","og_image":[{"width":720,"height":405,"url":"https:\/\/fundacion-biodiversidad.es\/wp-content\/uploads\/2023\/01\/2487661294_35330241_720x405.png","type":"image\/png"}],"twitter_card":"summary_large_image","twitter_misc":{"Est. reading time":"1 minute"},"schema":{"@context":"https:\/\/schema.org","@graph":[{"@type":"WebPage","@id":"https:\/\/fundacion-biodiversidad.es\/en\/actualidad_home\/world-summit-on-biodiversity-begins\/","url":"https:\/\/fundacion-biodiversidad.es\/en\/actualidad_home\/world-summit-on-biodiversity-begins\/","name":"World Summit on Biodiversity begins - Fundaci\u00f3n Biodiversidad","isPartOf":{"@id":"https:\/\/fundacion-biodiversidad.es\/en\/#website"},"primaryImageOfPage":{"@id":"https:\/\/fundacion-biodiversidad.es\/en\/actualidad_home\/world-summit-on-biodiversity-begins\/#primaryimage"},"image":{"@id":"https:\/\/fundacion-biodiversidad.es\/en\/actualidad_home\/world-summit-on-biodiversity-begins\/#primaryimage"},"thumbnailUrl":"https:\/\/fundacion-biodiversidad.es\/wp-content\/uploads\/2018\/11\/17112018_cop_14_egipto_2.jpg","datePublished":"2018-11-17T08:00:00+00:00","breadcrumb":{"@id":"https:\/\/fundacion-biodiversidad.es\/en\/actualidad_home\/world-summit-on-biodiversity-begins\/#breadcrumb"},"inLanguage":"en-US","potentialAction":[{"@type":"ReadAction","target":["https:\/\/fundacion-biodiversidad.es\/en\/actualidad_home\/world-summit-on-biodiversity-begins\/"]}]},{"@type":"ImageObject","inLanguage":"en-US","@id":"https:\/\/fundacion-biodiversidad.es\/en\/actualidad_home\/world-summit-on-biodiversity-begins\/#primaryimage","url":"https:\/\/fundacion-biodiversidad.es\/wp-content\/uploads\/2018\/11\/17112018_cop_14_egipto_2.jpg","contentUrl":"https:\/\/fundacion-biodiversidad.es\/wp-content\/uploads\/2018\/11\/17112018_cop_14_egipto_2.jpg","width":1080,"height":1440},{"@type":"BreadcrumbList","@id":"https:\/\/fundacion-biodiversidad.es\/en\/actualidad_home\/world-summit-on-biodiversity-begins\/#breadcrumb","itemListElement":[{"@type":"ListItem","position":1,"name":"Portada","item":"https:\/\/fundacion-biodiversidad.es\/en\/inicio\/"},{"@type":"ListItem","position":2,"name":"Noticias de actualidad","item":"https:\/\/fundacion-biodiversidad.es\/en\/actualidad_home\/"},{"@type":"ListItem","position":3,"name":"World Summit on Biodiversity begins"}]},{"@type":"WebSite","@id":"https:\/\/fundacion-biodiversidad.es\/en\/#website","url":"https:\/\/fundacion-biodiversidad.es\/en\/","name":"Fundaci\u00f3n Biodiversidad","description":"Fundaci\u00f3n p\u00fablica adscrita al Ministerio para la Transici\u00f3n Ecol\u00f3gica","potentialAction":[{"@type":"SearchAction","target":{"@type":"EntryPoint","urlTemplate":"https:\/\/fundacion-biodiversidad.es\/en\/?s={search_term_string}"},"query-input":{"@type":"PropertyValueSpecification","valueRequired":true,"valueName":"search_term_string"}}],"inLanguage":"en-US"}]}},"_links":{"self":[{"href":"https:\/\/fundacion-biodiversidad.es\/en\/wp-json\/wp\/v2\/actualidad_home\/97858344","targetHints":{"allow":["GET"]}}],"collection":[{"href":"https:\/\/fundacion-biodiversidad.es\/en\/wp-json\/wp\/v2\/actualidad_home"}],"about":[{"href":"https:\/\/fundacion-biodiversidad.es\/en\/wp-json\/wp\/v2\/types\/actualidad_home"}],"author":[{"embeddable":true,"href":"https:\/\/fundacion-biodiversidad.es\/en\/wp-json\/wp\/v2\/users\/11"}],"wp:featuredmedia":[{"embeddable":true,"href":"https:\/\/fundacion-biodiversidad.es\/en\/wp-json\/wp\/v2\/media\/35947"}],"wp:attachment":[{"href":"https:\/\/fundacion-biodiversidad.es\/en\/wp-json\/wp\/v2\/media?parent=97858344"}],"wp:term":[{"taxonomy":"palabras_clave","embeddable":true,"href":"https:\/\/fundacion-biodiversidad.es\/en\/wp-json\/wp\/v2\/palabras_clave?post=97858344"}],"curies":[{"name":"wp","href":"https:\/\/api.w.org\/{rel}","templated":true}]}}