{"id":97858347,"date":"2018-11-06T14:27:29","date_gmt":"2018-11-06T13:27:29","guid":{"rendered":"https:\/\/fundacion-biodiversidad.es\/actualidad_home\/we-participate-in-the-debate-on-the-role-of-universities-in-the-face-of-climate-change\/"},"modified":"2018-11-06T14:27:29","modified_gmt":"2018-11-06T13:27:29","slug":"we-participate-in-the-debate-on-the-role-of-universities-in-the-face-of-climate-change","status":"publish","type":"actualidad_home","link":"https:\/\/fundacion-biodiversidad.es\/en\/actualidad_home\/we-participate-in-the-debate-on-the-role-of-universities-in-the-face-of-climate-change\/","title":{"rendered":"We participate in the debate on the role of universities in the face of climate change"},"content":{"rendered":"<p>The course is part of the set of training actions of the LIFE SHARA project of Awareness and Knowledge for Adaptation to Climate Change.<br \/>\n<!--more--><\/p>\n<p><strong>The acting rector of the UNED<\/strong>, <strong>Ricardo Mairal Us\u00f3n, <\/strong>presided over the opening ceremony of the conference <a href=\"http:\/\/portal.uned.es\/pls\/portal\/docs\/PAGE\/UNED_MAIN\/LAUNIVERSIDAD\/UBICACIONES\/03\/SHARA_UNIVERSIDADES_DEF.PDF\"><strong><em>The university in the face of climate change<\/em><\/strong><\/a>, accompanied by the representatives of the two institutions that co-organize the event: <strong>Santiago Garc\u00eda Granda, president of the <\/strong><a href=\"http:\/\/www.crue.org\/SitePages\/Crue-Sostenibilidad.aspx\"><strong>CRUE-Sustainability sectoral commission<\/strong><\/a><strong> and rector of the University of Oviedo<\/strong>, and <strong>Sonia Casta\u00f1eda Rial.  director of the <\/strong><a href=\"https:\/\/fundacion-biodiversidad.es\/en\/\"><strong>Biodiversity Foundation<\/strong><\/a><strong> of the Ministry for Ecological Transition<\/strong>. The course is part of the set of training actions of the <a href=\"http:\/\/lifeshara.es\/\"><strong>LIFE SHARA project<\/strong><\/a> of Awareness and Knowledge for Adaptation to Climate Change.  The event was attended by the <strong>director of the course, the deputy vice-rector for Methodological Design and Innovation of the UNED, <\/strong><a href=\"http:\/\/portal.uned.es\/portal\/page?_pageid=93,688354&amp;_dad=portal&amp;_schema=PORTAL\"><strong>Mar\u00eda Jos\u00e9 Bautista-Cerro Ruiz<\/strong><\/a>. In parallel to the training day, it was possible to visit the <strong>exhibition on adaptation to climate change<\/strong>, which is shown in the<em> hall<\/em> on the first floor of the Faculty of Education. <\/p>\n<p>The course, aimed at university teaching staff in general and political and technical representatives linked to management at the university, aims to <strong>provide an overview of the current situation of climate change and address different issues related to the role of teachers in the face of it<\/strong>, such as what is being done and what else can be done.  what should be the role of trainers and what are the challenges they face and whether the university is up to the global challenge of climate change. At the same time, adapted and contextualized work strategies will be sought. <\/p>\n<p>The day <strong>consists of a face-to-face part and an <em>online<\/em> part<\/strong>, lasting eight hours. The first will take place today and will consist of the presentation <em>An overview of climate change: the international and national context<\/em> by <strong>M\u00f3nica S\u00e1nchez, representative of the Spanish Office for Climate Change (OECC),<\/strong> three information panels and a group work session. The completion of the complete course will entitle you to a certificate of educational achievement issued by the UNED with the recognition of 1 credit.  <\/p>\n<p><strong>Do you want to know more about our climate change adaptation projects?<\/strong><\/p>\n<p>Check out our website&nbsp;<a href=\"http:\/\/www.lifeshara.com\/\" target=\"_blank\" rel=\"noopener\">http:\/\/www.lifeshara.com\/<\/a> to access all project information. You can also follow us on <a href=\"https:\/\/twitter.com\/FBiodiversidad\">Twitter<\/a> where through the <strong>hashtag #LIFESHARA and #Adaptaci\u00f3nCC<\/strong>, we keep you informed of all the news and actions. <\/p>\n<p>To keep up to date with the latest developments in the project, <strong>we recommend that you subscribe to the <\/strong><a href=\"http:\/\/www.adaptecca.es\/\" target=\"_blank\" rel=\"noopener\">AdapteCCa<\/a> newsletter (Platform for the exchange and consultation of information on adaptation to climate change in Spain), or subscribe to <a href=\"http:\/\/www.lifeshara.com\/es\/prensa\/boletin\" target=\"_blank\" rel=\"noopener\">our newsletter<\/a> with the <strong>most outstanding news and developments on adaptation to climate change<\/strong>.<\/p>\n<p>&nbsp;<\/p>\n","protected":false},"author":11,"featured_media":35940,"template":"","meta":{"_acf_changed":false},"palabras_clave":[],"class_list":["post-97858347","actualidad_home","type-actualidad_home","status-publish","has-post-thumbnail","hentry"],"acf":[],"yoast_head":"<!-- This site is optimized with the Yoast SEO plugin v26.9 - https:\/\/yoast.com\/product\/yoast-seo-wordpress\/ -->\n<title>We participate in the debate on the role of universities in the face of climate change - Fundaci\u00f3n Biodiversidad<\/title>\n<meta name=\"robots\" content=\"index, follow, max-snippet:-1, max-image-preview:large, max-video-preview:-1\" \/>\n<link rel=\"canonical\" href=\"https:\/\/fundacion-biodiversidad.es\/en\/actualidad_home\/we-participate-in-the-debate-on-the-role-of-universities-in-the-face-of-climate-change\/\" \/>\n<meta property=\"og:locale\" content=\"en_US\" \/>\n<meta property=\"og:type\" content=\"article\" \/>\n<meta property=\"og:title\" content=\"We participate in the debate on the role of universities in the face of climate change - Fundaci\u00f3n Biodiversidad\" \/>\n<meta property=\"og:description\" content=\"The course is part of the set of training actions of the LIFE SHARA project of Awareness and Knowledge for Adaptation to Climate Change.\" \/>\n<meta property=\"og:url\" content=\"https:\/\/fundacion-biodiversidad.es\/en\/actualidad_home\/we-participate-in-the-debate-on-the-role-of-universities-in-the-face-of-climate-change\/\" \/>\n<meta property=\"og:site_name\" content=\"Fundaci\u00f3n Biodiversidad\" \/>\n<meta property=\"og:image\" content=\"https:\/\/fundacion-biodiversidad.es\/wp-content\/uploads\/2023\/01\/2487661294_35330241_720x405.png\" \/>\n\t<meta property=\"og:image:width\" content=\"720\" \/>\n\t<meta property=\"og:image:height\" content=\"405\" \/>\n\t<meta property=\"og:image:type\" content=\"image\/png\" \/>\n<meta name=\"twitter:card\" content=\"summary_large_image\" \/>\n<meta name=\"twitter:label1\" content=\"Est. reading time\" \/>\n\t<meta name=\"twitter:data1\" content=\"2 minutes\" \/>\n<script type=\"application\/ld+json\" class=\"yoast-schema-graph\">{\"@context\":\"https:\/\/schema.org\",\"@graph\":[{\"@type\":\"WebPage\",\"@id\":\"https:\/\/fundacion-biodiversidad.es\/en\/actualidad_home\/we-participate-in-the-debate-on-the-role-of-universities-in-the-face-of-climate-change\/\",\"url\":\"https:\/\/fundacion-biodiversidad.es\/en\/actualidad_home\/we-participate-in-the-debate-on-the-role-of-universities-in-the-face-of-climate-change\/\",\"name\":\"We participate in the debate on the role of universities in the face of climate change - Fundaci\u00f3n Biodiversidad\",\"isPartOf\":{\"@id\":\"https:\/\/fundacion-biodiversidad.es\/en\/#website\"},\"primaryImageOfPage\":{\"@id\":\"https:\/\/fundacion-biodiversidad.es\/en\/actualidad_home\/we-participate-in-the-debate-on-the-role-of-universities-in-the-face-of-climate-change\/#primaryimage\"},\"image\":{\"@id\":\"https:\/\/fundacion-biodiversidad.es\/en\/actualidad_home\/we-participate-in-the-debate-on-the-role-of-universities-in-the-face-of-climate-change\/#primaryimage\"},\"thumbnailUrl\":\"https:\/\/fundacion-biodiversidad.es\/wp-content\/uploads\/2018\/11\/jornada-la-universidad-ante-el-cambio-climatico-life-shara.jpg\",\"datePublished\":\"2018-11-06T13:27:29+00:00\",\"breadcrumb\":{\"@id\":\"https:\/\/fundacion-biodiversidad.es\/en\/actualidad_home\/we-participate-in-the-debate-on-the-role-of-universities-in-the-face-of-climate-change\/#breadcrumb\"},\"inLanguage\":\"en-US\",\"potentialAction\":[{\"@type\":\"ReadAction\",\"target\":[\"https:\/\/fundacion-biodiversidad.es\/en\/actualidad_home\/we-participate-in-the-debate-on-the-role-of-universities-in-the-face-of-climate-change\/\"]}]},{\"@type\":\"ImageObject\",\"inLanguage\":\"en-US\",\"@id\":\"https:\/\/fundacion-biodiversidad.es\/en\/actualidad_home\/we-participate-in-the-debate-on-the-role-of-universities-in-the-face-of-climate-change\/#primaryimage\",\"url\":\"https:\/\/fundacion-biodiversidad.es\/wp-content\/uploads\/2018\/11\/jornada-la-universidad-ante-el-cambio-climatico-life-shara.jpg\",\"contentUrl\":\"https:\/\/fundacion-biodiversidad.es\/wp-content\/uploads\/2018\/11\/jornada-la-universidad-ante-el-cambio-climatico-life-shara.jpg\",\"width\":2048,\"height\":1365},{\"@type\":\"BreadcrumbList\",\"@id\":\"https:\/\/fundacion-biodiversidad.es\/en\/actualidad_home\/we-participate-in-the-debate-on-the-role-of-universities-in-the-face-of-climate-change\/#breadcrumb\",\"itemListElement\":[{\"@type\":\"ListItem\",\"position\":1,\"name\":\"Portada\",\"item\":\"https:\/\/fundacion-biodiversidad.es\/en\/inicio\/\"},{\"@type\":\"ListItem\",\"position\":2,\"name\":\"Noticias de actualidad\",\"item\":\"https:\/\/fundacion-biodiversidad.es\/en\/actualidad_home\/\"},{\"@type\":\"ListItem\",\"position\":3,\"name\":\"We participate in the debate on the role of universities in the face of climate change\"}]},{\"@type\":\"WebSite\",\"@id\":\"https:\/\/fundacion-biodiversidad.es\/en\/#website\",\"url\":\"https:\/\/fundacion-biodiversidad.es\/en\/\",\"name\":\"Fundaci\u00f3n Biodiversidad\",\"description\":\"Fundaci\u00f3n p\u00fablica adscrita al Ministerio para la Transici\u00f3n Ecol\u00f3gica\",\"potentialAction\":[{\"@type\":\"SearchAction\",\"target\":{\"@type\":\"EntryPoint\",\"urlTemplate\":\"https:\/\/fundacion-biodiversidad.es\/en\/?s={search_term_string}\"},\"query-input\":{\"@type\":\"PropertyValueSpecification\",\"valueRequired\":true,\"valueName\":\"search_term_string\"}}],\"inLanguage\":\"en-US\"}]}<\/script>\n<!-- \/ Yoast SEO plugin. -->","yoast_head_json":{"title":"We participate in the debate on the role of universities in the face of climate change - Fundaci\u00f3n Biodiversidad","robots":{"index":"index","follow":"follow","max-snippet":"max-snippet:-1","max-image-preview":"max-image-preview:large","max-video-preview":"max-video-preview:-1"},"canonical":"https:\/\/fundacion-biodiversidad.es\/en\/actualidad_home\/we-participate-in-the-debate-on-the-role-of-universities-in-the-face-of-climate-change\/","og_locale":"en_US","og_type":"article","og_title":"We participate in the debate on the role of universities in the face of climate change - Fundaci\u00f3n Biodiversidad","og_description":"The course is part of the set of training actions of the LIFE SHARA project of Awareness and Knowledge for Adaptation to Climate Change.","og_url":"https:\/\/fundacion-biodiversidad.es\/en\/actualidad_home\/we-participate-in-the-debate-on-the-role-of-universities-in-the-face-of-climate-change\/","og_site_name":"Fundaci\u00f3n Biodiversidad","og_image":[{"width":720,"height":405,"url":"https:\/\/fundacion-biodiversidad.es\/wp-content\/uploads\/2023\/01\/2487661294_35330241_720x405.png","type":"image\/png"}],"twitter_card":"summary_large_image","twitter_misc":{"Est. reading time":"2 minutes"},"schema":{"@context":"https:\/\/schema.org","@graph":[{"@type":"WebPage","@id":"https:\/\/fundacion-biodiversidad.es\/en\/actualidad_home\/we-participate-in-the-debate-on-the-role-of-universities-in-the-face-of-climate-change\/","url":"https:\/\/fundacion-biodiversidad.es\/en\/actualidad_home\/we-participate-in-the-debate-on-the-role-of-universities-in-the-face-of-climate-change\/","name":"We participate in the debate on the role of universities in the face of climate change - Fundaci\u00f3n Biodiversidad","isPartOf":{"@id":"https:\/\/fundacion-biodiversidad.es\/en\/#website"},"primaryImageOfPage":{"@id":"https:\/\/fundacion-biodiversidad.es\/en\/actualidad_home\/we-participate-in-the-debate-on-the-role-of-universities-in-the-face-of-climate-change\/#primaryimage"},"image":{"@id":"https:\/\/fundacion-biodiversidad.es\/en\/actualidad_home\/we-participate-in-the-debate-on-the-role-of-universities-in-the-face-of-climate-change\/#primaryimage"},"thumbnailUrl":"https:\/\/fundacion-biodiversidad.es\/wp-content\/uploads\/2018\/11\/jornada-la-universidad-ante-el-cambio-climatico-life-shara.jpg","datePublished":"2018-11-06T13:27:29+00:00","breadcrumb":{"@id":"https:\/\/fundacion-biodiversidad.es\/en\/actualidad_home\/we-participate-in-the-debate-on-the-role-of-universities-in-the-face-of-climate-change\/#breadcrumb"},"inLanguage":"en-US","potentialAction":[{"@type":"ReadAction","target":["https:\/\/fundacion-biodiversidad.es\/en\/actualidad_home\/we-participate-in-the-debate-on-the-role-of-universities-in-the-face-of-climate-change\/"]}]},{"@type":"ImageObject","inLanguage":"en-US","@id":"https:\/\/fundacion-biodiversidad.es\/en\/actualidad_home\/we-participate-in-the-debate-on-the-role-of-universities-in-the-face-of-climate-change\/#primaryimage","url":"https:\/\/fundacion-biodiversidad.es\/wp-content\/uploads\/2018\/11\/jornada-la-universidad-ante-el-cambio-climatico-life-shara.jpg","contentUrl":"https:\/\/fundacion-biodiversidad.es\/wp-content\/uploads\/2018\/11\/jornada-la-universidad-ante-el-cambio-climatico-life-shara.jpg","width":2048,"height":1365},{"@type":"BreadcrumbList","@id":"https:\/\/fundacion-biodiversidad.es\/en\/actualidad_home\/we-participate-in-the-debate-on-the-role-of-universities-in-the-face-of-climate-change\/#breadcrumb","itemListElement":[{"@type":"ListItem","position":1,"name":"Portada","item":"https:\/\/fundacion-biodiversidad.es\/en\/inicio\/"},{"@type":"ListItem","position":2,"name":"Noticias de actualidad","item":"https:\/\/fundacion-biodiversidad.es\/en\/actualidad_home\/"},{"@type":"ListItem","position":3,"name":"We participate in the debate on the role of universities in the face of climate change"}]},{"@type":"WebSite","@id":"https:\/\/fundacion-biodiversidad.es\/en\/#website","url":"https:\/\/fundacion-biodiversidad.es\/en\/","name":"Fundaci\u00f3n Biodiversidad","description":"Fundaci\u00f3n p\u00fablica adscrita al Ministerio para la Transici\u00f3n Ecol\u00f3gica","potentialAction":[{"@type":"SearchAction","target":{"@type":"EntryPoint","urlTemplate":"https:\/\/fundacion-biodiversidad.es\/en\/?s={search_term_string}"},"query-input":{"@type":"PropertyValueSpecification","valueRequired":true,"valueName":"search_term_string"}}],"inLanguage":"en-US"}]}},"_links":{"self":[{"href":"https:\/\/fundacion-biodiversidad.es\/en\/wp-json\/wp\/v2\/actualidad_home\/97858347","targetHints":{"allow":["GET"]}}],"collection":[{"href":"https:\/\/fundacion-biodiversidad.es\/en\/wp-json\/wp\/v2\/actualidad_home"}],"about":[{"href":"https:\/\/fundacion-biodiversidad.es\/en\/wp-json\/wp\/v2\/types\/actualidad_home"}],"author":[{"embeddable":true,"href":"https:\/\/fundacion-biodiversidad.es\/en\/wp-json\/wp\/v2\/users\/11"}],"wp:featuredmedia":[{"embeddable":true,"href":"https:\/\/fundacion-biodiversidad.es\/en\/wp-json\/wp\/v2\/media\/35940"}],"wp:attachment":[{"href":"https:\/\/fundacion-biodiversidad.es\/en\/wp-json\/wp\/v2\/media?parent=97858347"}],"wp:term":[{"taxonomy":"palabras_clave","embeddable":true,"href":"https:\/\/fundacion-biodiversidad.es\/en\/wp-json\/wp\/v2\/palabras_clave?post=97858347"}],"curies":[{"name":"wp","href":"https:\/\/api.w.org\/{rel}","templated":true}]}}