{"id":97858348,"date":"2018-11-15T15:17:19","date_gmt":"2018-11-15T14:17:19","guid":{"rendered":"https:\/\/fundacion-biodiversidad.es\/actualidad_home\/introducing-the-ecological-restoration-toolkit\/"},"modified":"2018-11-15T15:17:19","modified_gmt":"2018-11-15T14:17:19","slug":"introducing-the-ecological-restoration-toolkit","status":"publish","type":"actualidad_home","link":"https:\/\/fundacion-biodiversidad.es\/en\/actualidad_home\/introducing-the-ecological-restoration-toolkit\/","title":{"rendered":"Introducing the Ecological Restoration Toolkit"},"content":{"rendered":"<p>During the Conference of the Parties to the Convention on Biological Diversity that is being held in Sharm El-Sheikh, Egypt, the Director General of Biodiversity and Environmental Quality, Javier Cach\u00f3n, has officially presented the Practical Guide to Ecological Restoration, which aims to be a tool for the implementation of the future State Strategy for Green Infrastructure, Connectivity and Ecological Restoration. This document <a href=\"https:\/\/fundacion-biodiversidad.es\/wp-content\/uploads\/2018\/11\/18.11.15_participacion_miteco_en_business_forum_en_cop14_0.pdf\" target=\"_blank\" rel=\"noopener\">arises from the Spanish Business and Biodiversity Initiative, one of the important commitments that the Ministry for Ecological Transition has to<\/a> promote the integration of biodiversity in the business sector. <\/p>\n<p>As an example of an outstanding example of public-private collaboration that aims to advance in this direction, the work of the Spanish Business and Biodiversity Initiative, coordinated by the Biodiversity Foundation and which works with 22 large companies and important business and conservation entities to integrate biodiversity into the business sector, has been highlighted.<\/p>\n<p>Since 2013, this initiative has sought to improve the consideration of biodiversity in business strategies and has served as a platform to highlight business examples that reflect this commitment. Likewise, this coalition has allowed collaboration in specific conservation projects, demonstrating that alliances between the company and the administration can lead to attractive formulas for both parties, which help to develop national commitments in the conservation of biodiversity. <\/p>\n<p>In line with the main theme of the Conference, this Practical Guide to Ecological Restoration has been officially presented, which reflects the usefulness of the partnership between companies and the administration, to achieve consensual solutions to common problems. The document aspires to be a tool that contributes to the implementation of the future State Strategy for Green Infrastructure, and Ecological Connectivity and Restoration. As a collaborative effort and with the participation of more than 100 people, it aims to provide a methodology of ecological restoration for the restorations of natural capital in Spain.  <\/p>\n<p>The Business and Biodiversity Forum has brought together more than 300 representatives from the business world to support the paradigm shift towards a society that incorporates sustainability criteria into its economic and production model.<\/p>\n<p><span style=\"font-size:14.0pt; font-family:\"Arial Narrow\",\"sans-serif\"\"><o:p><\/o:p><\/span><\/p>\n<p>&nbsp;<\/p>\n<p><span style=\"font-size:14.0pt; font-family:\"Arial Narrow\",\"sans-serif\"\"><o:p><\/o:p><\/span><\/p>\n","protected":false},"author":11,"featured_media":35944,"template":"","meta":{"_acf_changed":false},"palabras_clave":[479,448,481],"class_list":["post-97858348","actualidad_home","type-actualidad_home","status-publish","has-post-thumbnail","hentry","palabras_clave-cop","palabras_clave-guia","palabras_clave-restauracion-ecologica"],"acf":[],"yoast_head":"<!-- This site is optimized with the Yoast SEO plugin v26.9 - https:\/\/yoast.com\/product\/yoast-seo-wordpress\/ -->\n<title>Introducing the Ecological Restoration Toolkit - Fundaci\u00f3n Biodiversidad<\/title>\n<meta name=\"robots\" content=\"index, follow, max-snippet:-1, max-image-preview:large, max-video-preview:-1\" \/>\n<link rel=\"canonical\" href=\"https:\/\/fundacion-biodiversidad.es\/en\/actualidad_home\/introducing-the-ecological-restoration-toolkit\/\" \/>\n<meta property=\"og:locale\" content=\"en_US\" \/>\n<meta property=\"og:type\" content=\"article\" \/>\n<meta property=\"og:title\" content=\"Introducing the Ecological Restoration Toolkit - Fundaci\u00f3n Biodiversidad\" \/>\n<meta property=\"og:description\" content=\"During the Conference of the Parties to the Convention on Biological Diversity that is being held in Sharm El-Sheikh, Egypt, the Director General of Biodiversity [&hellip;]\" \/>\n<meta property=\"og:url\" content=\"https:\/\/fundacion-biodiversidad.es\/en\/actualidad_home\/introducing-the-ecological-restoration-toolkit\/\" \/>\n<meta property=\"og:site_name\" content=\"Fundaci\u00f3n Biodiversidad\" \/>\n<meta property=\"og:image\" content=\"https:\/\/fundacion-biodiversidad.es\/wp-content\/uploads\/2023\/01\/2487661294_35330241_720x405.png\" \/>\n\t<meta property=\"og:image:width\" content=\"720\" \/>\n\t<meta property=\"og:image:height\" content=\"405\" \/>\n\t<meta property=\"og:image:type\" content=\"image\/png\" \/>\n<meta name=\"twitter:card\" content=\"summary_large_image\" \/>\n<meta name=\"twitter:label1\" content=\"Est. reading time\" \/>\n\t<meta name=\"twitter:data1\" content=\"2 minutes\" \/>\n<script type=\"application\/ld+json\" class=\"yoast-schema-graph\">{\"@context\":\"https:\/\/schema.org\",\"@graph\":[{\"@type\":\"WebPage\",\"@id\":\"https:\/\/fundacion-biodiversidad.es\/en\/actualidad_home\/introducing-the-ecological-restoration-toolkit\/\",\"url\":\"https:\/\/fundacion-biodiversidad.es\/en\/actualidad_home\/introducing-the-ecological-restoration-toolkit\/\",\"name\":\"Introducing the Ecological Restoration Toolkit - Fundaci\u00f3n Biodiversidad\",\"isPartOf\":{\"@id\":\"https:\/\/fundacion-biodiversidad.es\/en\/#website\"},\"primaryImageOfPage\":{\"@id\":\"https:\/\/fundacion-biodiversidad.es\/en\/actualidad_home\/introducing-the-ecological-restoration-toolkit\/#primaryimage\"},\"image\":{\"@id\":\"https:\/\/fundacion-biodiversidad.es\/en\/actualidad_home\/introducing-the-ecological-restoration-toolkit\/#primaryimage\"},\"thumbnailUrl\":\"https:\/\/fundacion-biodiversidad.es\/wp-content\/uploads\/2018\/11\/16112018_cachon_bf.jpg\",\"datePublished\":\"2018-11-15T14:17:19+00:00\",\"breadcrumb\":{\"@id\":\"https:\/\/fundacion-biodiversidad.es\/en\/actualidad_home\/introducing-the-ecological-restoration-toolkit\/#breadcrumb\"},\"inLanguage\":\"en-US\",\"potentialAction\":[{\"@type\":\"ReadAction\",\"target\":[\"https:\/\/fundacion-biodiversidad.es\/en\/actualidad_home\/introducing-the-ecological-restoration-toolkit\/\"]}]},{\"@type\":\"ImageObject\",\"inLanguage\":\"en-US\",\"@id\":\"https:\/\/fundacion-biodiversidad.es\/en\/actualidad_home\/introducing-the-ecological-restoration-toolkit\/#primaryimage\",\"url\":\"https:\/\/fundacion-biodiversidad.es\/wp-content\/uploads\/2018\/11\/16112018_cachon_bf.jpg\",\"contentUrl\":\"https:\/\/fundacion-biodiversidad.es\/wp-content\/uploads\/2018\/11\/16112018_cachon_bf.jpg\",\"width\":1440,\"height\":1080},{\"@type\":\"BreadcrumbList\",\"@id\":\"https:\/\/fundacion-biodiversidad.es\/en\/actualidad_home\/introducing-the-ecological-restoration-toolkit\/#breadcrumb\",\"itemListElement\":[{\"@type\":\"ListItem\",\"position\":1,\"name\":\"Portada\",\"item\":\"https:\/\/fundacion-biodiversidad.es\/en\/inicio\/\"},{\"@type\":\"ListItem\",\"position\":2,\"name\":\"Noticias de actualidad\",\"item\":\"https:\/\/fundacion-biodiversidad.es\/en\/actualidad_home\/\"},{\"@type\":\"ListItem\",\"position\":3,\"name\":\"Introducing the Ecological Restoration Toolkit\"}]},{\"@type\":\"WebSite\",\"@id\":\"https:\/\/fundacion-biodiversidad.es\/en\/#website\",\"url\":\"https:\/\/fundacion-biodiversidad.es\/en\/\",\"name\":\"Fundaci\u00f3n Biodiversidad\",\"description\":\"Fundaci\u00f3n p\u00fablica adscrita al Ministerio para la Transici\u00f3n Ecol\u00f3gica\",\"potentialAction\":[{\"@type\":\"SearchAction\",\"target\":{\"@type\":\"EntryPoint\",\"urlTemplate\":\"https:\/\/fundacion-biodiversidad.es\/en\/?s={search_term_string}\"},\"query-input\":{\"@type\":\"PropertyValueSpecification\",\"valueRequired\":true,\"valueName\":\"search_term_string\"}}],\"inLanguage\":\"en-US\"}]}<\/script>\n<!-- \/ Yoast SEO plugin. -->","yoast_head_json":{"title":"Introducing the Ecological Restoration Toolkit - Fundaci\u00f3n Biodiversidad","robots":{"index":"index","follow":"follow","max-snippet":"max-snippet:-1","max-image-preview":"max-image-preview:large","max-video-preview":"max-video-preview:-1"},"canonical":"https:\/\/fundacion-biodiversidad.es\/en\/actualidad_home\/introducing-the-ecological-restoration-toolkit\/","og_locale":"en_US","og_type":"article","og_title":"Introducing the Ecological Restoration Toolkit - Fundaci\u00f3n Biodiversidad","og_description":"During the Conference of the Parties to the Convention on Biological Diversity that is being held in Sharm El-Sheikh, Egypt, the Director General of Biodiversity [&hellip;]","og_url":"https:\/\/fundacion-biodiversidad.es\/en\/actualidad_home\/introducing-the-ecological-restoration-toolkit\/","og_site_name":"Fundaci\u00f3n Biodiversidad","og_image":[{"width":720,"height":405,"url":"https:\/\/fundacion-biodiversidad.es\/wp-content\/uploads\/2023\/01\/2487661294_35330241_720x405.png","type":"image\/png"}],"twitter_card":"summary_large_image","twitter_misc":{"Est. reading time":"2 minutes"},"schema":{"@context":"https:\/\/schema.org","@graph":[{"@type":"WebPage","@id":"https:\/\/fundacion-biodiversidad.es\/en\/actualidad_home\/introducing-the-ecological-restoration-toolkit\/","url":"https:\/\/fundacion-biodiversidad.es\/en\/actualidad_home\/introducing-the-ecological-restoration-toolkit\/","name":"Introducing the Ecological Restoration Toolkit - Fundaci\u00f3n Biodiversidad","isPartOf":{"@id":"https:\/\/fundacion-biodiversidad.es\/en\/#website"},"primaryImageOfPage":{"@id":"https:\/\/fundacion-biodiversidad.es\/en\/actualidad_home\/introducing-the-ecological-restoration-toolkit\/#primaryimage"},"image":{"@id":"https:\/\/fundacion-biodiversidad.es\/en\/actualidad_home\/introducing-the-ecological-restoration-toolkit\/#primaryimage"},"thumbnailUrl":"https:\/\/fundacion-biodiversidad.es\/wp-content\/uploads\/2018\/11\/16112018_cachon_bf.jpg","datePublished":"2018-11-15T14:17:19+00:00","breadcrumb":{"@id":"https:\/\/fundacion-biodiversidad.es\/en\/actualidad_home\/introducing-the-ecological-restoration-toolkit\/#breadcrumb"},"inLanguage":"en-US","potentialAction":[{"@type":"ReadAction","target":["https:\/\/fundacion-biodiversidad.es\/en\/actualidad_home\/introducing-the-ecological-restoration-toolkit\/"]}]},{"@type":"ImageObject","inLanguage":"en-US","@id":"https:\/\/fundacion-biodiversidad.es\/en\/actualidad_home\/introducing-the-ecological-restoration-toolkit\/#primaryimage","url":"https:\/\/fundacion-biodiversidad.es\/wp-content\/uploads\/2018\/11\/16112018_cachon_bf.jpg","contentUrl":"https:\/\/fundacion-biodiversidad.es\/wp-content\/uploads\/2018\/11\/16112018_cachon_bf.jpg","width":1440,"height":1080},{"@type":"BreadcrumbList","@id":"https:\/\/fundacion-biodiversidad.es\/en\/actualidad_home\/introducing-the-ecological-restoration-toolkit\/#breadcrumb","itemListElement":[{"@type":"ListItem","position":1,"name":"Portada","item":"https:\/\/fundacion-biodiversidad.es\/en\/inicio\/"},{"@type":"ListItem","position":2,"name":"Noticias de actualidad","item":"https:\/\/fundacion-biodiversidad.es\/en\/actualidad_home\/"},{"@type":"ListItem","position":3,"name":"Introducing the Ecological Restoration Toolkit"}]},{"@type":"WebSite","@id":"https:\/\/fundacion-biodiversidad.es\/en\/#website","url":"https:\/\/fundacion-biodiversidad.es\/en\/","name":"Fundaci\u00f3n Biodiversidad","description":"Fundaci\u00f3n p\u00fablica adscrita al Ministerio para la Transici\u00f3n Ecol\u00f3gica","potentialAction":[{"@type":"SearchAction","target":{"@type":"EntryPoint","urlTemplate":"https:\/\/fundacion-biodiversidad.es\/en\/?s={search_term_string}"},"query-input":{"@type":"PropertyValueSpecification","valueRequired":true,"valueName":"search_term_string"}}],"inLanguage":"en-US"}]}},"_links":{"self":[{"href":"https:\/\/fundacion-biodiversidad.es\/en\/wp-json\/wp\/v2\/actualidad_home\/97858348","targetHints":{"allow":["GET"]}}],"collection":[{"href":"https:\/\/fundacion-biodiversidad.es\/en\/wp-json\/wp\/v2\/actualidad_home"}],"about":[{"href":"https:\/\/fundacion-biodiversidad.es\/en\/wp-json\/wp\/v2\/types\/actualidad_home"}],"author":[{"embeddable":true,"href":"https:\/\/fundacion-biodiversidad.es\/en\/wp-json\/wp\/v2\/users\/11"}],"wp:featuredmedia":[{"embeddable":true,"href":"https:\/\/fundacion-biodiversidad.es\/en\/wp-json\/wp\/v2\/media\/35944"}],"wp:attachment":[{"href":"https:\/\/fundacion-biodiversidad.es\/en\/wp-json\/wp\/v2\/media?parent=97858348"}],"wp:term":[{"taxonomy":"palabras_clave","embeddable":true,"href":"https:\/\/fundacion-biodiversidad.es\/en\/wp-json\/wp\/v2\/palabras_clave?post=97858348"}],"curies":[{"name":"wp","href":"https:\/\/api.w.org\/{rel}","templated":true}]}}