{"id":97858349,"date":"2018-11-06T10:27:32","date_gmt":"2018-11-06T09:27:32","guid":{"rendered":"https:\/\/fundacion-biodiversidad.es\/actualidad_home\/the-nobel-peace-prize-winner-will-mentor-emprendeverde-with-yunus-3zerosexperience\/"},"modified":"2018-11-06T10:27:32","modified_gmt":"2018-11-06T09:27:32","slug":"the-nobel-peace-prize-winner-will-mentor-emprendeverde-with-yunus-3zerosexperience","status":"publish","type":"actualidad_home","link":"https:\/\/fundacion-biodiversidad.es\/en\/actualidad_home\/the-nobel-peace-prize-winner-will-mentor-emprendeverde-with-yunus-3zerosexperience\/","title":{"rendered":"The Nobel Peace Prize winner will mentor Emprendeverde with Yunus #3ZerosExperience"},"content":{"rendered":"<p>It is a free program, co-financed by the European Social Fund, organized by the Red emprendeverde and Tandem Social. The objective of the program is to accelerate the development of the entrepreneurship project of the participants with positive environmental and social impact, in addition to participating in an integrative and personalized experience.<br \/>\n<!--more--><\/p>\n<p>If you want to start a business with a positive environmental and social impact and you are in a phase very close to the creation of your company, participate for free in the <a href=\"https:\/\/www.redemprendeverde.es\/pg\/news\/admin\/read\/67838\/%C2%A1Ap%C3%BAntate%20al%20programa%20Emprendeverde%20con%20Yunus#3ZerosExperience!\/\"><strong>Emprendeverde program with Yunus #3ZerosExperience<\/strong><\/a> and you will be able to accelerate the development of your project and participate in an integrative and personalized experience that will have several actions including transformative mentoring by Professor <a href=\"https:\/\/es.wikipedia.org\/wiki\/Muhammad_Yunus\">Muhammad Yunus<\/a>, Nobel Peace Prize winner and international benchmark in entrepreneurship with positive impact.<\/p>\n<p><strong>Emprendeverde con Yunus #3ZerosExperience is a free program<\/strong>, co-financed by the <a data-gtm-element=\"container-child-link\" href=\"http:\/\/ec.europa.eu\/esf\/home.jsp?langId=es\" rel=\"nofollow noopener\" target=\"_blank\">European Social Fund<\/a>, organized by the <a data-gtm-element=\"container-child-link\" href=\"https:\/\/www.redemprendeverde.es\/\" rel=\"nofollow noopener\" target=\"_blank\">Emprendeverde Network<\/a> and the <a data-gtm-element=\"container-child-link\" href=\"https:\/\/www.tandemsocial.coop\/\" rel=\"nofollow noopener\" target=\"_blank\">Social Tandem<\/a>. The objective of the program is to accelerate the development of the entrepreneurship project of the participants with positive environmental and social impact, in addition to participating in an integrative and personalized experience.<\/p>\n<p>The entrepreneurs will participate in several actions, including transformative mentoring by Professor Muhammad Yunus where they can learn about his 3Zeros theory, as well as training by experts in business creation, individualized accompaniment, networking sessions, dissemination on our part and being part of the ecosystem of the Red emprendeverde.<\/p>\n<p><b>Who can participate?<\/b><\/p>\n<p>The Emprendeverde con Yunus #3ZerosExperience program <strong>is aimed at 15 people<\/strong>, from all over Spain, with ideas and entrepreneurial will in the green and social fields. These entrepreneurs must be in a phase very close to the creation of their company in order to accelerate the development of their project and participate in an integrative and personalized experience. <\/p>\n<p>To participate in this program, interested parties must be selected after an evaluation process of their application. Those interested can consult the participation criteria<a data-gtm-element=\"container-child-link\" href=\"https:\/\/docs.google.com\/document\/d\/1MJ7m-NkR6MGPFKz1Wd_i8Axj26WtF4omOi4YeTOq-GA\/edit\" rel=\"nofollow noopener\" target=\"_blank\"> here<\/a> and you have time to &nbsp;<a data-gtm-element=\"container-child-link\" href=\"https:\/\/docs.google.com\/forms\/d\/e\/1FAIpQLSdty60wmWpjnJwoG60jU3R3WnpKDx3DOYGMx2jFQBvJ_e4Dyg\/viewform\" rel=\"nofollow noopener\" target=\"_blank\"><b>Sign up until November 8, 2018<\/b><\/a>.<\/p>\n<p>The development of the programme, which&nbsp;<b>will be held at our headquarters in <\/b><strong>Madrid<\/strong>, will consist of three face-to-face sessions on&nbsp;<b>November 15 and 16 and December 13<\/b>. Participation in the program is free and we cover the cost of accommodation for 4 nights in Madrid to be able to attend the conference. <\/p>\n","protected":false},"author":11,"featured_media":35939,"template":"","meta":{"_acf_changed":false},"palabras_clave":[],"class_list":["post-97858349","actualidad_home","type-actualidad_home","status-publish","has-post-thumbnail","hentry"],"acf":[],"yoast_head":"<!-- This site is optimized with the Yoast SEO plugin v26.9 - https:\/\/yoast.com\/product\/yoast-seo-wordpress\/ -->\n<title>The Nobel Peace Prize winner will mentor Emprendeverde with Yunus #3ZerosExperience - Fundaci\u00f3n Biodiversidad<\/title>\n<meta name=\"robots\" content=\"index, follow, max-snippet:-1, max-image-preview:large, max-video-preview:-1\" \/>\n<link rel=\"canonical\" href=\"https:\/\/fundacion-biodiversidad.es\/en\/actualidad_home\/the-nobel-peace-prize-winner-will-mentor-emprendeverde-with-yunus-3zerosexperience\/\" \/>\n<meta property=\"og:locale\" content=\"en_US\" \/>\n<meta property=\"og:type\" content=\"article\" \/>\n<meta property=\"og:title\" content=\"The Nobel Peace Prize winner will mentor Emprendeverde with Yunus #3ZerosExperience - Fundaci\u00f3n Biodiversidad\" \/>\n<meta property=\"og:description\" content=\"It is a free program, co-financed by the European Social Fund, organized by the Red emprendeverde and Tandem Social. The objective of the program is [&hellip;]\" \/>\n<meta property=\"og:url\" content=\"https:\/\/fundacion-biodiversidad.es\/en\/actualidad_home\/the-nobel-peace-prize-winner-will-mentor-emprendeverde-with-yunus-3zerosexperience\/\" \/>\n<meta property=\"og:site_name\" content=\"Fundaci\u00f3n Biodiversidad\" \/>\n<meta property=\"og:image\" content=\"https:\/\/fundacion-biodiversidad.es\/wp-content\/uploads\/2023\/01\/2487661294_35330241_720x405.png\" \/>\n\t<meta property=\"og:image:width\" content=\"720\" \/>\n\t<meta property=\"og:image:height\" content=\"405\" \/>\n\t<meta property=\"og:image:type\" content=\"image\/png\" \/>\n<meta name=\"twitter:card\" content=\"summary_large_image\" \/>\n<meta name=\"twitter:label1\" content=\"Est. reading time\" \/>\n\t<meta name=\"twitter:data1\" content=\"2 minutes\" \/>\n<script type=\"application\/ld+json\" class=\"yoast-schema-graph\">{\"@context\":\"https:\/\/schema.org\",\"@graph\":[{\"@type\":\"WebPage\",\"@id\":\"https:\/\/fundacion-biodiversidad.es\/en\/actualidad_home\/the-nobel-peace-prize-winner-will-mentor-emprendeverde-with-yunus-3zerosexperience\/\",\"url\":\"https:\/\/fundacion-biodiversidad.es\/en\/actualidad_home\/the-nobel-peace-prize-winner-will-mentor-emprendeverde-with-yunus-3zerosexperience\/\",\"name\":\"The Nobel Peace Prize winner will mentor Emprendeverde with Yunus #3ZerosExperience - Fundaci\u00f3n Biodiversidad\",\"isPartOf\":{\"@id\":\"https:\/\/fundacion-biodiversidad.es\/en\/#website\"},\"primaryImageOfPage\":{\"@id\":\"https:\/\/fundacion-biodiversidad.es\/en\/actualidad_home\/the-nobel-peace-prize-winner-will-mentor-emprendeverde-with-yunus-3zerosexperience\/#primaryimage\"},\"image\":{\"@id\":\"https:\/\/fundacion-biodiversidad.es\/en\/actualidad_home\/the-nobel-peace-prize-winner-will-mentor-emprendeverde-with-yunus-3zerosexperience\/#primaryimage\"},\"thumbnailUrl\":\"https:\/\/fundacion-biodiversidad.es\/wp-content\/uploads\/2018\/11\/yunus.fw_.png\",\"datePublished\":\"2018-11-06T09:27:32+00:00\",\"breadcrumb\":{\"@id\":\"https:\/\/fundacion-biodiversidad.es\/en\/actualidad_home\/the-nobel-peace-prize-winner-will-mentor-emprendeverde-with-yunus-3zerosexperience\/#breadcrumb\"},\"inLanguage\":\"en-US\",\"potentialAction\":[{\"@type\":\"ReadAction\",\"target\":[\"https:\/\/fundacion-biodiversidad.es\/en\/actualidad_home\/the-nobel-peace-prize-winner-will-mentor-emprendeverde-with-yunus-3zerosexperience\/\"]}]},{\"@type\":\"ImageObject\",\"inLanguage\":\"en-US\",\"@id\":\"https:\/\/fundacion-biodiversidad.es\/en\/actualidad_home\/the-nobel-peace-prize-winner-will-mentor-emprendeverde-with-yunus-3zerosexperience\/#primaryimage\",\"url\":\"https:\/\/fundacion-biodiversidad.es\/wp-content\/uploads\/2018\/11\/yunus.fw_.png\",\"contentUrl\":\"https:\/\/fundacion-biodiversidad.es\/wp-content\/uploads\/2018\/11\/yunus.fw_.png\",\"width\":747,\"height\":340},{\"@type\":\"BreadcrumbList\",\"@id\":\"https:\/\/fundacion-biodiversidad.es\/en\/actualidad_home\/the-nobel-peace-prize-winner-will-mentor-emprendeverde-with-yunus-3zerosexperience\/#breadcrumb\",\"itemListElement\":[{\"@type\":\"ListItem\",\"position\":1,\"name\":\"Portada\",\"item\":\"https:\/\/fundacion-biodiversidad.es\/en\/inicio\/\"},{\"@type\":\"ListItem\",\"position\":2,\"name\":\"Noticias de actualidad\",\"item\":\"https:\/\/fundacion-biodiversidad.es\/en\/actualidad_home\/\"},{\"@type\":\"ListItem\",\"position\":3,\"name\":\"The Nobel Peace Prize winner will mentor Emprendeverde with Yunus #3ZerosExperience\"}]},{\"@type\":\"WebSite\",\"@id\":\"https:\/\/fundacion-biodiversidad.es\/en\/#website\",\"url\":\"https:\/\/fundacion-biodiversidad.es\/en\/\",\"name\":\"Fundaci\u00f3n Biodiversidad\",\"description\":\"Fundaci\u00f3n p\u00fablica adscrita al Ministerio para la Transici\u00f3n Ecol\u00f3gica\",\"potentialAction\":[{\"@type\":\"SearchAction\",\"target\":{\"@type\":\"EntryPoint\",\"urlTemplate\":\"https:\/\/fundacion-biodiversidad.es\/en\/?s={search_term_string}\"},\"query-input\":{\"@type\":\"PropertyValueSpecification\",\"valueRequired\":true,\"valueName\":\"search_term_string\"}}],\"inLanguage\":\"en-US\"}]}<\/script>\n<!-- \/ Yoast SEO plugin. -->","yoast_head_json":{"title":"The Nobel Peace Prize winner will mentor Emprendeverde with Yunus #3ZerosExperience - Fundaci\u00f3n Biodiversidad","robots":{"index":"index","follow":"follow","max-snippet":"max-snippet:-1","max-image-preview":"max-image-preview:large","max-video-preview":"max-video-preview:-1"},"canonical":"https:\/\/fundacion-biodiversidad.es\/en\/actualidad_home\/the-nobel-peace-prize-winner-will-mentor-emprendeverde-with-yunus-3zerosexperience\/","og_locale":"en_US","og_type":"article","og_title":"The Nobel Peace Prize winner will mentor Emprendeverde with Yunus #3ZerosExperience - Fundaci\u00f3n Biodiversidad","og_description":"It is a free program, co-financed by the European Social Fund, organized by the Red emprendeverde and Tandem Social. The objective of the program is [&hellip;]","og_url":"https:\/\/fundacion-biodiversidad.es\/en\/actualidad_home\/the-nobel-peace-prize-winner-will-mentor-emprendeverde-with-yunus-3zerosexperience\/","og_site_name":"Fundaci\u00f3n Biodiversidad","og_image":[{"width":720,"height":405,"url":"https:\/\/fundacion-biodiversidad.es\/wp-content\/uploads\/2023\/01\/2487661294_35330241_720x405.png","type":"image\/png"}],"twitter_card":"summary_large_image","twitter_misc":{"Est. reading time":"2 minutes"},"schema":{"@context":"https:\/\/schema.org","@graph":[{"@type":"WebPage","@id":"https:\/\/fundacion-biodiversidad.es\/en\/actualidad_home\/the-nobel-peace-prize-winner-will-mentor-emprendeverde-with-yunus-3zerosexperience\/","url":"https:\/\/fundacion-biodiversidad.es\/en\/actualidad_home\/the-nobel-peace-prize-winner-will-mentor-emprendeverde-with-yunus-3zerosexperience\/","name":"The Nobel Peace Prize winner will mentor Emprendeverde with Yunus #3ZerosExperience - Fundaci\u00f3n Biodiversidad","isPartOf":{"@id":"https:\/\/fundacion-biodiversidad.es\/en\/#website"},"primaryImageOfPage":{"@id":"https:\/\/fundacion-biodiversidad.es\/en\/actualidad_home\/the-nobel-peace-prize-winner-will-mentor-emprendeverde-with-yunus-3zerosexperience\/#primaryimage"},"image":{"@id":"https:\/\/fundacion-biodiversidad.es\/en\/actualidad_home\/the-nobel-peace-prize-winner-will-mentor-emprendeverde-with-yunus-3zerosexperience\/#primaryimage"},"thumbnailUrl":"https:\/\/fundacion-biodiversidad.es\/wp-content\/uploads\/2018\/11\/yunus.fw_.png","datePublished":"2018-11-06T09:27:32+00:00","breadcrumb":{"@id":"https:\/\/fundacion-biodiversidad.es\/en\/actualidad_home\/the-nobel-peace-prize-winner-will-mentor-emprendeverde-with-yunus-3zerosexperience\/#breadcrumb"},"inLanguage":"en-US","potentialAction":[{"@type":"ReadAction","target":["https:\/\/fundacion-biodiversidad.es\/en\/actualidad_home\/the-nobel-peace-prize-winner-will-mentor-emprendeverde-with-yunus-3zerosexperience\/"]}]},{"@type":"ImageObject","inLanguage":"en-US","@id":"https:\/\/fundacion-biodiversidad.es\/en\/actualidad_home\/the-nobel-peace-prize-winner-will-mentor-emprendeverde-with-yunus-3zerosexperience\/#primaryimage","url":"https:\/\/fundacion-biodiversidad.es\/wp-content\/uploads\/2018\/11\/yunus.fw_.png","contentUrl":"https:\/\/fundacion-biodiversidad.es\/wp-content\/uploads\/2018\/11\/yunus.fw_.png","width":747,"height":340},{"@type":"BreadcrumbList","@id":"https:\/\/fundacion-biodiversidad.es\/en\/actualidad_home\/the-nobel-peace-prize-winner-will-mentor-emprendeverde-with-yunus-3zerosexperience\/#breadcrumb","itemListElement":[{"@type":"ListItem","position":1,"name":"Portada","item":"https:\/\/fundacion-biodiversidad.es\/en\/inicio\/"},{"@type":"ListItem","position":2,"name":"Noticias de actualidad","item":"https:\/\/fundacion-biodiversidad.es\/en\/actualidad_home\/"},{"@type":"ListItem","position":3,"name":"The Nobel Peace Prize winner will mentor Emprendeverde with Yunus #3ZerosExperience"}]},{"@type":"WebSite","@id":"https:\/\/fundacion-biodiversidad.es\/en\/#website","url":"https:\/\/fundacion-biodiversidad.es\/en\/","name":"Fundaci\u00f3n Biodiversidad","description":"Fundaci\u00f3n p\u00fablica adscrita al Ministerio para la Transici\u00f3n Ecol\u00f3gica","potentialAction":[{"@type":"SearchAction","target":{"@type":"EntryPoint","urlTemplate":"https:\/\/fundacion-biodiversidad.es\/en\/?s={search_term_string}"},"query-input":{"@type":"PropertyValueSpecification","valueRequired":true,"valueName":"search_term_string"}}],"inLanguage":"en-US"}]}},"_links":{"self":[{"href":"https:\/\/fundacion-biodiversidad.es\/en\/wp-json\/wp\/v2\/actualidad_home\/97858349","targetHints":{"allow":["GET"]}}],"collection":[{"href":"https:\/\/fundacion-biodiversidad.es\/en\/wp-json\/wp\/v2\/actualidad_home"}],"about":[{"href":"https:\/\/fundacion-biodiversidad.es\/en\/wp-json\/wp\/v2\/types\/actualidad_home"}],"author":[{"embeddable":true,"href":"https:\/\/fundacion-biodiversidad.es\/en\/wp-json\/wp\/v2\/users\/11"}],"wp:featuredmedia":[{"embeddable":true,"href":"https:\/\/fundacion-biodiversidad.es\/en\/wp-json\/wp\/v2\/media\/35939"}],"wp:attachment":[{"href":"https:\/\/fundacion-biodiversidad.es\/en\/wp-json\/wp\/v2\/media?parent=97858349"}],"wp:term":[{"taxonomy":"palabras_clave","embeddable":true,"href":"https:\/\/fundacion-biodiversidad.es\/en\/wp-json\/wp\/v2\/palabras_clave?post=97858349"}],"curies":[{"name":"wp","href":"https:\/\/api.w.org\/{rel}","templated":true}]}}