{"id":97858355,"date":"2018-10-25T11:50:41","date_gmt":"2018-10-25T09:50:41","guid":{"rendered":"https:\/\/fundacion-biodiversidad.es\/actualidad_home\/we-attended-the-international-forum-on-nature-conservation\/"},"modified":"2018-10-25T11:50:41","modified_gmt":"2018-10-25T09:50:41","slug":"we-attended-the-international-forum-on-nature-conservation","status":"publish","type":"actualidad_home","link":"https:\/\/fundacion-biodiversidad.es\/en\/actualidad_home\/we-attended-the-international-forum-on-nature-conservation\/","title":{"rendered":"We attended the International Forum on Nature Conservation"},"content":{"rendered":"<p>This event is the main annual meeting of CeIUCN, where the scope and fit of members&#8217; interests and activities into IUCN programmes and initiatives is discussed.<br \/>\n<!--more--><\/p>\n<p>We participated in the XIV Spanish Committee Nature Conservation Forum of the International Union for Conservation of Nature (CeIUCN), which is held in Tenerife. This event is the main annual meeting of CeIUCN, where the scope and fit of members&#8217; interests and activities into IUCN programmes and initiatives is discussed. <\/p>\n<p>One of the main focuses of attention is to address the problems of the external territories of the European Union. Undoubtedly, the Canary Islands is one of these enclaves, a unique space due to its rich biodiversity and its strategic importance for conservation. <\/p>\n<p>The aim of this forum is<strong> to actively contribute to the knowledge of the real state of nature on the islands, with a special focus on the threats that may endanger their conservation in the coming years, such as climate change or invasive species<\/strong>. At the same time, the 70th anniversary of IUCN is also celebrated. <\/p>\n<p><strong>The Biodiversity Foundation is a member of IUCN International and is a member of the Board of Directors of the Spanish Committee<\/strong>. Within the framework of this meeting, we have participated in the Board of Directors, the Assembly of Members and the Forum, sharing the challenges that lie ahead in terms of conservation and reviewing our 20 years of history, which we celebrate in 2018. <\/p>\n<p>At the Biodiversity Foundation <strong>we work and share the initiatives and work of the IUCN.<\/strong> Our goal is to protect and conserve natural heritage and biodiversity. We do this by channelling aid and funds for the development of projects by entities such as NGOs, research centres or universities. Also, directly executing projects.   <\/p>\n<p>In addition, we manage European funds and projects and, through our calls for grants, we can collaborate with more than 250 projects per year to conserve terrestrial and marine biodiversity, for climate change adaptation and mitigation, or to promote the green economy.<\/p>\n<p><strong>Do you want to know more about the projects of calls for grants?<\/strong><\/p>\n<p>You can follow our <a href=\"https:\/\/twitter.com\/FBiodiversidad\">Twitter<\/a> and <a href=\"https:\/\/www.facebook.com\/fundacionbiodiversidad\">Facebook<\/a> profiles, where we inform you of all the news and performances. And on our website you can find out about the projects we support through calls for grants, in the field of <a href=\"https:\/\/fundacion-biodiversidad.es\/biodiversidad-terrestre\/proyectos-de-convocatorias-de-ayudas\">terrestrial biodiversity<\/a>, <a href=\"https:\/\/fundacion-biodiversidad.es\/biodiversidad-marina-litoral\/proyectos-de-convocatorias-de-ayudas\">marine and coastal biodiversity<\/a>, and <a href=\"https:\/\/fundacion-biodiversidad.es\/cambio-climatico-calidad-ambiental\/proyectos-de-convocatorias-de-ayudas\">adaptation to climate change<\/a>. <\/p>\n","protected":false},"author":11,"featured_media":35936,"template":"","meta":{"_acf_changed":false},"palabras_clave":[],"class_list":["post-97858355","actualidad_home","type-actualidad_home","status-publish","has-post-thumbnail","hentry"],"acf":[],"yoast_head":"<!-- This site is optimized with the Yoast SEO plugin v26.9 - https:\/\/yoast.com\/product\/yoast-seo-wordpress\/ -->\n<title>We attended the International Forum on Nature Conservation - Fundaci\u00f3n Biodiversidad<\/title>\n<meta name=\"robots\" content=\"index, follow, max-snippet:-1, max-image-preview:large, max-video-preview:-1\" \/>\n<link rel=\"canonical\" href=\"https:\/\/fundacion-biodiversidad.es\/en\/actualidad_home\/we-attended-the-international-forum-on-nature-conservation\/\" \/>\n<meta property=\"og:locale\" content=\"en_US\" \/>\n<meta property=\"og:type\" content=\"article\" \/>\n<meta property=\"og:title\" content=\"We attended the International Forum on Nature Conservation - Fundaci\u00f3n Biodiversidad\" \/>\n<meta property=\"og:description\" content=\"This event is the main annual meeting of CeIUCN, where the scope and fit of members&#8217; interests and activities into IUCN programmes and initiatives is [&hellip;]\" \/>\n<meta property=\"og:url\" content=\"https:\/\/fundacion-biodiversidad.es\/en\/actualidad_home\/we-attended-the-international-forum-on-nature-conservation\/\" \/>\n<meta property=\"og:site_name\" content=\"Fundaci\u00f3n Biodiversidad\" \/>\n<meta property=\"og:image\" content=\"https:\/\/fundacion-biodiversidad.es\/wp-content\/uploads\/2023\/01\/2487661294_35330241_720x405.png\" \/>\n\t<meta property=\"og:image:width\" content=\"720\" \/>\n\t<meta property=\"og:image:height\" content=\"405\" \/>\n\t<meta property=\"og:image:type\" content=\"image\/png\" \/>\n<meta name=\"twitter:card\" content=\"summary_large_image\" \/>\n<meta name=\"twitter:label1\" content=\"Est. reading time\" \/>\n\t<meta name=\"twitter:data1\" content=\"2 minutes\" \/>\n<script type=\"application\/ld+json\" class=\"yoast-schema-graph\">{\"@context\":\"https:\/\/schema.org\",\"@graph\":[{\"@type\":\"WebPage\",\"@id\":\"https:\/\/fundacion-biodiversidad.es\/en\/actualidad_home\/we-attended-the-international-forum-on-nature-conservation\/\",\"url\":\"https:\/\/fundacion-biodiversidad.es\/en\/actualidad_home\/we-attended-the-international-forum-on-nature-conservation\/\",\"name\":\"We attended the International Forum on Nature Conservation - Fundaci\u00f3n Biodiversidad\",\"isPartOf\":{\"@id\":\"https:\/\/fundacion-biodiversidad.es\/en\/#website\"},\"primaryImageOfPage\":{\"@id\":\"https:\/\/fundacion-biodiversidad.es\/en\/actualidad_home\/we-attended-the-international-forum-on-nature-conservation\/#primaryimage\"},\"image\":{\"@id\":\"https:\/\/fundacion-biodiversidad.es\/en\/actualidad_home\/we-attended-the-international-forum-on-nature-conservation\/#primaryimage\"},\"thumbnailUrl\":\"https:\/\/fundacion-biodiversidad.es\/wp-content\/uploads\/2018\/10\/foro_uicn.jpg\",\"datePublished\":\"2018-10-25T09:50:41+00:00\",\"breadcrumb\":{\"@id\":\"https:\/\/fundacion-biodiversidad.es\/en\/actualidad_home\/we-attended-the-international-forum-on-nature-conservation\/#breadcrumb\"},\"inLanguage\":\"en-US\",\"potentialAction\":[{\"@type\":\"ReadAction\",\"target\":[\"https:\/\/fundacion-biodiversidad.es\/en\/actualidad_home\/we-attended-the-international-forum-on-nature-conservation\/\"]}]},{\"@type\":\"ImageObject\",\"inLanguage\":\"en-US\",\"@id\":\"https:\/\/fundacion-biodiversidad.es\/en\/actualidad_home\/we-attended-the-international-forum-on-nature-conservation\/#primaryimage\",\"url\":\"https:\/\/fundacion-biodiversidad.es\/wp-content\/uploads\/2018\/10\/foro_uicn.jpg\",\"contentUrl\":\"https:\/\/fundacion-biodiversidad.es\/wp-content\/uploads\/2018\/10\/foro_uicn.jpg\",\"width\":1473,\"height\":978},{\"@type\":\"BreadcrumbList\",\"@id\":\"https:\/\/fundacion-biodiversidad.es\/en\/actualidad_home\/we-attended-the-international-forum-on-nature-conservation\/#breadcrumb\",\"itemListElement\":[{\"@type\":\"ListItem\",\"position\":1,\"name\":\"Portada\",\"item\":\"https:\/\/fundacion-biodiversidad.es\/en\/inicio\/\"},{\"@type\":\"ListItem\",\"position\":2,\"name\":\"Noticias de actualidad\",\"item\":\"https:\/\/fundacion-biodiversidad.es\/en\/actualidad_home\/\"},{\"@type\":\"ListItem\",\"position\":3,\"name\":\"We attended the International Forum on Nature Conservation\"}]},{\"@type\":\"WebSite\",\"@id\":\"https:\/\/fundacion-biodiversidad.es\/en\/#website\",\"url\":\"https:\/\/fundacion-biodiversidad.es\/en\/\",\"name\":\"Fundaci\u00f3n Biodiversidad\",\"description\":\"Fundaci\u00f3n p\u00fablica adscrita al Ministerio para la Transici\u00f3n Ecol\u00f3gica\",\"potentialAction\":[{\"@type\":\"SearchAction\",\"target\":{\"@type\":\"EntryPoint\",\"urlTemplate\":\"https:\/\/fundacion-biodiversidad.es\/en\/?s={search_term_string}\"},\"query-input\":{\"@type\":\"PropertyValueSpecification\",\"valueRequired\":true,\"valueName\":\"search_term_string\"}}],\"inLanguage\":\"en-US\"}]}<\/script>\n<!-- \/ Yoast SEO plugin. -->","yoast_head_json":{"title":"We attended the International Forum on Nature Conservation - Fundaci\u00f3n Biodiversidad","robots":{"index":"index","follow":"follow","max-snippet":"max-snippet:-1","max-image-preview":"max-image-preview:large","max-video-preview":"max-video-preview:-1"},"canonical":"https:\/\/fundacion-biodiversidad.es\/en\/actualidad_home\/we-attended-the-international-forum-on-nature-conservation\/","og_locale":"en_US","og_type":"article","og_title":"We attended the International Forum on Nature Conservation - Fundaci\u00f3n Biodiversidad","og_description":"This event is the main annual meeting of CeIUCN, where the scope and fit of members&#8217; interests and activities into IUCN programmes and initiatives is [&hellip;]","og_url":"https:\/\/fundacion-biodiversidad.es\/en\/actualidad_home\/we-attended-the-international-forum-on-nature-conservation\/","og_site_name":"Fundaci\u00f3n Biodiversidad","og_image":[{"width":720,"height":405,"url":"https:\/\/fundacion-biodiversidad.es\/wp-content\/uploads\/2023\/01\/2487661294_35330241_720x405.png","type":"image\/png"}],"twitter_card":"summary_large_image","twitter_misc":{"Est. reading time":"2 minutes"},"schema":{"@context":"https:\/\/schema.org","@graph":[{"@type":"WebPage","@id":"https:\/\/fundacion-biodiversidad.es\/en\/actualidad_home\/we-attended-the-international-forum-on-nature-conservation\/","url":"https:\/\/fundacion-biodiversidad.es\/en\/actualidad_home\/we-attended-the-international-forum-on-nature-conservation\/","name":"We attended the International Forum on Nature Conservation - Fundaci\u00f3n Biodiversidad","isPartOf":{"@id":"https:\/\/fundacion-biodiversidad.es\/en\/#website"},"primaryImageOfPage":{"@id":"https:\/\/fundacion-biodiversidad.es\/en\/actualidad_home\/we-attended-the-international-forum-on-nature-conservation\/#primaryimage"},"image":{"@id":"https:\/\/fundacion-biodiversidad.es\/en\/actualidad_home\/we-attended-the-international-forum-on-nature-conservation\/#primaryimage"},"thumbnailUrl":"https:\/\/fundacion-biodiversidad.es\/wp-content\/uploads\/2018\/10\/foro_uicn.jpg","datePublished":"2018-10-25T09:50:41+00:00","breadcrumb":{"@id":"https:\/\/fundacion-biodiversidad.es\/en\/actualidad_home\/we-attended-the-international-forum-on-nature-conservation\/#breadcrumb"},"inLanguage":"en-US","potentialAction":[{"@type":"ReadAction","target":["https:\/\/fundacion-biodiversidad.es\/en\/actualidad_home\/we-attended-the-international-forum-on-nature-conservation\/"]}]},{"@type":"ImageObject","inLanguage":"en-US","@id":"https:\/\/fundacion-biodiversidad.es\/en\/actualidad_home\/we-attended-the-international-forum-on-nature-conservation\/#primaryimage","url":"https:\/\/fundacion-biodiversidad.es\/wp-content\/uploads\/2018\/10\/foro_uicn.jpg","contentUrl":"https:\/\/fundacion-biodiversidad.es\/wp-content\/uploads\/2018\/10\/foro_uicn.jpg","width":1473,"height":978},{"@type":"BreadcrumbList","@id":"https:\/\/fundacion-biodiversidad.es\/en\/actualidad_home\/we-attended-the-international-forum-on-nature-conservation\/#breadcrumb","itemListElement":[{"@type":"ListItem","position":1,"name":"Portada","item":"https:\/\/fundacion-biodiversidad.es\/en\/inicio\/"},{"@type":"ListItem","position":2,"name":"Noticias de actualidad","item":"https:\/\/fundacion-biodiversidad.es\/en\/actualidad_home\/"},{"@type":"ListItem","position":3,"name":"We attended the International Forum on Nature Conservation"}]},{"@type":"WebSite","@id":"https:\/\/fundacion-biodiversidad.es\/en\/#website","url":"https:\/\/fundacion-biodiversidad.es\/en\/","name":"Fundaci\u00f3n Biodiversidad","description":"Fundaci\u00f3n p\u00fablica adscrita al Ministerio para la Transici\u00f3n Ecol\u00f3gica","potentialAction":[{"@type":"SearchAction","target":{"@type":"EntryPoint","urlTemplate":"https:\/\/fundacion-biodiversidad.es\/en\/?s={search_term_string}"},"query-input":{"@type":"PropertyValueSpecification","valueRequired":true,"valueName":"search_term_string"}}],"inLanguage":"en-US"}]}},"_links":{"self":[{"href":"https:\/\/fundacion-biodiversidad.es\/en\/wp-json\/wp\/v2\/actualidad_home\/97858355","targetHints":{"allow":["GET"]}}],"collection":[{"href":"https:\/\/fundacion-biodiversidad.es\/en\/wp-json\/wp\/v2\/actualidad_home"}],"about":[{"href":"https:\/\/fundacion-biodiversidad.es\/en\/wp-json\/wp\/v2\/types\/actualidad_home"}],"author":[{"embeddable":true,"href":"https:\/\/fundacion-biodiversidad.es\/en\/wp-json\/wp\/v2\/users\/11"}],"wp:featuredmedia":[{"embeddable":true,"href":"https:\/\/fundacion-biodiversidad.es\/en\/wp-json\/wp\/v2\/media\/35936"}],"wp:attachment":[{"href":"https:\/\/fundacion-biodiversidad.es\/en\/wp-json\/wp\/v2\/media?parent=97858355"}],"wp:term":[{"taxonomy":"palabras_clave","embeddable":true,"href":"https:\/\/fundacion-biodiversidad.es\/en\/wp-json\/wp\/v2\/palabras_clave?post=97858355"}],"curies":[{"name":"wp","href":"https:\/\/api.w.org\/{rel}","templated":true}]}}