{"id":97858369,"date":"2018-08-30T12:18:54","date_gmt":"2018-08-30T10:18:54","guid":{"rendered":"https:\/\/fundacion-biodiversidad.es\/actualidad_home\/we-participated-in-an-international-conference-in-germany-on-advances-in-marine-conservation\/"},"modified":"2018-08-30T12:18:54","modified_gmt":"2018-08-30T10:18:54","slug":"we-participated-in-an-international-conference-in-germany-on-advances-in-marine-conservation","status":"publish","type":"actualidad_home","link":"https:\/\/fundacion-biodiversidad.es\/en\/actualidad_home\/we-participated-in-an-international-conference-in-germany-on-advances-in-marine-conservation\/","title":{"rendered":"We participated in an international conference in Germany on advances in marine conservation"},"content":{"rendered":"<p>We are presenting the LIFE IP INTEMARES project at the 5th International Conference on Advances in Marine Conservation.<br \/>\n<!--more--><\/p>\n<p>We are presenting the <a href=\"https:\/\/fundacion-biodiversidad.es\/es\/biodiversidad-marina-y-litoral\/proyectos-propios\/life-ip-paf-intemares\">LIFE IP INTEMARES<\/a>  project at the <strong>5th International Conference on Advances in Marine Conservation<\/strong>, which is being held in the German city of Stralsund until September 7th. This forum, which brings together some 250 experts in the marine environment, aims to analyse the achievements made in protecting the oceans on a global scale <a href=\"http:\/\/www.un.org\/spanish\/esa\/sustdev\/documents\/declaracionrio.htm\">since the Rio Conference<\/a> and the challenges we face in the future. <\/p>\n<p>Our participation in the conference has focused on exposing the actions that allow <strong>us to move towards a new management model of marine protected areas<\/strong> with the active participation of all the agents involved and based on the best scientific knowledge available.<\/p>\n<p>To this end, a <strong>coordinated and effective management of the Natura 2000 Network<\/strong> is necessary, betting on participatory decision-making and laying the foundations that will lead us towards a <strong>development model based on sustainability, innovation and involvement <\/strong>of all actors related to the marine environment.&nbsp;&nbsp; &nbsp;<\/p>\n<p>With the LIFE IP INTEMARES project, coordinated by the Biodiversity Foundation of the Ministry for Ecological Transition, <strong>we are involving various socio-economic sectors<\/strong> in the management of marine protected areas.<\/p>\n<p><strong>Involvement of the fishing sector<\/strong><\/p>\n<p>At this international conference we have highlighted the involvement of the fishing sector in <strong>participatory processes for the development of management plans for <\/strong>the marine areas of the Natura 2000 Network, in the training and education strategy, as well as in initiatives co-financed by the European Maritime and Fisheries Fund (EMFF), the European Social Fund (ESF) and calls for aid from the Biodiversity Foundation.<\/p>\n<p>In addition, the project has <strong>the participation of the Spanish Fisheries Confederation (CEPESCA)<\/strong> as a partner in the project. The General Directorate of Sustainability of the Coast and the Sea of the Ministry for Ecological Transition, the Spanish Institute of Oceanography, SEO\/Birdlife and WWF-Spain are also partners. The project has the financial contribution of the European Union&#8217;s LIFE Programme, among other sources of funding.  <\/p>\n<p><strong>Do you want to know more about our actions at LIFE IP INTEMARES?<\/strong><\/p>\n<p><strong>You can follow our twitter @FBiodiversidad and through the hashtag #Intemares, <\/strong>we will keep you informad@ of all the news and performances. Shortly, in addition, all the information about the project will be available on a new website on which we are working. And to learn about the progress of what is the largest marine conservation project in Europe, we invite you to subscribe to our newsletter through the following <a href=\"\">link<\/a>.  <\/p>\n","protected":false},"author":11,"featured_media":35924,"template":"","meta":{"_acf_changed":false},"palabras_clave":[],"class_list":["post-97858369","actualidad_home","type-actualidad_home","status-publish","has-post-thumbnail","hentry"],"acf":[],"yoast_head":"<!-- This site is optimized with the Yoast SEO plugin v26.9 - https:\/\/yoast.com\/product\/yoast-seo-wordpress\/ -->\n<title>We participated in an international conference in Germany on advances in marine conservation - Fundaci\u00f3n Biodiversidad<\/title>\n<meta name=\"robots\" content=\"index, follow, max-snippet:-1, max-image-preview:large, max-video-preview:-1\" \/>\n<link rel=\"canonical\" href=\"https:\/\/fundacion-biodiversidad.es\/en\/actualidad_home\/we-participated-in-an-international-conference-in-germany-on-advances-in-marine-conservation\/\" \/>\n<meta property=\"og:locale\" content=\"en_US\" \/>\n<meta property=\"og:type\" content=\"article\" \/>\n<meta property=\"og:title\" content=\"We participated in an international conference in Germany on advances in marine conservation - Fundaci\u00f3n Biodiversidad\" \/>\n<meta property=\"og:description\" content=\"We are presenting the LIFE IP INTEMARES project at the 5th International Conference on Advances in Marine Conservation.\" \/>\n<meta property=\"og:url\" content=\"https:\/\/fundacion-biodiversidad.es\/en\/actualidad_home\/we-participated-in-an-international-conference-in-germany-on-advances-in-marine-conservation\/\" \/>\n<meta property=\"og:site_name\" content=\"Fundaci\u00f3n Biodiversidad\" \/>\n<meta property=\"og:image\" content=\"https:\/\/fundacion-biodiversidad.es\/wp-content\/uploads\/2023\/01\/2487661294_35330241_720x405.png\" \/>\n\t<meta property=\"og:image:width\" content=\"720\" \/>\n\t<meta property=\"og:image:height\" content=\"405\" \/>\n\t<meta property=\"og:image:type\" content=\"image\/png\" \/>\n<meta name=\"twitter:card\" content=\"summary_large_image\" \/>\n<meta name=\"twitter:label1\" content=\"Est. reading time\" \/>\n\t<meta name=\"twitter:data1\" content=\"2 minutes\" \/>\n<script type=\"application\/ld+json\" class=\"yoast-schema-graph\">{\"@context\":\"https:\/\/schema.org\",\"@graph\":[{\"@type\":\"WebPage\",\"@id\":\"https:\/\/fundacion-biodiversidad.es\/en\/actualidad_home\/we-participated-in-an-international-conference-in-germany-on-advances-in-marine-conservation\/\",\"url\":\"https:\/\/fundacion-biodiversidad.es\/en\/actualidad_home\/we-participated-in-an-international-conference-in-germany-on-advances-in-marine-conservation\/\",\"name\":\"We participated in an international conference in Germany on advances in marine conservation - Fundaci\u00f3n Biodiversidad\",\"isPartOf\":{\"@id\":\"https:\/\/fundacion-biodiversidad.es\/en\/#website\"},\"primaryImageOfPage\":{\"@id\":\"https:\/\/fundacion-biodiversidad.es\/en\/actualidad_home\/we-participated-in-an-international-conference-in-germany-on-advances-in-marine-conservation\/#primaryimage\"},\"image\":{\"@id\":\"https:\/\/fundacion-biodiversidad.es\/en\/actualidad_home\/we-participated-in-an-international-conference-in-germany-on-advances-in-marine-conservation\/#primaryimage\"},\"thumbnailUrl\":\"https:\/\/fundacion-biodiversidad.es\/wp-content\/uploads\/2018\/09\/20180905_120748-scaled.jpg\",\"datePublished\":\"2018-08-30T10:18:54+00:00\",\"breadcrumb\":{\"@id\":\"https:\/\/fundacion-biodiversidad.es\/en\/actualidad_home\/we-participated-in-an-international-conference-in-germany-on-advances-in-marine-conservation\/#breadcrumb\"},\"inLanguage\":\"en-US\",\"potentialAction\":[{\"@type\":\"ReadAction\",\"target\":[\"https:\/\/fundacion-biodiversidad.es\/en\/actualidad_home\/we-participated-in-an-international-conference-in-germany-on-advances-in-marine-conservation\/\"]}]},{\"@type\":\"ImageObject\",\"inLanguage\":\"en-US\",\"@id\":\"https:\/\/fundacion-biodiversidad.es\/en\/actualidad_home\/we-participated-in-an-international-conference-in-germany-on-advances-in-marine-conservation\/#primaryimage\",\"url\":\"https:\/\/fundacion-biodiversidad.es\/wp-content\/uploads\/2018\/09\/20180905_120748-scaled.jpg\",\"contentUrl\":\"https:\/\/fundacion-biodiversidad.es\/wp-content\/uploads\/2018\/09\/20180905_120748-scaled.jpg\",\"width\":2560,\"height\":1920},{\"@type\":\"BreadcrumbList\",\"@id\":\"https:\/\/fundacion-biodiversidad.es\/en\/actualidad_home\/we-participated-in-an-international-conference-in-germany-on-advances-in-marine-conservation\/#breadcrumb\",\"itemListElement\":[{\"@type\":\"ListItem\",\"position\":1,\"name\":\"Portada\",\"item\":\"https:\/\/fundacion-biodiversidad.es\/en\/inicio\/\"},{\"@type\":\"ListItem\",\"position\":2,\"name\":\"Noticias de actualidad\",\"item\":\"https:\/\/fundacion-biodiversidad.es\/en\/actualidad_home\/\"},{\"@type\":\"ListItem\",\"position\":3,\"name\":\"We participated in an international conference in Germany on advances in marine conservation\"}]},{\"@type\":\"WebSite\",\"@id\":\"https:\/\/fundacion-biodiversidad.es\/en\/#website\",\"url\":\"https:\/\/fundacion-biodiversidad.es\/en\/\",\"name\":\"Fundaci\u00f3n Biodiversidad\",\"description\":\"Fundaci\u00f3n p\u00fablica adscrita al Ministerio para la Transici\u00f3n Ecol\u00f3gica\",\"potentialAction\":[{\"@type\":\"SearchAction\",\"target\":{\"@type\":\"EntryPoint\",\"urlTemplate\":\"https:\/\/fundacion-biodiversidad.es\/en\/?s={search_term_string}\"},\"query-input\":{\"@type\":\"PropertyValueSpecification\",\"valueRequired\":true,\"valueName\":\"search_term_string\"}}],\"inLanguage\":\"en-US\"}]}<\/script>\n<!-- \/ Yoast SEO plugin. -->","yoast_head_json":{"title":"We participated in an international conference in Germany on advances in marine conservation - Fundaci\u00f3n Biodiversidad","robots":{"index":"index","follow":"follow","max-snippet":"max-snippet:-1","max-image-preview":"max-image-preview:large","max-video-preview":"max-video-preview:-1"},"canonical":"https:\/\/fundacion-biodiversidad.es\/en\/actualidad_home\/we-participated-in-an-international-conference-in-germany-on-advances-in-marine-conservation\/","og_locale":"en_US","og_type":"article","og_title":"We participated in an international conference in Germany on advances in marine conservation - Fundaci\u00f3n Biodiversidad","og_description":"We are presenting the LIFE IP INTEMARES project at the 5th International Conference on Advances in Marine Conservation.","og_url":"https:\/\/fundacion-biodiversidad.es\/en\/actualidad_home\/we-participated-in-an-international-conference-in-germany-on-advances-in-marine-conservation\/","og_site_name":"Fundaci\u00f3n Biodiversidad","og_image":[{"width":720,"height":405,"url":"https:\/\/fundacion-biodiversidad.es\/wp-content\/uploads\/2023\/01\/2487661294_35330241_720x405.png","type":"image\/png"}],"twitter_card":"summary_large_image","twitter_misc":{"Est. reading time":"2 minutes"},"schema":{"@context":"https:\/\/schema.org","@graph":[{"@type":"WebPage","@id":"https:\/\/fundacion-biodiversidad.es\/en\/actualidad_home\/we-participated-in-an-international-conference-in-germany-on-advances-in-marine-conservation\/","url":"https:\/\/fundacion-biodiversidad.es\/en\/actualidad_home\/we-participated-in-an-international-conference-in-germany-on-advances-in-marine-conservation\/","name":"We participated in an international conference in Germany on advances in marine conservation - Fundaci\u00f3n Biodiversidad","isPartOf":{"@id":"https:\/\/fundacion-biodiversidad.es\/en\/#website"},"primaryImageOfPage":{"@id":"https:\/\/fundacion-biodiversidad.es\/en\/actualidad_home\/we-participated-in-an-international-conference-in-germany-on-advances-in-marine-conservation\/#primaryimage"},"image":{"@id":"https:\/\/fundacion-biodiversidad.es\/en\/actualidad_home\/we-participated-in-an-international-conference-in-germany-on-advances-in-marine-conservation\/#primaryimage"},"thumbnailUrl":"https:\/\/fundacion-biodiversidad.es\/wp-content\/uploads\/2018\/09\/20180905_120748-scaled.jpg","datePublished":"2018-08-30T10:18:54+00:00","breadcrumb":{"@id":"https:\/\/fundacion-biodiversidad.es\/en\/actualidad_home\/we-participated-in-an-international-conference-in-germany-on-advances-in-marine-conservation\/#breadcrumb"},"inLanguage":"en-US","potentialAction":[{"@type":"ReadAction","target":["https:\/\/fundacion-biodiversidad.es\/en\/actualidad_home\/we-participated-in-an-international-conference-in-germany-on-advances-in-marine-conservation\/"]}]},{"@type":"ImageObject","inLanguage":"en-US","@id":"https:\/\/fundacion-biodiversidad.es\/en\/actualidad_home\/we-participated-in-an-international-conference-in-germany-on-advances-in-marine-conservation\/#primaryimage","url":"https:\/\/fundacion-biodiversidad.es\/wp-content\/uploads\/2018\/09\/20180905_120748-scaled.jpg","contentUrl":"https:\/\/fundacion-biodiversidad.es\/wp-content\/uploads\/2018\/09\/20180905_120748-scaled.jpg","width":2560,"height":1920},{"@type":"BreadcrumbList","@id":"https:\/\/fundacion-biodiversidad.es\/en\/actualidad_home\/we-participated-in-an-international-conference-in-germany-on-advances-in-marine-conservation\/#breadcrumb","itemListElement":[{"@type":"ListItem","position":1,"name":"Portada","item":"https:\/\/fundacion-biodiversidad.es\/en\/inicio\/"},{"@type":"ListItem","position":2,"name":"Noticias de actualidad","item":"https:\/\/fundacion-biodiversidad.es\/en\/actualidad_home\/"},{"@type":"ListItem","position":3,"name":"We participated in an international conference in Germany on advances in marine conservation"}]},{"@type":"WebSite","@id":"https:\/\/fundacion-biodiversidad.es\/en\/#website","url":"https:\/\/fundacion-biodiversidad.es\/en\/","name":"Fundaci\u00f3n Biodiversidad","description":"Fundaci\u00f3n p\u00fablica adscrita al Ministerio para la Transici\u00f3n Ecol\u00f3gica","potentialAction":[{"@type":"SearchAction","target":{"@type":"EntryPoint","urlTemplate":"https:\/\/fundacion-biodiversidad.es\/en\/?s={search_term_string}"},"query-input":{"@type":"PropertyValueSpecification","valueRequired":true,"valueName":"search_term_string"}}],"inLanguage":"en-US"}]}},"_links":{"self":[{"href":"https:\/\/fundacion-biodiversidad.es\/en\/wp-json\/wp\/v2\/actualidad_home\/97858369","targetHints":{"allow":["GET"]}}],"collection":[{"href":"https:\/\/fundacion-biodiversidad.es\/en\/wp-json\/wp\/v2\/actualidad_home"}],"about":[{"href":"https:\/\/fundacion-biodiversidad.es\/en\/wp-json\/wp\/v2\/types\/actualidad_home"}],"author":[{"embeddable":true,"href":"https:\/\/fundacion-biodiversidad.es\/en\/wp-json\/wp\/v2\/users\/11"}],"wp:featuredmedia":[{"embeddable":true,"href":"https:\/\/fundacion-biodiversidad.es\/en\/wp-json\/wp\/v2\/media\/35924"}],"wp:attachment":[{"href":"https:\/\/fundacion-biodiversidad.es\/en\/wp-json\/wp\/v2\/media?parent=97858369"}],"wp:term":[{"taxonomy":"palabras_clave","embeddable":true,"href":"https:\/\/fundacion-biodiversidad.es\/en\/wp-json\/wp\/v2\/palabras_clave?post=97858369"}],"curies":[{"name":"wp","href":"https:\/\/api.w.org\/{rel}","templated":true}]}}