{"id":97858375,"date":"2018-07-05T12:06:01","date_gmt":"2018-07-05T10:06:01","guid":{"rendered":"https:\/\/fundacion-biodiversidad.es\/actualidad_home\/awarded-by-the-spanish-association-of-foundations\/"},"modified":"2018-07-05T12:06:01","modified_gmt":"2018-07-05T10:06:01","slug":"awarded-by-the-spanish-association-of-foundations","status":"publish","type":"actualidad_home","link":"https:\/\/fundacion-biodiversidad.es\/en\/actualidad_home\/awarded-by-the-spanish-association-of-foundations\/","title":{"rendered":"Awarded by the Spanish Association of Foundations"},"content":{"rendered":"<p>The Spanish Association of Foundations (AFE) has announced the winners of its III Edition of the Spanish Association of Foundations Awards, which recognize, each year, the Spanish foundations that best represent the values of the sector in the fulfillment of the purposes of general interest.<\/p>\n<p>The jury of the awards has distinguished, in this edition, the <strong>Biodiversity Foundation<\/strong> <strong>of the Ministry for Ecological Transition<\/strong>, in the category of Collaboration; to the <strong>Magdalena Moriche Foundation<\/strong>, in the category of Philanthropic Initiative; to the <strong>Adsis Foundation<\/strong>, in the category of Social Innovation; and the <strong>Telef\u00f3nica Foundation<\/strong>, in the Digital Transformation category.<\/p>\n<p>The Collaboration Award has been awarded to us for our collaboration, year after year, with a large number of organizations and entities to protect biodiversity in Spain, making possible the shared and supportive defense of a greener planet and a bluer sea.<\/p>\n<p>The jury for the awards was made up of <strong>Antonio Garrigues<\/strong>, president of the <a href=\"http:\/\/www.garrigues.com\/es_ES\">Garrigues Foundation, Lawyers and Tax Advisors<\/a>; <strong> Ana Mar\u00eda Llopis<\/strong>, founder and CEO of <a href=\"https:\/\/www.ideas4all.com\/\">Global ideas4all SL.<\/a>; <strong>Rafael Matesanz<\/strong>, founder <a href=\"http:\/\/www.ont.es\/Paginas\/Home.aspx\">of the National Transplant Organization<\/a> and Prince of Asturias Award; <strong>Teresa Perales<\/strong>, Paralympic swimmer; <strong>Araceli Pereda<\/strong>, president of the <a href=\"https:\/\/www.hispanianostra.org\/\">Hispania Nostra Association<\/a>; <strong>Bieito Rubido<\/strong>, director of the <a href=\"http:\/\/www.abc.es\/\">newspaper ABC<\/a>; and <strong>Eva Saiz<\/strong>, deputy director of the newspaper <a href=\"http:\/\/elpais.com\/\">El Pa\u00eds<\/a>.<\/p>\n<p>In 2016, the Spanish Association of Foundations agreed to create the Spanish Association of Foundations Awards in order to recognise values or attitudes that reflect the essence of the foundation sector, as a platform to meet the needs of citizens and their commitment to society. In this third edition <strong>, nearly 70 candidacies<\/strong> from philanthropists from the third sector and\/or Spanish foundations have been evaluated. <\/p>\n<p>The <strong>awards ceremony<\/strong> will be held within the framework of <a href=\"http:\/\/fundaciones.org\/es\/noticias-aef\/demos-18-fundaciones\"><strong>Demos 2018: Forum of Foundations and Civil Society<\/strong><\/a>, a meeting that celebrates its second edition on November 26 at the headquarters of MediaLab-Prado and Caixaforum Madrid.<\/p>\n","protected":false},"author":11,"featured_media":35911,"template":"","meta":{"_acf_changed":false},"palabras_clave":[477,172,379],"class_list":["post-97858375","actualidad_home","type-actualidad_home","status-publish","has-post-thumbnail","hentry","palabras_clave-afe","palabras_clave-fundaciones","palabras_clave-premios"],"acf":[],"yoast_head":"<!-- This site is optimized with the Yoast SEO plugin v26.9 - https:\/\/yoast.com\/product\/yoast-seo-wordpress\/ -->\n<title>Awarded by the Spanish Association of Foundations - Fundaci\u00f3n Biodiversidad<\/title>\n<meta name=\"robots\" content=\"index, follow, max-snippet:-1, max-image-preview:large, max-video-preview:-1\" \/>\n<link rel=\"canonical\" href=\"https:\/\/fundacion-biodiversidad.es\/en\/actualidad_home\/awarded-by-the-spanish-association-of-foundations\/\" \/>\n<meta property=\"og:locale\" content=\"en_US\" \/>\n<meta property=\"og:type\" content=\"article\" \/>\n<meta property=\"og:title\" content=\"Awarded by the Spanish Association of Foundations - Fundaci\u00f3n Biodiversidad\" \/>\n<meta property=\"og:description\" content=\"The Spanish Association of Foundations (AFE) has announced the winners of its III Edition of the Spanish Association of Foundations Awards, which recognize, each year, [&hellip;]\" \/>\n<meta property=\"og:url\" content=\"https:\/\/fundacion-biodiversidad.es\/en\/actualidad_home\/awarded-by-the-spanish-association-of-foundations\/\" \/>\n<meta property=\"og:site_name\" content=\"Fundaci\u00f3n Biodiversidad\" \/>\n<meta property=\"og:image\" content=\"https:\/\/fundacion-biodiversidad.es\/wp-content\/uploads\/2023\/01\/2487661294_35330241_720x405.png\" \/>\n\t<meta property=\"og:image:width\" content=\"720\" \/>\n\t<meta property=\"og:image:height\" content=\"405\" \/>\n\t<meta property=\"og:image:type\" content=\"image\/png\" \/>\n<meta name=\"twitter:card\" content=\"summary_large_image\" \/>\n<meta name=\"twitter:label1\" content=\"Est. reading time\" \/>\n\t<meta name=\"twitter:data1\" content=\"2 minutes\" \/>\n<script type=\"application\/ld+json\" class=\"yoast-schema-graph\">{\"@context\":\"https:\/\/schema.org\",\"@graph\":[{\"@type\":\"WebPage\",\"@id\":\"https:\/\/fundacion-biodiversidad.es\/en\/actualidad_home\/awarded-by-the-spanish-association-of-foundations\/\",\"url\":\"https:\/\/fundacion-biodiversidad.es\/en\/actualidad_home\/awarded-by-the-spanish-association-of-foundations\/\",\"name\":\"Awarded by the Spanish Association of Foundations - Fundaci\u00f3n Biodiversidad\",\"isPartOf\":{\"@id\":\"https:\/\/fundacion-biodiversidad.es\/en\/#website\"},\"primaryImageOfPage\":{\"@id\":\"https:\/\/fundacion-biodiversidad.es\/en\/actualidad_home\/awarded-by-the-spanish-association-of-foundations\/#primaryimage\"},\"image\":{\"@id\":\"https:\/\/fundacion-biodiversidad.es\/en\/actualidad_home\/awarded-by-the-spanish-association-of-foundations\/#primaryimage\"},\"thumbnailUrl\":\"https:\/\/fundacion-biodiversidad.es\/wp-content\/uploads\/2018\/07\/premio_afe.jpg\",\"datePublished\":\"2018-07-05T10:06:01+00:00\",\"breadcrumb\":{\"@id\":\"https:\/\/fundacion-biodiversidad.es\/en\/actualidad_home\/awarded-by-the-spanish-association-of-foundations\/#breadcrumb\"},\"inLanguage\":\"en-US\",\"potentialAction\":[{\"@type\":\"ReadAction\",\"target\":[\"https:\/\/fundacion-biodiversidad.es\/en\/actualidad_home\/awarded-by-the-spanish-association-of-foundations\/\"]}]},{\"@type\":\"ImageObject\",\"inLanguage\":\"en-US\",\"@id\":\"https:\/\/fundacion-biodiversidad.es\/en\/actualidad_home\/awarded-by-the-spanish-association-of-foundations\/#primaryimage\",\"url\":\"https:\/\/fundacion-biodiversidad.es\/wp-content\/uploads\/2018\/07\/premio_afe.jpg\",\"contentUrl\":\"https:\/\/fundacion-biodiversidad.es\/wp-content\/uploads\/2018\/07\/premio_afe.jpg\",\"width\":600,\"height\":355},{\"@type\":\"BreadcrumbList\",\"@id\":\"https:\/\/fundacion-biodiversidad.es\/en\/actualidad_home\/awarded-by-the-spanish-association-of-foundations\/#breadcrumb\",\"itemListElement\":[{\"@type\":\"ListItem\",\"position\":1,\"name\":\"Portada\",\"item\":\"https:\/\/fundacion-biodiversidad.es\/en\/inicio\/\"},{\"@type\":\"ListItem\",\"position\":2,\"name\":\"Noticias de actualidad\",\"item\":\"https:\/\/fundacion-biodiversidad.es\/en\/actualidad_home\/\"},{\"@type\":\"ListItem\",\"position\":3,\"name\":\"Awarded by the Spanish Association of Foundations\"}]},{\"@type\":\"WebSite\",\"@id\":\"https:\/\/fundacion-biodiversidad.es\/en\/#website\",\"url\":\"https:\/\/fundacion-biodiversidad.es\/en\/\",\"name\":\"Fundaci\u00f3n Biodiversidad\",\"description\":\"Fundaci\u00f3n p\u00fablica adscrita al Ministerio para la Transici\u00f3n Ecol\u00f3gica\",\"potentialAction\":[{\"@type\":\"SearchAction\",\"target\":{\"@type\":\"EntryPoint\",\"urlTemplate\":\"https:\/\/fundacion-biodiversidad.es\/en\/?s={search_term_string}\"},\"query-input\":{\"@type\":\"PropertyValueSpecification\",\"valueRequired\":true,\"valueName\":\"search_term_string\"}}],\"inLanguage\":\"en-US\"}]}<\/script>\n<!-- \/ Yoast SEO plugin. -->","yoast_head_json":{"title":"Awarded by the Spanish Association of Foundations - Fundaci\u00f3n Biodiversidad","robots":{"index":"index","follow":"follow","max-snippet":"max-snippet:-1","max-image-preview":"max-image-preview:large","max-video-preview":"max-video-preview:-1"},"canonical":"https:\/\/fundacion-biodiversidad.es\/en\/actualidad_home\/awarded-by-the-spanish-association-of-foundations\/","og_locale":"en_US","og_type":"article","og_title":"Awarded by the Spanish Association of Foundations - Fundaci\u00f3n Biodiversidad","og_description":"The Spanish Association of Foundations (AFE) has announced the winners of its III Edition of the Spanish Association of Foundations Awards, which recognize, each year, [&hellip;]","og_url":"https:\/\/fundacion-biodiversidad.es\/en\/actualidad_home\/awarded-by-the-spanish-association-of-foundations\/","og_site_name":"Fundaci\u00f3n Biodiversidad","og_image":[{"width":720,"height":405,"url":"https:\/\/fundacion-biodiversidad.es\/wp-content\/uploads\/2023\/01\/2487661294_35330241_720x405.png","type":"image\/png"}],"twitter_card":"summary_large_image","twitter_misc":{"Est. reading time":"2 minutes"},"schema":{"@context":"https:\/\/schema.org","@graph":[{"@type":"WebPage","@id":"https:\/\/fundacion-biodiversidad.es\/en\/actualidad_home\/awarded-by-the-spanish-association-of-foundations\/","url":"https:\/\/fundacion-biodiversidad.es\/en\/actualidad_home\/awarded-by-the-spanish-association-of-foundations\/","name":"Awarded by the Spanish Association of Foundations - Fundaci\u00f3n Biodiversidad","isPartOf":{"@id":"https:\/\/fundacion-biodiversidad.es\/en\/#website"},"primaryImageOfPage":{"@id":"https:\/\/fundacion-biodiversidad.es\/en\/actualidad_home\/awarded-by-the-spanish-association-of-foundations\/#primaryimage"},"image":{"@id":"https:\/\/fundacion-biodiversidad.es\/en\/actualidad_home\/awarded-by-the-spanish-association-of-foundations\/#primaryimage"},"thumbnailUrl":"https:\/\/fundacion-biodiversidad.es\/wp-content\/uploads\/2018\/07\/premio_afe.jpg","datePublished":"2018-07-05T10:06:01+00:00","breadcrumb":{"@id":"https:\/\/fundacion-biodiversidad.es\/en\/actualidad_home\/awarded-by-the-spanish-association-of-foundations\/#breadcrumb"},"inLanguage":"en-US","potentialAction":[{"@type":"ReadAction","target":["https:\/\/fundacion-biodiversidad.es\/en\/actualidad_home\/awarded-by-the-spanish-association-of-foundations\/"]}]},{"@type":"ImageObject","inLanguage":"en-US","@id":"https:\/\/fundacion-biodiversidad.es\/en\/actualidad_home\/awarded-by-the-spanish-association-of-foundations\/#primaryimage","url":"https:\/\/fundacion-biodiversidad.es\/wp-content\/uploads\/2018\/07\/premio_afe.jpg","contentUrl":"https:\/\/fundacion-biodiversidad.es\/wp-content\/uploads\/2018\/07\/premio_afe.jpg","width":600,"height":355},{"@type":"BreadcrumbList","@id":"https:\/\/fundacion-biodiversidad.es\/en\/actualidad_home\/awarded-by-the-spanish-association-of-foundations\/#breadcrumb","itemListElement":[{"@type":"ListItem","position":1,"name":"Portada","item":"https:\/\/fundacion-biodiversidad.es\/en\/inicio\/"},{"@type":"ListItem","position":2,"name":"Noticias de actualidad","item":"https:\/\/fundacion-biodiversidad.es\/en\/actualidad_home\/"},{"@type":"ListItem","position":3,"name":"Awarded by the Spanish Association of Foundations"}]},{"@type":"WebSite","@id":"https:\/\/fundacion-biodiversidad.es\/en\/#website","url":"https:\/\/fundacion-biodiversidad.es\/en\/","name":"Fundaci\u00f3n Biodiversidad","description":"Fundaci\u00f3n p\u00fablica adscrita al Ministerio para la Transici\u00f3n Ecol\u00f3gica","potentialAction":[{"@type":"SearchAction","target":{"@type":"EntryPoint","urlTemplate":"https:\/\/fundacion-biodiversidad.es\/en\/?s={search_term_string}"},"query-input":{"@type":"PropertyValueSpecification","valueRequired":true,"valueName":"search_term_string"}}],"inLanguage":"en-US"}]}},"_links":{"self":[{"href":"https:\/\/fundacion-biodiversidad.es\/en\/wp-json\/wp\/v2\/actualidad_home\/97858375","targetHints":{"allow":["GET"]}}],"collection":[{"href":"https:\/\/fundacion-biodiversidad.es\/en\/wp-json\/wp\/v2\/actualidad_home"}],"about":[{"href":"https:\/\/fundacion-biodiversidad.es\/en\/wp-json\/wp\/v2\/types\/actualidad_home"}],"author":[{"embeddable":true,"href":"https:\/\/fundacion-biodiversidad.es\/en\/wp-json\/wp\/v2\/users\/11"}],"wp:featuredmedia":[{"embeddable":true,"href":"https:\/\/fundacion-biodiversidad.es\/en\/wp-json\/wp\/v2\/media\/35911"}],"wp:attachment":[{"href":"https:\/\/fundacion-biodiversidad.es\/en\/wp-json\/wp\/v2\/media?parent=97858375"}],"wp:term":[{"taxonomy":"palabras_clave","embeddable":true,"href":"https:\/\/fundacion-biodiversidad.es\/en\/wp-json\/wp\/v2\/palabras_clave?post=97858375"}],"curies":[{"name":"wp","href":"https:\/\/api.w.org\/{rel}","templated":true}]}}