{"id":97858376,"date":"2018-07-03T07:34:42","date_gmt":"2018-07-03T05:34:42","guid":{"rendered":"https:\/\/fundacion-biodiversidad.es\/actualidad_home\/5-spanish-companies-will-compete-for-the-european-business-awards-for-the-environment\/"},"modified":"2018-07-03T07:34:42","modified_gmt":"2018-07-03T05:34:42","slug":"5-spanish-companies-will-compete-for-the-european-business-awards-for-the-environment","status":"publish","type":"actualidad_home","link":"https:\/\/fundacion-biodiversidad.es\/en\/actualidad_home\/5-spanish-companies-will-compete-for-the-european-business-awards-for-the-environment\/","title":{"rendered":"5 Spanish companies will compete for the European Business Awards for the Environment"},"content":{"rendered":"<p>The jury of the European Business Awards for the Environment met last week to decide the companies that will compete for the awards of this 2018-2019 edition.<\/p>\n<p>In total, 28 companies from 9 countries make up the list of finalists for the European competition. <strong>Of these 28 companies, 5 are Spanish<\/strong>, demonstrating the high quality of the award-winning projects in the <a href=\"http:\/\/fundacion-biodiversidad.es\/es\/relaciones-internacionales\/proyectos-propios\/premios-europeos-de-medio-ambiente-la-empresa\">2017-2018 edition of the Spanish Section<\/a>, whose award ceremony took place on June 5, World Environment Day and was presided over by His Majesty the King.<\/p>\n<p>These awards are only open to those proposals that have been awarded in competitions organised by the national sections of the awards and that may be from member countries of the European Union or candidate countries for membership. The <strong>European jury was made up of experts in the field of the environment<\/strong>, including the director of the Biodiversity Foundation, Sonia Casta\u00f1eda. <\/p>\n<p>The European Business Awards for the Environment have been convened since 1987 by the European Commission to recognize those companies that successfully combine the economic viability of their businesses with the protection of the environment. In Spain, the European Business Awards for<strong> the Environment have been held since 1997<\/strong>, and for the winning companies they represent an important recognition both from society and from the world of business and sustainability. The awards improve their visibility and open up new business opportunities for them. The Biodiversity Foundation of the Ministry for Ecological Transition has been the entity in charge of managing the Spanish section since 2013.  <\/p>\n<p>The proposals recognised by the European jury were <a href=\"https:\/\/youtu.be\/YrSVHrR4yjE\" target=\"_blank\" rel=\"noopener\">Plastic Repair System 2011 S.L.<\/a>, <a href=\"https:\/\/youtu.be\/5bvl6n6WXl0\" target=\"_blank\" rel=\"noopener\">A&amp;B Laboratorios de Biotecnolog\u00eda<\/a>, <a href=\"https:\/\/youtu.be\/pjaUhiltDtg\" target=\"_blank\" rel=\"noopener\">EKONEK<\/a>, Innovaci\u00f3n en Valoraci\u00f3n de Subproductos S.L., <a href=\"https:\/\/youtu.be\/Pv4bpbUlUKs\" target=\"_blank\" rel=\"noopener\">Suez Spain<\/a> and <a href=\"https:\/\/youtu.be\/OV2BdXpdz-U\" target=\"_blank\" rel=\"noopener\">Red El\u00e9ctrica de Espa\u00f1a<\/a>&nbsp;<\/p>\n<p>The European winners of the 2018-2019 edition will be announced at the <a href=\"https:\/\/www.dropbox.com\/s\/oot18pj85sse542\/EBAE%20Award%20Ceremony%20Save%20the%20Date%2002.png?dl=0\">award ceremony<\/a> to be held in Vienna (Austria) on November 14.<\/p>\n<p>&nbsp;<strong>Do you want to know more about the European Business Awards for the Environment?  <\/strong><\/p>\n<p>The European Business Awards for the Environment have been convened since 1987 by the European Commission to recognize those companies that successfully combine the economic viability of their businesses with the protection of the environment.<\/p>\n<p><strong>The 2017\/2018 edition had four main categories<\/strong> , highlighting companies that introduce eco-innovations in management (Category 1: Management), in the products or services they offer (Category 2: Product and\/or service), in their processes (Category 3: Process) or in business cooperation (Category 4: International business cooperation). In addition, any application submitted was eligible for an additional award if it stood out for its contribution to biodiversity (Special Category Business and Biodiversity). <\/p>\n<p>More information at:<\/p>\n<p><a href=\"http:\/\/fundacion-biodiversidad.es\/es\/relaciones-internacionales\/proyectos-propios\/premios-europeos-de-medio-ambiente-la-empresa\">http:\/\/fundacion-biodiversidad.es\/es\/relaciones-internacionales\/proyectos-propios\/premios-europeos-de-medio-ambiente-la-empresa<\/a><\/p>\n","protected":false},"author":11,"featured_media":35910,"template":"","meta":{"_acf_changed":false},"palabras_clave":[32,86,36,379],"class_list":["post-97858376","actualidad_home","type-actualidad_home","status-publish","has-post-thumbnail","hentry","palabras_clave-ebae","palabras_clave-empresa","palabras_clave-medio-ambiente","palabras_clave-premios"],"acf":[],"yoast_head":"<!-- This site is optimized with the Yoast SEO plugin v26.9 - https:\/\/yoast.com\/product\/yoast-seo-wordpress\/ -->\n<title>5 Spanish companies will compete for the European Business Awards for the Environment - Fundaci\u00f3n Biodiversidad<\/title>\n<meta name=\"robots\" content=\"index, follow, max-snippet:-1, max-image-preview:large, max-video-preview:-1\" \/>\n<link rel=\"canonical\" href=\"https:\/\/fundacion-biodiversidad.es\/en\/actualidad_home\/5-spanish-companies-will-compete-for-the-european-business-awards-for-the-environment\/\" \/>\n<meta property=\"og:locale\" content=\"en_US\" \/>\n<meta property=\"og:type\" content=\"article\" \/>\n<meta property=\"og:title\" content=\"5 Spanish companies will compete for the European Business Awards for the Environment - Fundaci\u00f3n Biodiversidad\" \/>\n<meta property=\"og:description\" content=\"The jury of the European Business Awards for the Environment met last week to decide the companies that will compete for the awards of this [&hellip;]\" \/>\n<meta property=\"og:url\" content=\"https:\/\/fundacion-biodiversidad.es\/en\/actualidad_home\/5-spanish-companies-will-compete-for-the-european-business-awards-for-the-environment\/\" \/>\n<meta property=\"og:site_name\" content=\"Fundaci\u00f3n Biodiversidad\" \/>\n<meta property=\"og:image\" content=\"https:\/\/fundacion-biodiversidad.es\/wp-content\/uploads\/2023\/01\/2487661294_35330241_720x405.png\" \/>\n\t<meta property=\"og:image:width\" content=\"720\" \/>\n\t<meta property=\"og:image:height\" content=\"405\" \/>\n\t<meta property=\"og:image:type\" content=\"image\/png\" \/>\n<meta name=\"twitter:card\" content=\"summary_large_image\" \/>\n<meta name=\"twitter:label1\" content=\"Est. reading time\" \/>\n\t<meta name=\"twitter:data1\" content=\"2 minutes\" \/>\n<script type=\"application\/ld+json\" class=\"yoast-schema-graph\">{\"@context\":\"https:\/\/schema.org\",\"@graph\":[{\"@type\":\"WebPage\",\"@id\":\"https:\/\/fundacion-biodiversidad.es\/en\/actualidad_home\/5-spanish-companies-will-compete-for-the-european-business-awards-for-the-environment\/\",\"url\":\"https:\/\/fundacion-biodiversidad.es\/en\/actualidad_home\/5-spanish-companies-will-compete-for-the-european-business-awards-for-the-environment\/\",\"name\":\"5 Spanish companies will compete for the European Business Awards for the Environment - Fundaci\u00f3n Biodiversidad\",\"isPartOf\":{\"@id\":\"https:\/\/fundacion-biodiversidad.es\/en\/#website\"},\"primaryImageOfPage\":{\"@id\":\"https:\/\/fundacion-biodiversidad.es\/en\/actualidad_home\/5-spanish-companies-will-compete-for-the-european-business-awards-for-the-environment\/#primaryimage\"},\"image\":{\"@id\":\"https:\/\/fundacion-biodiversidad.es\/en\/actualidad_home\/5-spanish-companies-will-compete-for-the-european-business-awards-for-the-environment\/#primaryimage\"},\"thumbnailUrl\":\"https:\/\/fundacion-biodiversidad.es\/wp-content\/uploads\/2018\/07\/jurado_ebae.jpeg\",\"datePublished\":\"2018-07-03T05:34:42+00:00\",\"breadcrumb\":{\"@id\":\"https:\/\/fundacion-biodiversidad.es\/en\/actualidad_home\/5-spanish-companies-will-compete-for-the-european-business-awards-for-the-environment\/#breadcrumb\"},\"inLanguage\":\"en-US\",\"potentialAction\":[{\"@type\":\"ReadAction\",\"target\":[\"https:\/\/fundacion-biodiversidad.es\/en\/actualidad_home\/5-spanish-companies-will-compete-for-the-european-business-awards-for-the-environment\/\"]}]},{\"@type\":\"ImageObject\",\"inLanguage\":\"en-US\",\"@id\":\"https:\/\/fundacion-biodiversidad.es\/en\/actualidad_home\/5-spanish-companies-will-compete-for-the-european-business-awards-for-the-environment\/#primaryimage\",\"url\":\"https:\/\/fundacion-biodiversidad.es\/wp-content\/uploads\/2018\/07\/jurado_ebae.jpeg\",\"contentUrl\":\"https:\/\/fundacion-biodiversidad.es\/wp-content\/uploads\/2018\/07\/jurado_ebae.jpeg\",\"width\":1600,\"height\":1067},{\"@type\":\"BreadcrumbList\",\"@id\":\"https:\/\/fundacion-biodiversidad.es\/en\/actualidad_home\/5-spanish-companies-will-compete-for-the-european-business-awards-for-the-environment\/#breadcrumb\",\"itemListElement\":[{\"@type\":\"ListItem\",\"position\":1,\"name\":\"Portada\",\"item\":\"https:\/\/fundacion-biodiversidad.es\/en\/inicio\/\"},{\"@type\":\"ListItem\",\"position\":2,\"name\":\"Noticias de actualidad\",\"item\":\"https:\/\/fundacion-biodiversidad.es\/en\/actualidad_home\/\"},{\"@type\":\"ListItem\",\"position\":3,\"name\":\"5 Spanish companies will compete for the European Business Awards for the Environment\"}]},{\"@type\":\"WebSite\",\"@id\":\"https:\/\/fundacion-biodiversidad.es\/en\/#website\",\"url\":\"https:\/\/fundacion-biodiversidad.es\/en\/\",\"name\":\"Fundaci\u00f3n Biodiversidad\",\"description\":\"Fundaci\u00f3n p\u00fablica adscrita al Ministerio para la Transici\u00f3n Ecol\u00f3gica\",\"potentialAction\":[{\"@type\":\"SearchAction\",\"target\":{\"@type\":\"EntryPoint\",\"urlTemplate\":\"https:\/\/fundacion-biodiversidad.es\/en\/?s={search_term_string}\"},\"query-input\":{\"@type\":\"PropertyValueSpecification\",\"valueRequired\":true,\"valueName\":\"search_term_string\"}}],\"inLanguage\":\"en-US\"}]}<\/script>\n<!-- \/ Yoast SEO plugin. -->","yoast_head_json":{"title":"5 Spanish companies will compete for the European Business Awards for the Environment - Fundaci\u00f3n Biodiversidad","robots":{"index":"index","follow":"follow","max-snippet":"max-snippet:-1","max-image-preview":"max-image-preview:large","max-video-preview":"max-video-preview:-1"},"canonical":"https:\/\/fundacion-biodiversidad.es\/en\/actualidad_home\/5-spanish-companies-will-compete-for-the-european-business-awards-for-the-environment\/","og_locale":"en_US","og_type":"article","og_title":"5 Spanish companies will compete for the European Business Awards for the Environment - Fundaci\u00f3n Biodiversidad","og_description":"The jury of the European Business Awards for the Environment met last week to decide the companies that will compete for the awards of this [&hellip;]","og_url":"https:\/\/fundacion-biodiversidad.es\/en\/actualidad_home\/5-spanish-companies-will-compete-for-the-european-business-awards-for-the-environment\/","og_site_name":"Fundaci\u00f3n Biodiversidad","og_image":[{"width":720,"height":405,"url":"https:\/\/fundacion-biodiversidad.es\/wp-content\/uploads\/2023\/01\/2487661294_35330241_720x405.png","type":"image\/png"}],"twitter_card":"summary_large_image","twitter_misc":{"Est. reading time":"2 minutes"},"schema":{"@context":"https:\/\/schema.org","@graph":[{"@type":"WebPage","@id":"https:\/\/fundacion-biodiversidad.es\/en\/actualidad_home\/5-spanish-companies-will-compete-for-the-european-business-awards-for-the-environment\/","url":"https:\/\/fundacion-biodiversidad.es\/en\/actualidad_home\/5-spanish-companies-will-compete-for-the-european-business-awards-for-the-environment\/","name":"5 Spanish companies will compete for the European Business Awards for the Environment - Fundaci\u00f3n Biodiversidad","isPartOf":{"@id":"https:\/\/fundacion-biodiversidad.es\/en\/#website"},"primaryImageOfPage":{"@id":"https:\/\/fundacion-biodiversidad.es\/en\/actualidad_home\/5-spanish-companies-will-compete-for-the-european-business-awards-for-the-environment\/#primaryimage"},"image":{"@id":"https:\/\/fundacion-biodiversidad.es\/en\/actualidad_home\/5-spanish-companies-will-compete-for-the-european-business-awards-for-the-environment\/#primaryimage"},"thumbnailUrl":"https:\/\/fundacion-biodiversidad.es\/wp-content\/uploads\/2018\/07\/jurado_ebae.jpeg","datePublished":"2018-07-03T05:34:42+00:00","breadcrumb":{"@id":"https:\/\/fundacion-biodiversidad.es\/en\/actualidad_home\/5-spanish-companies-will-compete-for-the-european-business-awards-for-the-environment\/#breadcrumb"},"inLanguage":"en-US","potentialAction":[{"@type":"ReadAction","target":["https:\/\/fundacion-biodiversidad.es\/en\/actualidad_home\/5-spanish-companies-will-compete-for-the-european-business-awards-for-the-environment\/"]}]},{"@type":"ImageObject","inLanguage":"en-US","@id":"https:\/\/fundacion-biodiversidad.es\/en\/actualidad_home\/5-spanish-companies-will-compete-for-the-european-business-awards-for-the-environment\/#primaryimage","url":"https:\/\/fundacion-biodiversidad.es\/wp-content\/uploads\/2018\/07\/jurado_ebae.jpeg","contentUrl":"https:\/\/fundacion-biodiversidad.es\/wp-content\/uploads\/2018\/07\/jurado_ebae.jpeg","width":1600,"height":1067},{"@type":"BreadcrumbList","@id":"https:\/\/fundacion-biodiversidad.es\/en\/actualidad_home\/5-spanish-companies-will-compete-for-the-european-business-awards-for-the-environment\/#breadcrumb","itemListElement":[{"@type":"ListItem","position":1,"name":"Portada","item":"https:\/\/fundacion-biodiversidad.es\/en\/inicio\/"},{"@type":"ListItem","position":2,"name":"Noticias de actualidad","item":"https:\/\/fundacion-biodiversidad.es\/en\/actualidad_home\/"},{"@type":"ListItem","position":3,"name":"5 Spanish companies will compete for the European Business Awards for the Environment"}]},{"@type":"WebSite","@id":"https:\/\/fundacion-biodiversidad.es\/en\/#website","url":"https:\/\/fundacion-biodiversidad.es\/en\/","name":"Fundaci\u00f3n Biodiversidad","description":"Fundaci\u00f3n p\u00fablica adscrita al Ministerio para la Transici\u00f3n Ecol\u00f3gica","potentialAction":[{"@type":"SearchAction","target":{"@type":"EntryPoint","urlTemplate":"https:\/\/fundacion-biodiversidad.es\/en\/?s={search_term_string}"},"query-input":{"@type":"PropertyValueSpecification","valueRequired":true,"valueName":"search_term_string"}}],"inLanguage":"en-US"}]}},"_links":{"self":[{"href":"https:\/\/fundacion-biodiversidad.es\/en\/wp-json\/wp\/v2\/actualidad_home\/97858376","targetHints":{"allow":["GET"]}}],"collection":[{"href":"https:\/\/fundacion-biodiversidad.es\/en\/wp-json\/wp\/v2\/actualidad_home"}],"about":[{"href":"https:\/\/fundacion-biodiversidad.es\/en\/wp-json\/wp\/v2\/types\/actualidad_home"}],"author":[{"embeddable":true,"href":"https:\/\/fundacion-biodiversidad.es\/en\/wp-json\/wp\/v2\/users\/11"}],"wp:featuredmedia":[{"embeddable":true,"href":"https:\/\/fundacion-biodiversidad.es\/en\/wp-json\/wp\/v2\/media\/35910"}],"wp:attachment":[{"href":"https:\/\/fundacion-biodiversidad.es\/en\/wp-json\/wp\/v2\/media?parent=97858376"}],"wp:term":[{"taxonomy":"palabras_clave","embeddable":true,"href":"https:\/\/fundacion-biodiversidad.es\/en\/wp-json\/wp\/v2\/palabras_clave?post=97858376"}],"curies":[{"name":"wp","href":"https:\/\/api.w.org\/{rel}","templated":true}]}}