{"id":97858394,"date":"2020-08-20T12:36:11","date_gmt":"2020-08-20T10:36:11","guid":{"rendered":"https:\/\/fundacion-biodiversidad.es\/actualidad_home\/e5-million-to-support-the-recruitment-of-unemployed-people\/"},"modified":"2020-08-20T12:36:11","modified_gmt":"2020-08-20T10:36:11","slug":"e5-million-to-support-the-recruitment-of-unemployed-people","status":"publish","type":"actualidad_home","link":"https:\/\/fundacion-biodiversidad.es\/en\/actualidad_home\/e5-million-to-support-the-recruitment-of-unemployed-people\/","title":{"rendered":"\u20ac5 million to support the recruitment of unemployed people"},"content":{"rendered":"<p>Both private entities with or without profit, as well as individuals acting as employers who have made any type of full-time contract for a minimum of 6 months and who contribute to a sustainable line of business in the field of the green and blue economy, may apply until March 15, 2021.<br \/>\n<!--more--><\/p>\n<p>We have published a <a href=\"https:\/\/fundacion-biodiversidad.es\/es\/convocatorias\/convocatorias-de-ayudas\/convocatoria-de-concesion-de-subvenciones-en-regimen-de-5\">new call for subsidies<\/a> endowed with <strong>5 million euros<\/strong> for the hiring of unemployed people in the field of <strong>the green and\/or blue economy.<\/strong><\/p>\n<p>This call, co-financed by the European Social Fund, is part of the <strong>Empleaverde Programme<\/strong>, which seeks to promote sustainability and eco-innovation of economic activities in all sectors, as an opportunity to contribute to overcoming the challenges of the crisis generated by COVID-19, promoting the ecological and fair transition towards a low-carbon and circular economy.<\/p>\n<p>These subsidies are aimed at entities linked, directly or indirectly, to the green and\/or blue economy or entities that, not being linked, generate employment that contributes to a sustainable line of business or to the management of an environmental improvement in the entity. They will support <strong>full-time contracts for a minimum period of 6 months<\/strong> for unemployed people. <\/p>\n<p>As a novelty, this year both <strong>private entities with or without profit<\/strong> and individuals <strong>who act as employers<\/strong> will be eligible for these grants. Both figures must be based in Spain. In addition, on this occasion the maximum amount of subsidy per job generated may reach <strong>3,440 euros<\/strong> in cases where the person hired belongs to any of the <strong>priority groups<\/strong> (women, young people up to 35 years of age, over 45 years of age, immigrants, people with disabilities or residents of protected areas and\/or rural areas) applying the percentage of co-financing of the European Social Fund corresponding to the region where the workplace is located. contracting (Extremadura, Andalusia, the Canary Islands, Castilla-La Mancha, Melilla, Murcia, Asturias, Ceuta and Galicia, 80%, the rest of the communities, 50%).  <\/p>\n<p><strong>Applications may be submitted from 20 February to 15 March 2021 for contracts initiated between 5 May 2019 and 15 September 2020.<\/strong><\/p>\n<p>&nbsp;<\/p>\n<p>&nbsp;<\/p>\n","protected":false},"author":11,"featured_media":36098,"template":"","meta":{"_acf_changed":false},"palabras_clave":[],"class_list":["post-97858394","actualidad_home","type-actualidad_home","status-publish","has-post-thumbnail","hentry"],"acf":[],"yoast_head":"<!-- This site is optimized with the Yoast SEO plugin v26.9 - https:\/\/yoast.com\/product\/yoast-seo-wordpress\/ -->\n<title>\u20ac5 million to support the recruitment of unemployed people - Fundaci\u00f3n Biodiversidad<\/title>\n<meta name=\"robots\" content=\"index, follow, max-snippet:-1, max-image-preview:large, max-video-preview:-1\" \/>\n<link rel=\"canonical\" href=\"https:\/\/fundacion-biodiversidad.es\/en\/actualidad_home\/e5-million-to-support-the-recruitment-of-unemployed-people\/\" \/>\n<meta property=\"og:locale\" content=\"en_US\" \/>\n<meta property=\"og:type\" content=\"article\" \/>\n<meta property=\"og:title\" content=\"\u20ac5 million to support the recruitment of unemployed people - Fundaci\u00f3n Biodiversidad\" \/>\n<meta property=\"og:description\" content=\"Both private entities with or without profit, as well as individuals acting as employers who have made any type of full-time contract for a minimum [&hellip;]\" \/>\n<meta property=\"og:url\" content=\"https:\/\/fundacion-biodiversidad.es\/en\/actualidad_home\/e5-million-to-support-the-recruitment-of-unemployed-people\/\" \/>\n<meta property=\"og:site_name\" content=\"Fundaci\u00f3n Biodiversidad\" \/>\n<meta property=\"og:image\" content=\"https:\/\/fundacion-biodiversidad.es\/wp-content\/uploads\/2023\/01\/2487661294_35330241_720x405.png\" \/>\n\t<meta property=\"og:image:width\" content=\"720\" \/>\n\t<meta property=\"og:image:height\" content=\"405\" \/>\n\t<meta property=\"og:image:type\" content=\"image\/png\" \/>\n<meta name=\"twitter:card\" content=\"summary_large_image\" \/>\n<meta name=\"twitter:label1\" content=\"Est. reading time\" \/>\n\t<meta name=\"twitter:data1\" content=\"2 minutes\" \/>\n<script type=\"application\/ld+json\" class=\"yoast-schema-graph\">{\"@context\":\"https:\/\/schema.org\",\"@graph\":[{\"@type\":\"WebPage\",\"@id\":\"https:\/\/fundacion-biodiversidad.es\/en\/actualidad_home\/e5-million-to-support-the-recruitment-of-unemployed-people\/\",\"url\":\"https:\/\/fundacion-biodiversidad.es\/en\/actualidad_home\/e5-million-to-support-the-recruitment-of-unemployed-people\/\",\"name\":\"\u20ac5 million to support the recruitment of unemployed people - Fundaci\u00f3n Biodiversidad\",\"isPartOf\":{\"@id\":\"https:\/\/fundacion-biodiversidad.es\/en\/#website\"},\"primaryImageOfPage\":{\"@id\":\"https:\/\/fundacion-biodiversidad.es\/en\/actualidad_home\/e5-million-to-support-the-recruitment-of-unemployed-people\/#primaryimage\"},\"image\":{\"@id\":\"https:\/\/fundacion-biodiversidad.es\/en\/actualidad_home\/e5-million-to-support-the-recruitment-of-unemployed-people\/#primaryimage\"},\"thumbnailUrl\":\"https:\/\/fundacion-biodiversidad.es\/wp-content\/uploads\/2021\/01\/articulo_convocatoria_empleaverdeemplea_2020_0.png\",\"datePublished\":\"2020-08-20T10:36:11+00:00\",\"breadcrumb\":{\"@id\":\"https:\/\/fundacion-biodiversidad.es\/en\/actualidad_home\/e5-million-to-support-the-recruitment-of-unemployed-people\/#breadcrumb\"},\"inLanguage\":\"en-US\",\"potentialAction\":[{\"@type\":\"ReadAction\",\"target\":[\"https:\/\/fundacion-biodiversidad.es\/en\/actualidad_home\/e5-million-to-support-the-recruitment-of-unemployed-people\/\"]}]},{\"@type\":\"ImageObject\",\"inLanguage\":\"en-US\",\"@id\":\"https:\/\/fundacion-biodiversidad.es\/en\/actualidad_home\/e5-million-to-support-the-recruitment-of-unemployed-people\/#primaryimage\",\"url\":\"https:\/\/fundacion-biodiversidad.es\/wp-content\/uploads\/2021\/01\/articulo_convocatoria_empleaverdeemplea_2020_0.png\",\"contentUrl\":\"https:\/\/fundacion-biodiversidad.es\/wp-content\/uploads\/2021\/01\/articulo_convocatoria_empleaverdeemplea_2020_0.png\",\"width\":1200,\"height\":628},{\"@type\":\"BreadcrumbList\",\"@id\":\"https:\/\/fundacion-biodiversidad.es\/en\/actualidad_home\/e5-million-to-support-the-recruitment-of-unemployed-people\/#breadcrumb\",\"itemListElement\":[{\"@type\":\"ListItem\",\"position\":1,\"name\":\"Portada\",\"item\":\"https:\/\/fundacion-biodiversidad.es\/en\/inicio\/\"},{\"@type\":\"ListItem\",\"position\":2,\"name\":\"Noticias de actualidad\",\"item\":\"https:\/\/fundacion-biodiversidad.es\/en\/actualidad_home\/\"},{\"@type\":\"ListItem\",\"position\":3,\"name\":\"\u20ac5 million to support the recruitment of unemployed people\"}]},{\"@type\":\"WebSite\",\"@id\":\"https:\/\/fundacion-biodiversidad.es\/en\/#website\",\"url\":\"https:\/\/fundacion-biodiversidad.es\/en\/\",\"name\":\"Fundaci\u00f3n Biodiversidad\",\"description\":\"Fundaci\u00f3n p\u00fablica adscrita al Ministerio para la Transici\u00f3n Ecol\u00f3gica\",\"potentialAction\":[{\"@type\":\"SearchAction\",\"target\":{\"@type\":\"EntryPoint\",\"urlTemplate\":\"https:\/\/fundacion-biodiversidad.es\/en\/?s={search_term_string}\"},\"query-input\":{\"@type\":\"PropertyValueSpecification\",\"valueRequired\":true,\"valueName\":\"search_term_string\"}}],\"inLanguage\":\"en-US\"}]}<\/script>\n<!-- \/ Yoast SEO plugin. -->","yoast_head_json":{"title":"\u20ac5 million to support the recruitment of unemployed people - Fundaci\u00f3n Biodiversidad","robots":{"index":"index","follow":"follow","max-snippet":"max-snippet:-1","max-image-preview":"max-image-preview:large","max-video-preview":"max-video-preview:-1"},"canonical":"https:\/\/fundacion-biodiversidad.es\/en\/actualidad_home\/e5-million-to-support-the-recruitment-of-unemployed-people\/","og_locale":"en_US","og_type":"article","og_title":"\u20ac5 million to support the recruitment of unemployed people - Fundaci\u00f3n Biodiversidad","og_description":"Both private entities with or without profit, as well as individuals acting as employers who have made any type of full-time contract for a minimum [&hellip;]","og_url":"https:\/\/fundacion-biodiversidad.es\/en\/actualidad_home\/e5-million-to-support-the-recruitment-of-unemployed-people\/","og_site_name":"Fundaci\u00f3n Biodiversidad","og_image":[{"width":720,"height":405,"url":"https:\/\/fundacion-biodiversidad.es\/wp-content\/uploads\/2023\/01\/2487661294_35330241_720x405.png","type":"image\/png"}],"twitter_card":"summary_large_image","twitter_misc":{"Est. reading time":"2 minutes"},"schema":{"@context":"https:\/\/schema.org","@graph":[{"@type":"WebPage","@id":"https:\/\/fundacion-biodiversidad.es\/en\/actualidad_home\/e5-million-to-support-the-recruitment-of-unemployed-people\/","url":"https:\/\/fundacion-biodiversidad.es\/en\/actualidad_home\/e5-million-to-support-the-recruitment-of-unemployed-people\/","name":"\u20ac5 million to support the recruitment of unemployed people - Fundaci\u00f3n Biodiversidad","isPartOf":{"@id":"https:\/\/fundacion-biodiversidad.es\/en\/#website"},"primaryImageOfPage":{"@id":"https:\/\/fundacion-biodiversidad.es\/en\/actualidad_home\/e5-million-to-support-the-recruitment-of-unemployed-people\/#primaryimage"},"image":{"@id":"https:\/\/fundacion-biodiversidad.es\/en\/actualidad_home\/e5-million-to-support-the-recruitment-of-unemployed-people\/#primaryimage"},"thumbnailUrl":"https:\/\/fundacion-biodiversidad.es\/wp-content\/uploads\/2021\/01\/articulo_convocatoria_empleaverdeemplea_2020_0.png","datePublished":"2020-08-20T10:36:11+00:00","breadcrumb":{"@id":"https:\/\/fundacion-biodiversidad.es\/en\/actualidad_home\/e5-million-to-support-the-recruitment-of-unemployed-people\/#breadcrumb"},"inLanguage":"en-US","potentialAction":[{"@type":"ReadAction","target":["https:\/\/fundacion-biodiversidad.es\/en\/actualidad_home\/e5-million-to-support-the-recruitment-of-unemployed-people\/"]}]},{"@type":"ImageObject","inLanguage":"en-US","@id":"https:\/\/fundacion-biodiversidad.es\/en\/actualidad_home\/e5-million-to-support-the-recruitment-of-unemployed-people\/#primaryimage","url":"https:\/\/fundacion-biodiversidad.es\/wp-content\/uploads\/2021\/01\/articulo_convocatoria_empleaverdeemplea_2020_0.png","contentUrl":"https:\/\/fundacion-biodiversidad.es\/wp-content\/uploads\/2021\/01\/articulo_convocatoria_empleaverdeemplea_2020_0.png","width":1200,"height":628},{"@type":"BreadcrumbList","@id":"https:\/\/fundacion-biodiversidad.es\/en\/actualidad_home\/e5-million-to-support-the-recruitment-of-unemployed-people\/#breadcrumb","itemListElement":[{"@type":"ListItem","position":1,"name":"Portada","item":"https:\/\/fundacion-biodiversidad.es\/en\/inicio\/"},{"@type":"ListItem","position":2,"name":"Noticias de actualidad","item":"https:\/\/fundacion-biodiversidad.es\/en\/actualidad_home\/"},{"@type":"ListItem","position":3,"name":"\u20ac5 million to support the recruitment of unemployed people"}]},{"@type":"WebSite","@id":"https:\/\/fundacion-biodiversidad.es\/en\/#website","url":"https:\/\/fundacion-biodiversidad.es\/en\/","name":"Fundaci\u00f3n Biodiversidad","description":"Fundaci\u00f3n p\u00fablica adscrita al Ministerio para la Transici\u00f3n Ecol\u00f3gica","potentialAction":[{"@type":"SearchAction","target":{"@type":"EntryPoint","urlTemplate":"https:\/\/fundacion-biodiversidad.es\/en\/?s={search_term_string}"},"query-input":{"@type":"PropertyValueSpecification","valueRequired":true,"valueName":"search_term_string"}}],"inLanguage":"en-US"}]}},"_links":{"self":[{"href":"https:\/\/fundacion-biodiversidad.es\/en\/wp-json\/wp\/v2\/actualidad_home\/97858394","targetHints":{"allow":["GET"]}}],"collection":[{"href":"https:\/\/fundacion-biodiversidad.es\/en\/wp-json\/wp\/v2\/actualidad_home"}],"about":[{"href":"https:\/\/fundacion-biodiversidad.es\/en\/wp-json\/wp\/v2\/types\/actualidad_home"}],"author":[{"embeddable":true,"href":"https:\/\/fundacion-biodiversidad.es\/en\/wp-json\/wp\/v2\/users\/11"}],"wp:featuredmedia":[{"embeddable":true,"href":"https:\/\/fundacion-biodiversidad.es\/en\/wp-json\/wp\/v2\/media\/36098"}],"wp:attachment":[{"href":"https:\/\/fundacion-biodiversidad.es\/en\/wp-json\/wp\/v2\/media?parent=97858394"}],"wp:term":[{"taxonomy":"palabras_clave","embeddable":true,"href":"https:\/\/fundacion-biodiversidad.es\/en\/wp-json\/wp\/v2\/palabras_clave?post=97858394"}],"curies":[{"name":"wp","href":"https:\/\/api.w.org\/{rel}","templated":true}]}}