{"id":97858399,"date":"2020-08-06T14:42:54","date_gmt":"2020-08-06T12:42:54","guid":{"rendered":"https:\/\/fundacion-biodiversidad.es\/actualidad_home\/the-first-bearded-vulture-born-in-picos-de-europa-in-75-years-is-already-flying\/"},"modified":"2020-08-06T14:42:54","modified_gmt":"2020-08-06T12:42:54","slug":"the-first-bearded-vulture-born-in-picos-de-europa-in-75-years-is-already-flying","status":"publish","type":"actualidad_home","link":"https:\/\/fundacion-biodiversidad.es\/en\/actualidad_home\/the-first-bearded-vulture-born-in-picos-de-europa-in-75-years-is-already-flying\/","title":{"rendered":"The first bearded vulture born in Picos de Europa in 75 years is already flying"},"content":{"rendered":"<p>The bearded vulture chick born in the wild last March in the Picos de Europa is a female, which has been baptized as Bienvenida.<br \/>\n<!--more--><\/p>\n<p>The bearded vulture chick born in the wild last March in the Picos de Europa, the first since the extinction of the species in what is now the National Park, has jumped from the nest and has begun to fly. The technicians of the Foundation for the Conservation of the Bearded Vulture (FCQ) have already been able to observe this week the chick in the wild once the specimen has exceeded its growth period and after remaining in the nest for 141 days. <\/p>\n<p><strong>It is a female, which has been baptized as Bienvenida<\/strong> in allusion to the social context in which she was born, much more favorable to the conservation and appreciation of Spanish biodiversity, than that of the mid-twentieth century, when the species ended up being extinct in this territory.<\/p>\n<p>For the next four months, and as is usual in this species, Bienvenida will fly around the area of its birth and will continue to receive food support and protection from its parents, Deva and Casanova, two adult specimens that have been a couple since 2014. Deva is a 10-year-old female, of Pyrenean origin bred by the FCQ and ceded by the Government of Aragon in 2010, reintroduced in the Picos de Europa that same year within the framework of the recovery project of the species; Casanova is a male of at least 13 years old who arrived under his own power from the Pyrenees and settled in Picos in 2013. &nbsp;<\/p>\n<p>The bearded vulture is at the highest level of protection in the European Union, including Spain, where it is declared an &#8216;Endangered Species&#8217;. The Programme for the Reintroduction of the Bearded Vulture in the Picos de Europa aims to achieve the stable settlement of a population in this area, which would mean a meta-population that would favour the flow and exchange of specimens with the Pyrenean population through the Iberian-Cantabrian corridor and a guarantee for the conservation of the species in our country in the event of possible catastrophic events that could affect one of its breeding nuclei. It is, on the other hand, a clear exponent of the achievements of public-private programmes co-participated by the Administration and conservation organisations, as well as an outstanding example of network collaboration between the two centenary National Parks of our country, Ordesa and Monte Perdido, in Aragon (where the specimens released each year in Picos de Europa undergo a period of adaptation and behavioural training) and that of the Picos de Europa.  co-managed by three Autonomous Communities.  <\/p>\n<p><strong>At the Biodiversity Foundation we have been supporting projects for the conservation of the bearded vulture for years<\/strong>, and we are currently collaborating with its recovery through the Recovering Lost Territories project: &#8220;Programme of actions for the identification of new areas of bearded vulture settlement in the mountains of the centre and north of the peninsula&#8221;.<\/p>\n","protected":false},"author":11,"featured_media":36096,"template":"","meta":{"_acf_changed":false},"palabras_clave":[],"class_list":["post-97858399","actualidad_home","type-actualidad_home","status-publish","has-post-thumbnail","hentry"],"acf":[],"yoast_head":"<!-- This site is optimized with the Yoast SEO plugin v26.9 - https:\/\/yoast.com\/product\/yoast-seo-wordpress\/ -->\n<title>The first bearded vulture born in Picos de Europa in 75 years is already flying - Fundaci\u00f3n Biodiversidad<\/title>\n<meta name=\"robots\" content=\"index, follow, max-snippet:-1, max-image-preview:large, max-video-preview:-1\" \/>\n<link rel=\"canonical\" href=\"https:\/\/fundacion-biodiversidad.es\/en\/actualidad_home\/the-first-bearded-vulture-born-in-picos-de-europa-in-75-years-is-already-flying\/\" \/>\n<meta property=\"og:locale\" content=\"en_US\" \/>\n<meta property=\"og:type\" content=\"article\" \/>\n<meta property=\"og:title\" content=\"The first bearded vulture born in Picos de Europa in 75 years is already flying - Fundaci\u00f3n Biodiversidad\" \/>\n<meta property=\"og:description\" content=\"The bearded vulture chick born in the wild last March in the Picos de Europa is a female, which has been baptized as Bienvenida.\" \/>\n<meta property=\"og:url\" content=\"https:\/\/fundacion-biodiversidad.es\/en\/actualidad_home\/the-first-bearded-vulture-born-in-picos-de-europa-in-75-years-is-already-flying\/\" \/>\n<meta property=\"og:site_name\" content=\"Fundaci\u00f3n Biodiversidad\" \/>\n<meta property=\"og:image\" content=\"https:\/\/fundacion-biodiversidad.es\/wp-content\/uploads\/2023\/01\/2487661294_35330241_720x405.png\" \/>\n\t<meta property=\"og:image:width\" content=\"720\" \/>\n\t<meta property=\"og:image:height\" content=\"405\" \/>\n\t<meta property=\"og:image:type\" content=\"image\/png\" \/>\n<meta name=\"twitter:card\" content=\"summary_large_image\" \/>\n<meta name=\"twitter:label1\" content=\"Est. reading time\" \/>\n\t<meta name=\"twitter:data1\" content=\"2 minutes\" \/>\n<script type=\"application\/ld+json\" class=\"yoast-schema-graph\">{\"@context\":\"https:\/\/schema.org\",\"@graph\":[{\"@type\":\"WebPage\",\"@id\":\"https:\/\/fundacion-biodiversidad.es\/en\/actualidad_home\/the-first-bearded-vulture-born-in-picos-de-europa-in-75-years-is-already-flying\/\",\"url\":\"https:\/\/fundacion-biodiversidad.es\/en\/actualidad_home\/the-first-bearded-vulture-born-in-picos-de-europa-in-75-years-is-already-flying\/\",\"name\":\"The first bearded vulture born in Picos de Europa in 75 years is already flying - Fundaci\u00f3n Biodiversidad\",\"isPartOf\":{\"@id\":\"https:\/\/fundacion-biodiversidad.es\/en\/#website\"},\"primaryImageOfPage\":{\"@id\":\"https:\/\/fundacion-biodiversidad.es\/en\/actualidad_home\/the-first-bearded-vulture-born-in-picos-de-europa-in-75-years-is-already-flying\/#primaryimage\"},\"image\":{\"@id\":\"https:\/\/fundacion-biodiversidad.es\/en\/actualidad_home\/the-first-bearded-vulture-born-in-picos-de-europa-in-75-years-is-already-flying\/#primaryimage\"},\"thumbnailUrl\":\"https:\/\/fundacion-biodiversidad.es\/wp-content\/uploads\/2020\/08\/fcq2345-scaled.jpg\",\"datePublished\":\"2020-08-06T12:42:54+00:00\",\"breadcrumb\":{\"@id\":\"https:\/\/fundacion-biodiversidad.es\/en\/actualidad_home\/the-first-bearded-vulture-born-in-picos-de-europa-in-75-years-is-already-flying\/#breadcrumb\"},\"inLanguage\":\"en-US\",\"potentialAction\":[{\"@type\":\"ReadAction\",\"target\":[\"https:\/\/fundacion-biodiversidad.es\/en\/actualidad_home\/the-first-bearded-vulture-born-in-picos-de-europa-in-75-years-is-already-flying\/\"]}]},{\"@type\":\"ImageObject\",\"inLanguage\":\"en-US\",\"@id\":\"https:\/\/fundacion-biodiversidad.es\/en\/actualidad_home\/the-first-bearded-vulture-born-in-picos-de-europa-in-75-years-is-already-flying\/#primaryimage\",\"url\":\"https:\/\/fundacion-biodiversidad.es\/wp-content\/uploads\/2020\/08\/fcq2345-scaled.jpg\",\"contentUrl\":\"https:\/\/fundacion-biodiversidad.es\/wp-content\/uploads\/2020\/08\/fcq2345-scaled.jpg\",\"width\":2560,\"height\":1889},{\"@type\":\"BreadcrumbList\",\"@id\":\"https:\/\/fundacion-biodiversidad.es\/en\/actualidad_home\/the-first-bearded-vulture-born-in-picos-de-europa-in-75-years-is-already-flying\/#breadcrumb\",\"itemListElement\":[{\"@type\":\"ListItem\",\"position\":1,\"name\":\"Portada\",\"item\":\"https:\/\/fundacion-biodiversidad.es\/en\/inicio\/\"},{\"@type\":\"ListItem\",\"position\":2,\"name\":\"Noticias de actualidad\",\"item\":\"https:\/\/fundacion-biodiversidad.es\/en\/actualidad_home\/\"},{\"@type\":\"ListItem\",\"position\":3,\"name\":\"The first bearded vulture born in Picos de Europa in 75 years is already flying\"}]},{\"@type\":\"WebSite\",\"@id\":\"https:\/\/fundacion-biodiversidad.es\/en\/#website\",\"url\":\"https:\/\/fundacion-biodiversidad.es\/en\/\",\"name\":\"Fundaci\u00f3n Biodiversidad\",\"description\":\"Fundaci\u00f3n p\u00fablica adscrita al Ministerio para la Transici\u00f3n Ecol\u00f3gica\",\"potentialAction\":[{\"@type\":\"SearchAction\",\"target\":{\"@type\":\"EntryPoint\",\"urlTemplate\":\"https:\/\/fundacion-biodiversidad.es\/en\/?s={search_term_string}\"},\"query-input\":{\"@type\":\"PropertyValueSpecification\",\"valueRequired\":true,\"valueName\":\"search_term_string\"}}],\"inLanguage\":\"en-US\"}]}<\/script>\n<!-- \/ Yoast SEO plugin. -->","yoast_head_json":{"title":"The first bearded vulture born in Picos de Europa in 75 years is already flying - Fundaci\u00f3n Biodiversidad","robots":{"index":"index","follow":"follow","max-snippet":"max-snippet:-1","max-image-preview":"max-image-preview:large","max-video-preview":"max-video-preview:-1"},"canonical":"https:\/\/fundacion-biodiversidad.es\/en\/actualidad_home\/the-first-bearded-vulture-born-in-picos-de-europa-in-75-years-is-already-flying\/","og_locale":"en_US","og_type":"article","og_title":"The first bearded vulture born in Picos de Europa in 75 years is already flying - Fundaci\u00f3n Biodiversidad","og_description":"The bearded vulture chick born in the wild last March in the Picos de Europa is a female, which has been baptized as Bienvenida.","og_url":"https:\/\/fundacion-biodiversidad.es\/en\/actualidad_home\/the-first-bearded-vulture-born-in-picos-de-europa-in-75-years-is-already-flying\/","og_site_name":"Fundaci\u00f3n Biodiversidad","og_image":[{"width":720,"height":405,"url":"https:\/\/fundacion-biodiversidad.es\/wp-content\/uploads\/2023\/01\/2487661294_35330241_720x405.png","type":"image\/png"}],"twitter_card":"summary_large_image","twitter_misc":{"Est. reading time":"2 minutes"},"schema":{"@context":"https:\/\/schema.org","@graph":[{"@type":"WebPage","@id":"https:\/\/fundacion-biodiversidad.es\/en\/actualidad_home\/the-first-bearded-vulture-born-in-picos-de-europa-in-75-years-is-already-flying\/","url":"https:\/\/fundacion-biodiversidad.es\/en\/actualidad_home\/the-first-bearded-vulture-born-in-picos-de-europa-in-75-years-is-already-flying\/","name":"The first bearded vulture born in Picos de Europa in 75 years is already flying - Fundaci\u00f3n Biodiversidad","isPartOf":{"@id":"https:\/\/fundacion-biodiversidad.es\/en\/#website"},"primaryImageOfPage":{"@id":"https:\/\/fundacion-biodiversidad.es\/en\/actualidad_home\/the-first-bearded-vulture-born-in-picos-de-europa-in-75-years-is-already-flying\/#primaryimage"},"image":{"@id":"https:\/\/fundacion-biodiversidad.es\/en\/actualidad_home\/the-first-bearded-vulture-born-in-picos-de-europa-in-75-years-is-already-flying\/#primaryimage"},"thumbnailUrl":"https:\/\/fundacion-biodiversidad.es\/wp-content\/uploads\/2020\/08\/fcq2345-scaled.jpg","datePublished":"2020-08-06T12:42:54+00:00","breadcrumb":{"@id":"https:\/\/fundacion-biodiversidad.es\/en\/actualidad_home\/the-first-bearded-vulture-born-in-picos-de-europa-in-75-years-is-already-flying\/#breadcrumb"},"inLanguage":"en-US","potentialAction":[{"@type":"ReadAction","target":["https:\/\/fundacion-biodiversidad.es\/en\/actualidad_home\/the-first-bearded-vulture-born-in-picos-de-europa-in-75-years-is-already-flying\/"]}]},{"@type":"ImageObject","inLanguage":"en-US","@id":"https:\/\/fundacion-biodiversidad.es\/en\/actualidad_home\/the-first-bearded-vulture-born-in-picos-de-europa-in-75-years-is-already-flying\/#primaryimage","url":"https:\/\/fundacion-biodiversidad.es\/wp-content\/uploads\/2020\/08\/fcq2345-scaled.jpg","contentUrl":"https:\/\/fundacion-biodiversidad.es\/wp-content\/uploads\/2020\/08\/fcq2345-scaled.jpg","width":2560,"height":1889},{"@type":"BreadcrumbList","@id":"https:\/\/fundacion-biodiversidad.es\/en\/actualidad_home\/the-first-bearded-vulture-born-in-picos-de-europa-in-75-years-is-already-flying\/#breadcrumb","itemListElement":[{"@type":"ListItem","position":1,"name":"Portada","item":"https:\/\/fundacion-biodiversidad.es\/en\/inicio\/"},{"@type":"ListItem","position":2,"name":"Noticias de actualidad","item":"https:\/\/fundacion-biodiversidad.es\/en\/actualidad_home\/"},{"@type":"ListItem","position":3,"name":"The first bearded vulture born in Picos de Europa in 75 years is already flying"}]},{"@type":"WebSite","@id":"https:\/\/fundacion-biodiversidad.es\/en\/#website","url":"https:\/\/fundacion-biodiversidad.es\/en\/","name":"Fundaci\u00f3n Biodiversidad","description":"Fundaci\u00f3n p\u00fablica adscrita al Ministerio para la Transici\u00f3n Ecol\u00f3gica","potentialAction":[{"@type":"SearchAction","target":{"@type":"EntryPoint","urlTemplate":"https:\/\/fundacion-biodiversidad.es\/en\/?s={search_term_string}"},"query-input":{"@type":"PropertyValueSpecification","valueRequired":true,"valueName":"search_term_string"}}],"inLanguage":"en-US"}]}},"_links":{"self":[{"href":"https:\/\/fundacion-biodiversidad.es\/en\/wp-json\/wp\/v2\/actualidad_home\/97858399","targetHints":{"allow":["GET"]}}],"collection":[{"href":"https:\/\/fundacion-biodiversidad.es\/en\/wp-json\/wp\/v2\/actualidad_home"}],"about":[{"href":"https:\/\/fundacion-biodiversidad.es\/en\/wp-json\/wp\/v2\/types\/actualidad_home"}],"author":[{"embeddable":true,"href":"https:\/\/fundacion-biodiversidad.es\/en\/wp-json\/wp\/v2\/users\/11"}],"wp:featuredmedia":[{"embeddable":true,"href":"https:\/\/fundacion-biodiversidad.es\/en\/wp-json\/wp\/v2\/media\/36096"}],"wp:attachment":[{"href":"https:\/\/fundacion-biodiversidad.es\/en\/wp-json\/wp\/v2\/media?parent=97858399"}],"wp:term":[{"taxonomy":"palabras_clave","embeddable":true,"href":"https:\/\/fundacion-biodiversidad.es\/en\/wp-json\/wp\/v2\/palabras_clave?post=97858399"}],"curies":[{"name":"wp","href":"https:\/\/api.w.org\/{rel}","templated":true}]}}