{"id":97858402,"date":"2020-09-05T08:00:07","date_gmt":"2020-09-05T06:00:07","guid":{"rendered":"https:\/\/fundacion-biodiversidad.es\/actualidad_home\/we-celebrate-international-vulture-day\/"},"modified":"2020-09-05T08:00:07","modified_gmt":"2020-09-05T06:00:07","slug":"we-celebrate-international-vulture-day","status":"publish","type":"actualidad_home","link":"https:\/\/fundacion-biodiversidad.es\/en\/actualidad_home\/we-celebrate-international-vulture-day\/","title":{"rendered":"We celebrate International Vulture Day"},"content":{"rendered":"<p>On the first Saturday of September each year we pay tribute to these birds so important for biodiversity on International Vulture Day.<br \/>\n<!--more--><\/p>\n<p>On the first Saturday of September each year we pay tribute to these birds so important for biodiversity on <strong>International Vulture Day<\/strong>. This event has been celebrated since 2006 with the aim of raising awareness of the importance of vultures as a whole for ecosystems and making visible different factors that threaten their situation worldwide, including collisions with wind turbines or electrical infrastructures, poisoned baits or the degradation of their habitat. <\/p>\n<p>Vultures are a group of <strong>ecologically vital birds<\/strong> that provide critical ecosystem services such as <strong>cleaning up the environment<\/strong> by consuming carrion and other organic waste from the environment, a situation that, if not done, would benefit the spread of disease in both wild and domestic animals and could increase pathogen risks to humans.<\/p>\n<p>Globally, there are <strong>23 species of vultures, of which 16<\/strong> are threatened and included in the IUCN red list. Spain has <strong>90% of the vulture populations in the European Union<\/strong> and is home to 4 species: the bearded vulture (<em>Gyapetus barbatus<\/em>), the griffon vulture (<em>fulvus<\/em>), the Egyptian vulture (<em>Neoprhon pernopterus<\/em><em>)<\/em> and the black vulture (<em>Aegypius monachus<\/em><em>).<\/em><\/p>\n<p>Along these lines, the Biodiversity Foundation  <strong>has supported more than 20 projects <\/strong>that carry out various actions through our calls for grants, which directly or indirectly help to improve the status of this species. To this end, <strong>we have allocated nearly 800,000 euros to these initiatives, <\/strong>of which two of them are currently being executed. <\/p>\n<p>In this way, the <strong>Rural Nature Association <\/strong>develops &#8220;Consolidation of the black vulture colony in the Catalan Pyrenees and dispersion to new territories in Aragon&#8221;, a project that focuses on the <strong>reintroduction of this bird <\/strong>that disappeared in the Pyrenees in the nineteenth century. Currently, with 50 specimens in the colony and 12 breeding pairs, all in the Boumort SPA, the entity sees it possible that the next step will be the expansion of the colony to nearby territories in Aragon and Catalonia. In addition, other actions that are contemplated include increasing the supplementary feeding points of the species and improving habitats to facilitate the expansion of the colony towards the Aragonese Pyrenees.  <\/p>\n<p>For its part, <a href=\"https:\/\/fnyh.org\/\"><strong>the Nature and Man Foundation (FNYH)<\/strong><\/a> is working on the project &#8220;Club de Fincas, a tool for the promotion of Land Stewardship and the protection of habitats linked to the pasture&#8221;, an initiative that, among other awareness-raising and dissemination actions, aims to act on priority habitats and carry out <strong>monitoring actions on<\/strong> wild species such as the black vulture and the black stork.<\/p>\n","protected":false},"author":11,"featured_media":36099,"template":"","meta":{"_acf_changed":false},"palabras_clave":[141,498,34],"class_list":["post-97858402","actualidad_home","type-actualidad_home","status-publish","has-post-thumbnail","hentry","palabras_clave-convocatoria-de-ayudas","palabras_clave-dia-internacional-de-los-buitres","palabras_clave-fundacion-biodiversidad"],"acf":[],"yoast_head":"<!-- This site is optimized with the Yoast SEO plugin v26.9 - https:\/\/yoast.com\/product\/yoast-seo-wordpress\/ -->\n<title>We celebrate International Vulture Day - Fundaci\u00f3n Biodiversidad<\/title>\n<meta name=\"robots\" content=\"index, follow, max-snippet:-1, max-image-preview:large, max-video-preview:-1\" \/>\n<link rel=\"canonical\" href=\"https:\/\/fundacion-biodiversidad.es\/en\/actualidad_home\/we-celebrate-international-vulture-day\/\" \/>\n<meta property=\"og:locale\" content=\"en_US\" \/>\n<meta property=\"og:type\" content=\"article\" \/>\n<meta property=\"og:title\" content=\"We celebrate International Vulture Day - Fundaci\u00f3n Biodiversidad\" \/>\n<meta property=\"og:description\" content=\"On the first Saturday of September each year we pay tribute to these birds so important for biodiversity on International Vulture Day.\" \/>\n<meta property=\"og:url\" content=\"https:\/\/fundacion-biodiversidad.es\/en\/actualidad_home\/we-celebrate-international-vulture-day\/\" \/>\n<meta property=\"og:site_name\" content=\"Fundaci\u00f3n Biodiversidad\" \/>\n<meta property=\"og:image\" content=\"https:\/\/fundacion-biodiversidad.es\/wp-content\/uploads\/2023\/01\/2487661294_35330241_720x405.png\" \/>\n\t<meta property=\"og:image:width\" content=\"720\" \/>\n\t<meta property=\"og:image:height\" content=\"405\" \/>\n\t<meta property=\"og:image:type\" content=\"image\/png\" \/>\n<meta name=\"twitter:card\" content=\"summary_large_image\" \/>\n<meta name=\"twitter:label1\" content=\"Est. reading time\" \/>\n\t<meta name=\"twitter:data1\" content=\"2 minutes\" \/>\n<script type=\"application\/ld+json\" class=\"yoast-schema-graph\">{\"@context\":\"https:\/\/schema.org\",\"@graph\":[{\"@type\":\"WebPage\",\"@id\":\"https:\/\/fundacion-biodiversidad.es\/en\/actualidad_home\/we-celebrate-international-vulture-day\/\",\"url\":\"https:\/\/fundacion-biodiversidad.es\/en\/actualidad_home\/we-celebrate-international-vulture-day\/\",\"name\":\"We celebrate International Vulture Day - Fundaci\u00f3n Biodiversidad\",\"isPartOf\":{\"@id\":\"https:\/\/fundacion-biodiversidad.es\/en\/#website\"},\"primaryImageOfPage\":{\"@id\":\"https:\/\/fundacion-biodiversidad.es\/en\/actualidad_home\/we-celebrate-international-vulture-day\/#primaryimage\"},\"image\":{\"@id\":\"https:\/\/fundacion-biodiversidad.es\/en\/actualidad_home\/we-celebrate-international-vulture-day\/#primaryimage\"},\"thumbnailUrl\":\"https:\/\/fundacion-biodiversidad.es\/wp-content\/uploads\/2020\/09\/dia_internacional_de_los_buitres_2020.jpg\",\"datePublished\":\"2020-09-05T06:00:07+00:00\",\"breadcrumb\":{\"@id\":\"https:\/\/fundacion-biodiversidad.es\/en\/actualidad_home\/we-celebrate-international-vulture-day\/#breadcrumb\"},\"inLanguage\":\"en-US\",\"potentialAction\":[{\"@type\":\"ReadAction\",\"target\":[\"https:\/\/fundacion-biodiversidad.es\/en\/actualidad_home\/we-celebrate-international-vulture-day\/\"]}]},{\"@type\":\"ImageObject\",\"inLanguage\":\"en-US\",\"@id\":\"https:\/\/fundacion-biodiversidad.es\/en\/actualidad_home\/we-celebrate-international-vulture-day\/#primaryimage\",\"url\":\"https:\/\/fundacion-biodiversidad.es\/wp-content\/uploads\/2020\/09\/dia_internacional_de_los_buitres_2020.jpg\",\"contentUrl\":\"https:\/\/fundacion-biodiversidad.es\/wp-content\/uploads\/2020\/09\/dia_internacional_de_los_buitres_2020.jpg\",\"width\":747,\"height\":423},{\"@type\":\"BreadcrumbList\",\"@id\":\"https:\/\/fundacion-biodiversidad.es\/en\/actualidad_home\/we-celebrate-international-vulture-day\/#breadcrumb\",\"itemListElement\":[{\"@type\":\"ListItem\",\"position\":1,\"name\":\"Portada\",\"item\":\"https:\/\/fundacion-biodiversidad.es\/en\/inicio\/\"},{\"@type\":\"ListItem\",\"position\":2,\"name\":\"Noticias de actualidad\",\"item\":\"https:\/\/fundacion-biodiversidad.es\/en\/actualidad_home\/\"},{\"@type\":\"ListItem\",\"position\":3,\"name\":\"We celebrate International Vulture Day\"}]},{\"@type\":\"WebSite\",\"@id\":\"https:\/\/fundacion-biodiversidad.es\/en\/#website\",\"url\":\"https:\/\/fundacion-biodiversidad.es\/en\/\",\"name\":\"Fundaci\u00f3n Biodiversidad\",\"description\":\"Fundaci\u00f3n p\u00fablica adscrita al Ministerio para la Transici\u00f3n Ecol\u00f3gica\",\"potentialAction\":[{\"@type\":\"SearchAction\",\"target\":{\"@type\":\"EntryPoint\",\"urlTemplate\":\"https:\/\/fundacion-biodiversidad.es\/en\/?s={search_term_string}\"},\"query-input\":{\"@type\":\"PropertyValueSpecification\",\"valueRequired\":true,\"valueName\":\"search_term_string\"}}],\"inLanguage\":\"en-US\"}]}<\/script>\n<!-- \/ Yoast SEO plugin. -->","yoast_head_json":{"title":"We celebrate International Vulture Day - Fundaci\u00f3n Biodiversidad","robots":{"index":"index","follow":"follow","max-snippet":"max-snippet:-1","max-image-preview":"max-image-preview:large","max-video-preview":"max-video-preview:-1"},"canonical":"https:\/\/fundacion-biodiversidad.es\/en\/actualidad_home\/we-celebrate-international-vulture-day\/","og_locale":"en_US","og_type":"article","og_title":"We celebrate International Vulture Day - Fundaci\u00f3n Biodiversidad","og_description":"On the first Saturday of September each year we pay tribute to these birds so important for biodiversity on International Vulture Day.","og_url":"https:\/\/fundacion-biodiversidad.es\/en\/actualidad_home\/we-celebrate-international-vulture-day\/","og_site_name":"Fundaci\u00f3n Biodiversidad","og_image":[{"width":720,"height":405,"url":"https:\/\/fundacion-biodiversidad.es\/wp-content\/uploads\/2023\/01\/2487661294_35330241_720x405.png","type":"image\/png"}],"twitter_card":"summary_large_image","twitter_misc":{"Est. reading time":"2 minutes"},"schema":{"@context":"https:\/\/schema.org","@graph":[{"@type":"WebPage","@id":"https:\/\/fundacion-biodiversidad.es\/en\/actualidad_home\/we-celebrate-international-vulture-day\/","url":"https:\/\/fundacion-biodiversidad.es\/en\/actualidad_home\/we-celebrate-international-vulture-day\/","name":"We celebrate International Vulture Day - Fundaci\u00f3n Biodiversidad","isPartOf":{"@id":"https:\/\/fundacion-biodiversidad.es\/en\/#website"},"primaryImageOfPage":{"@id":"https:\/\/fundacion-biodiversidad.es\/en\/actualidad_home\/we-celebrate-international-vulture-day\/#primaryimage"},"image":{"@id":"https:\/\/fundacion-biodiversidad.es\/en\/actualidad_home\/we-celebrate-international-vulture-day\/#primaryimage"},"thumbnailUrl":"https:\/\/fundacion-biodiversidad.es\/wp-content\/uploads\/2020\/09\/dia_internacional_de_los_buitres_2020.jpg","datePublished":"2020-09-05T06:00:07+00:00","breadcrumb":{"@id":"https:\/\/fundacion-biodiversidad.es\/en\/actualidad_home\/we-celebrate-international-vulture-day\/#breadcrumb"},"inLanguage":"en-US","potentialAction":[{"@type":"ReadAction","target":["https:\/\/fundacion-biodiversidad.es\/en\/actualidad_home\/we-celebrate-international-vulture-day\/"]}]},{"@type":"ImageObject","inLanguage":"en-US","@id":"https:\/\/fundacion-biodiversidad.es\/en\/actualidad_home\/we-celebrate-international-vulture-day\/#primaryimage","url":"https:\/\/fundacion-biodiversidad.es\/wp-content\/uploads\/2020\/09\/dia_internacional_de_los_buitres_2020.jpg","contentUrl":"https:\/\/fundacion-biodiversidad.es\/wp-content\/uploads\/2020\/09\/dia_internacional_de_los_buitres_2020.jpg","width":747,"height":423},{"@type":"BreadcrumbList","@id":"https:\/\/fundacion-biodiversidad.es\/en\/actualidad_home\/we-celebrate-international-vulture-day\/#breadcrumb","itemListElement":[{"@type":"ListItem","position":1,"name":"Portada","item":"https:\/\/fundacion-biodiversidad.es\/en\/inicio\/"},{"@type":"ListItem","position":2,"name":"Noticias de actualidad","item":"https:\/\/fundacion-biodiversidad.es\/en\/actualidad_home\/"},{"@type":"ListItem","position":3,"name":"We celebrate International Vulture Day"}]},{"@type":"WebSite","@id":"https:\/\/fundacion-biodiversidad.es\/en\/#website","url":"https:\/\/fundacion-biodiversidad.es\/en\/","name":"Fundaci\u00f3n Biodiversidad","description":"Fundaci\u00f3n p\u00fablica adscrita al Ministerio para la Transici\u00f3n Ecol\u00f3gica","potentialAction":[{"@type":"SearchAction","target":{"@type":"EntryPoint","urlTemplate":"https:\/\/fundacion-biodiversidad.es\/en\/?s={search_term_string}"},"query-input":{"@type":"PropertyValueSpecification","valueRequired":true,"valueName":"search_term_string"}}],"inLanguage":"en-US"}]}},"_links":{"self":[{"href":"https:\/\/fundacion-biodiversidad.es\/en\/wp-json\/wp\/v2\/actualidad_home\/97858402","targetHints":{"allow":["GET"]}}],"collection":[{"href":"https:\/\/fundacion-biodiversidad.es\/en\/wp-json\/wp\/v2\/actualidad_home"}],"about":[{"href":"https:\/\/fundacion-biodiversidad.es\/en\/wp-json\/wp\/v2\/types\/actualidad_home"}],"author":[{"embeddable":true,"href":"https:\/\/fundacion-biodiversidad.es\/en\/wp-json\/wp\/v2\/users\/11"}],"wp:featuredmedia":[{"embeddable":true,"href":"https:\/\/fundacion-biodiversidad.es\/en\/wp-json\/wp\/v2\/media\/36099"}],"wp:attachment":[{"href":"https:\/\/fundacion-biodiversidad.es\/en\/wp-json\/wp\/v2\/media?parent=97858402"}],"wp:term":[{"taxonomy":"palabras_clave","embeddable":true,"href":"https:\/\/fundacion-biodiversidad.es\/en\/wp-json\/wp\/v2\/palabras_clave?post=97858402"}],"curies":[{"name":"wp","href":"https:\/\/api.w.org\/{rel}","templated":true}]}}