{"id":97858403,"date":"2020-07-30T06:58:47","date_gmt":"2020-07-30T04:58:47","guid":{"rendered":"https:\/\/fundacion-biodiversidad.es\/actualidad_home\/the-mask-is-for-you-not-for-nature\/"},"modified":"2020-07-30T06:58:47","modified_gmt":"2020-07-30T04:58:47","slug":"the-mask-is-for-you-not-for-nature","status":"publish","type":"actualidad_home","link":"https:\/\/fundacion-biodiversidad.es\/en\/actualidad_home\/the-mask-is-for-you-not-for-nature\/","title":{"rendered":"The mask is for you, not for nature"},"content":{"rendered":"<p><span>From the Biodiversity Foundation we join the campaign &#8220;Unforgettable memories. The mask is for you, not for nature&#8221;, which have been launched by the Ministries for the Ecological Transition and the Demographic and Consumer Challenge to promote, on the one hand, the use of masks on outings to the countryside, the forest or the beach; and, on the other, to warn about the impact of their abandonment or oblivion in natural environments.&nbsp;<\/span><\/p>\n<p>A common hygienic mask, abandoned in a natural environment, can take between 300 and 400 years to degrade. And, while it disappears, it can affect the flora and fauna of the environment, the water and the soils that make up that space in multiple ways; or even end up in the sea, joining the more than eight million tons of plastic waste that are dumped annually into the ocean. &nbsp;&nbsp;&nbsp;&nbsp;&nbsp;&nbsp;&nbsp;&nbsp;&nbsp;&nbsp;&nbsp;&nbsp;&nbsp;&nbsp;&nbsp;&nbsp;&nbsp;&nbsp;&nbsp;&nbsp;&nbsp;<\/p>\n<p>The use of masks is essential to be able to face the health crisis caused by COVID-19, also while enjoying the spaces of high natural value that cover approximately 30% of the territory. However, the use of these protectors cannot aggravate a problem that affects natural environments on a global scale: the indiscriminate abandonment of waste, mostly of plastic origin, a phenomenon known as <em>littering<\/em> and which the Government of Spain already includes as one of the indicators to assess the environmental quality of the country. <\/p>\n<p>In general, waste associated with protection against COVID-19 and, especially, masks, gloves and other personal protective equipment, must be deposited in the household waste fraction \u2013 the grey container for non-separable waste \u2013 and under no circumstances should it be abandoned on public roads or in a natural environment.<\/p>\n<p>On the other hand, and in order to reduce the consumption of single-use products, the use of reusable hygienic masks (Specification UNE 0065) is encouraged for use by the population; and the use of single-use gloves is recommended only in specific circumstances, being generally preferable not to use them and to be rigorous with hygiene measures, such as washing hands frequently and avoiding touching the face.<\/p>\n<p>On our website you have all <a href=\"https:\/\/fundacion-biodiversidad.es\/es\/content\/campana-recuerdosinolvidables\" target=\"_blank\" rel=\"noopener\">the resources of the campaign<\/a> to be able to disseminate it. If you share it on your Twitter profiles, remember to do so with the <strong>tag #RecuerdosInolvidables<\/strong>. <\/p>\n","protected":false},"author":11,"featured_media":36094,"template":"","meta":{"_acf_changed":false},"palabras_clave":[],"class_list":["post-97858403","actualidad_home","type-actualidad_home","status-publish","has-post-thumbnail","hentry"],"acf":[],"yoast_head":"<!-- This site is optimized with the Yoast SEO plugin v26.9 - https:\/\/yoast.com\/product\/yoast-seo-wordpress\/ -->\n<title>The mask is for you, not for nature - Fundaci\u00f3n Biodiversidad<\/title>\n<meta name=\"robots\" content=\"index, follow, max-snippet:-1, max-image-preview:large, max-video-preview:-1\" \/>\n<link rel=\"canonical\" href=\"https:\/\/fundacion-biodiversidad.es\/en\/actualidad_home\/the-mask-is-for-you-not-for-nature\/\" \/>\n<meta property=\"og:locale\" content=\"en_US\" \/>\n<meta property=\"og:type\" content=\"article\" \/>\n<meta property=\"og:title\" content=\"The mask is for you, not for nature - Fundaci\u00f3n Biodiversidad\" \/>\n<meta property=\"og:description\" content=\"From the Biodiversity Foundation we join the campaign &#8220;Unforgettable memories. The mask is for you, not for nature&#8221;, which have been launched by the Ministries [&hellip;]\" \/>\n<meta property=\"og:url\" content=\"https:\/\/fundacion-biodiversidad.es\/en\/actualidad_home\/the-mask-is-for-you-not-for-nature\/\" \/>\n<meta property=\"og:site_name\" content=\"Fundaci\u00f3n Biodiversidad\" \/>\n<meta property=\"og:image\" content=\"https:\/\/fundacion-biodiversidad.es\/wp-content\/uploads\/2023\/01\/2487661294_35330241_720x405.png\" \/>\n\t<meta property=\"og:image:width\" content=\"720\" \/>\n\t<meta property=\"og:image:height\" content=\"405\" \/>\n\t<meta property=\"og:image:type\" content=\"image\/png\" \/>\n<meta name=\"twitter:card\" content=\"summary_large_image\" \/>\n<meta name=\"twitter:label1\" content=\"Est. reading time\" \/>\n\t<meta name=\"twitter:data1\" content=\"2 minutes\" \/>\n<script type=\"application\/ld+json\" class=\"yoast-schema-graph\">{\"@context\":\"https:\/\/schema.org\",\"@graph\":[{\"@type\":\"WebPage\",\"@id\":\"https:\/\/fundacion-biodiversidad.es\/en\/actualidad_home\/the-mask-is-for-you-not-for-nature\/\",\"url\":\"https:\/\/fundacion-biodiversidad.es\/en\/actualidad_home\/the-mask-is-for-you-not-for-nature\/\",\"name\":\"The mask is for you, not for nature - Fundaci\u00f3n Biodiversidad\",\"isPartOf\":{\"@id\":\"https:\/\/fundacion-biodiversidad.es\/en\/#website\"},\"primaryImageOfPage\":{\"@id\":\"https:\/\/fundacion-biodiversidad.es\/en\/actualidad_home\/the-mask-is-for-you-not-for-nature\/#primaryimage\"},\"image\":{\"@id\":\"https:\/\/fundacion-biodiversidad.es\/en\/actualidad_home\/the-mask-is-for-you-not-for-nature\/#primaryimage\"},\"thumbnailUrl\":\"https:\/\/fundacion-biodiversidad.es\/wp-content\/uploads\/2020\/07\/30072020_campana_mascarillas_0.jpg\",\"datePublished\":\"2020-07-30T04:58:47+00:00\",\"breadcrumb\":{\"@id\":\"https:\/\/fundacion-biodiversidad.es\/en\/actualidad_home\/the-mask-is-for-you-not-for-nature\/#breadcrumb\"},\"inLanguage\":\"en-US\",\"potentialAction\":[{\"@type\":\"ReadAction\",\"target\":[\"https:\/\/fundacion-biodiversidad.es\/en\/actualidad_home\/the-mask-is-for-you-not-for-nature\/\"]}]},{\"@type\":\"ImageObject\",\"inLanguage\":\"en-US\",\"@id\":\"https:\/\/fundacion-biodiversidad.es\/en\/actualidad_home\/the-mask-is-for-you-not-for-nature\/#primaryimage\",\"url\":\"https:\/\/fundacion-biodiversidad.es\/wp-content\/uploads\/2020\/07\/30072020_campana_mascarillas_0.jpg\",\"contentUrl\":\"https:\/\/fundacion-biodiversidad.es\/wp-content\/uploads\/2020\/07\/30072020_campana_mascarillas_0.jpg\",\"width\":1080,\"height\":610},{\"@type\":\"BreadcrumbList\",\"@id\":\"https:\/\/fundacion-biodiversidad.es\/en\/actualidad_home\/the-mask-is-for-you-not-for-nature\/#breadcrumb\",\"itemListElement\":[{\"@type\":\"ListItem\",\"position\":1,\"name\":\"Portada\",\"item\":\"https:\/\/fundacion-biodiversidad.es\/en\/inicio\/\"},{\"@type\":\"ListItem\",\"position\":2,\"name\":\"Noticias de actualidad\",\"item\":\"https:\/\/fundacion-biodiversidad.es\/en\/actualidad_home\/\"},{\"@type\":\"ListItem\",\"position\":3,\"name\":\"The mask is for you, not for nature\"}]},{\"@type\":\"WebSite\",\"@id\":\"https:\/\/fundacion-biodiversidad.es\/en\/#website\",\"url\":\"https:\/\/fundacion-biodiversidad.es\/en\/\",\"name\":\"Fundaci\u00f3n Biodiversidad\",\"description\":\"Fundaci\u00f3n p\u00fablica adscrita al Ministerio para la Transici\u00f3n Ecol\u00f3gica\",\"potentialAction\":[{\"@type\":\"SearchAction\",\"target\":{\"@type\":\"EntryPoint\",\"urlTemplate\":\"https:\/\/fundacion-biodiversidad.es\/en\/?s={search_term_string}\"},\"query-input\":{\"@type\":\"PropertyValueSpecification\",\"valueRequired\":true,\"valueName\":\"search_term_string\"}}],\"inLanguage\":\"en-US\"}]}<\/script>\n<!-- \/ Yoast SEO plugin. -->","yoast_head_json":{"title":"The mask is for you, not for nature - Fundaci\u00f3n Biodiversidad","robots":{"index":"index","follow":"follow","max-snippet":"max-snippet:-1","max-image-preview":"max-image-preview:large","max-video-preview":"max-video-preview:-1"},"canonical":"https:\/\/fundacion-biodiversidad.es\/en\/actualidad_home\/the-mask-is-for-you-not-for-nature\/","og_locale":"en_US","og_type":"article","og_title":"The mask is for you, not for nature - Fundaci\u00f3n Biodiversidad","og_description":"From the Biodiversity Foundation we join the campaign &#8220;Unforgettable memories. The mask is for you, not for nature&#8221;, which have been launched by the Ministries [&hellip;]","og_url":"https:\/\/fundacion-biodiversidad.es\/en\/actualidad_home\/the-mask-is-for-you-not-for-nature\/","og_site_name":"Fundaci\u00f3n Biodiversidad","og_image":[{"width":720,"height":405,"url":"https:\/\/fundacion-biodiversidad.es\/wp-content\/uploads\/2023\/01\/2487661294_35330241_720x405.png","type":"image\/png"}],"twitter_card":"summary_large_image","twitter_misc":{"Est. reading time":"2 minutes"},"schema":{"@context":"https:\/\/schema.org","@graph":[{"@type":"WebPage","@id":"https:\/\/fundacion-biodiversidad.es\/en\/actualidad_home\/the-mask-is-for-you-not-for-nature\/","url":"https:\/\/fundacion-biodiversidad.es\/en\/actualidad_home\/the-mask-is-for-you-not-for-nature\/","name":"The mask is for you, not for nature - Fundaci\u00f3n Biodiversidad","isPartOf":{"@id":"https:\/\/fundacion-biodiversidad.es\/en\/#website"},"primaryImageOfPage":{"@id":"https:\/\/fundacion-biodiversidad.es\/en\/actualidad_home\/the-mask-is-for-you-not-for-nature\/#primaryimage"},"image":{"@id":"https:\/\/fundacion-biodiversidad.es\/en\/actualidad_home\/the-mask-is-for-you-not-for-nature\/#primaryimage"},"thumbnailUrl":"https:\/\/fundacion-biodiversidad.es\/wp-content\/uploads\/2020\/07\/30072020_campana_mascarillas_0.jpg","datePublished":"2020-07-30T04:58:47+00:00","breadcrumb":{"@id":"https:\/\/fundacion-biodiversidad.es\/en\/actualidad_home\/the-mask-is-for-you-not-for-nature\/#breadcrumb"},"inLanguage":"en-US","potentialAction":[{"@type":"ReadAction","target":["https:\/\/fundacion-biodiversidad.es\/en\/actualidad_home\/the-mask-is-for-you-not-for-nature\/"]}]},{"@type":"ImageObject","inLanguage":"en-US","@id":"https:\/\/fundacion-biodiversidad.es\/en\/actualidad_home\/the-mask-is-for-you-not-for-nature\/#primaryimage","url":"https:\/\/fundacion-biodiversidad.es\/wp-content\/uploads\/2020\/07\/30072020_campana_mascarillas_0.jpg","contentUrl":"https:\/\/fundacion-biodiversidad.es\/wp-content\/uploads\/2020\/07\/30072020_campana_mascarillas_0.jpg","width":1080,"height":610},{"@type":"BreadcrumbList","@id":"https:\/\/fundacion-biodiversidad.es\/en\/actualidad_home\/the-mask-is-for-you-not-for-nature\/#breadcrumb","itemListElement":[{"@type":"ListItem","position":1,"name":"Portada","item":"https:\/\/fundacion-biodiversidad.es\/en\/inicio\/"},{"@type":"ListItem","position":2,"name":"Noticias de actualidad","item":"https:\/\/fundacion-biodiversidad.es\/en\/actualidad_home\/"},{"@type":"ListItem","position":3,"name":"The mask is for you, not for nature"}]},{"@type":"WebSite","@id":"https:\/\/fundacion-biodiversidad.es\/en\/#website","url":"https:\/\/fundacion-biodiversidad.es\/en\/","name":"Fundaci\u00f3n Biodiversidad","description":"Fundaci\u00f3n p\u00fablica adscrita al Ministerio para la Transici\u00f3n Ecol\u00f3gica","potentialAction":[{"@type":"SearchAction","target":{"@type":"EntryPoint","urlTemplate":"https:\/\/fundacion-biodiversidad.es\/en\/?s={search_term_string}"},"query-input":{"@type":"PropertyValueSpecification","valueRequired":true,"valueName":"search_term_string"}}],"inLanguage":"en-US"}]}},"_links":{"self":[{"href":"https:\/\/fundacion-biodiversidad.es\/en\/wp-json\/wp\/v2\/actualidad_home\/97858403","targetHints":{"allow":["GET"]}}],"collection":[{"href":"https:\/\/fundacion-biodiversidad.es\/en\/wp-json\/wp\/v2\/actualidad_home"}],"about":[{"href":"https:\/\/fundacion-biodiversidad.es\/en\/wp-json\/wp\/v2\/types\/actualidad_home"}],"author":[{"embeddable":true,"href":"https:\/\/fundacion-biodiversidad.es\/en\/wp-json\/wp\/v2\/users\/11"}],"wp:featuredmedia":[{"embeddable":true,"href":"https:\/\/fundacion-biodiversidad.es\/en\/wp-json\/wp\/v2\/media\/36094"}],"wp:attachment":[{"href":"https:\/\/fundacion-biodiversidad.es\/en\/wp-json\/wp\/v2\/media?parent=97858403"}],"wp:term":[{"taxonomy":"palabras_clave","embeddable":true,"href":"https:\/\/fundacion-biodiversidad.es\/en\/wp-json\/wp\/v2\/palabras_clave?post=97858403"}],"curies":[{"name":"wp","href":"https:\/\/api.w.org\/{rel}","templated":true}]}}