{"id":97858404,"date":"2020-07-27T11:19:14","date_gmt":"2020-07-27T09:19:14","guid":{"rendered":"https:\/\/fundacion-biodiversidad.es\/actualidad_home\/we-launch-a-new-website-for-the-adaptecca-platform\/"},"modified":"2020-07-27T11:19:14","modified_gmt":"2020-07-27T09:19:14","slug":"we-launch-a-new-website-for-the-adaptecca-platform","status":"publish","type":"actualidad_home","link":"https:\/\/fundacion-biodiversidad.es\/en\/actualidad_home\/we-launch-a-new-website-for-the-adaptecca-platform\/","title":{"rendered":"We launch a new website for the AdapteCCa platform"},"content":{"rendered":"<p>The Platform on Adaptation to Climate Change in Spain, AdapteCCa, presents its new website after seven years of activity, with a major renovation carried out within the framework of the LIFE SHARA project.<br \/>\n<!--more--><\/p>\n<p>The Platform on Adaptation to Climate Change in Spain, <a href=\"http:\/\/www.adaptecca.es\/\">AdapteCCa<\/a>, presents its new website after seven years of activity, with a major renovation carried out within the framework of the LIFE SHARA project. With a new simple and close design, it will allow people to approach this space to browse its pages and consult the different contents in a more accessible way. <\/p>\n<p>The website has been renewed with the aim of offering new functionalities and continuing to be a reference space in adaptation, more interactive, useful and practical for people. With more than<a href=\"http:\/\/www.adaptecca.es\/documentos\"> 500 technical documents<\/a> and a more attractive image, this new version also seeks to encourage the active participation of the climate change adaptation community to build a more collaborative space. <\/p>\n<p>With the new website, the <strong>AdapteCCa Community<\/strong> was born, a meeting point for experts, organizations, institutions and other actors interested in accessing and exchanging information, knowledge and experiences on impacts and adaptation to climate change.<\/p>\n<p>In addition, the website offers innovative content, including <a href=\"http:\/\/www.adaptecca.es\/casos-practicos\">a specific module of practical cases<\/a>, which contains more than 30 real experiences of adaptation to climate change implemented in different parts of Spain, as well as practical cases developed in Europe, accessible through an innovative collaboration with the <a href=\"https:\/\/climate-adapt.eea.europa.eu\/\">European Climate-ADAPT Platform.<\/a><\/p>\n<p>The new AdapteCCa also offers various <a href=\"http:\/\/www.adaptecca.es\/buscador-recursos-divulgatorios\">informative resources<\/a>and an<strong> image bank on <\/strong>adaptation to climate change, with more than 300 photographs on impacts, vulnerability and adaptation to climate change in Spain, which you can download for free. Finally, the <a href=\"http:\/\/www.escenarios.adaptecca.es\/\">climate change scenario viewer<\/a> has also recently incorporated <a href=\"http:\/\/www.adaptecca.es\/recursos\/noticias\/el-visor-de-escenarios-de-adaptecca-estrena-nuevas-funciones-0.\">new functions<\/a>. <\/p>\n<p><a href=\"http:\/\/www.adaptecca.es\/participa-en-adaptecca\">Check here the different ways to participate or collaborate on the Platform.<\/a><\/p>\n<p>The launch of the new website coincides with the recent publication of the <a href=\"https:\/\/www.miteco.gob.es\/es\/cambio-climatico\/participacion-publica\/PNACC.aspx\">draft of the National Plan for Adaptation to Climate Change (PNACC) 2021-2030<\/a>, the planning instrument that will guide adaptation policies and actions in the coming years. In this context, AdapteCCa is a very useful tool to strengthen the capacities of society and administrations in their adaptation actions, in accordance with the objectives of the PNACC. <\/p>\n<p>The new website has been launched within the framework of the LIFE SHARA project. The project,<span style=\"font-size:11.0pt;line-height:115%; font-family:\"Calibri\",\"sans-serif\";mso-ascii-theme-font:minor-latin;mso-fareast-font-family: Calibri;mso-fareast-theme-font:minor-latin;mso-hansi-theme-font:minor-latin; mso-bidi-font-family:\"Times New Roman\";mso-bidi-theme-font:minor-bidi; mso-ansi-language:ES;mso-fareast-language:EN-US;mso-bidi-language:AR-SA\"> coordinated by the Biodiversity Foundation &#8211; belonging to the Ministry for Ecological Transition &#8211; has a budget of more than 1.5 million euros, 57% co-financed through LIFE funds, and has as partners the Spanish Office for Climate Change, the State Meteorological Agency (AEMET), the Autonomous Agency of National Parks &#8211; through the National Center for Environmental Education (CENEAM) &#8211; and the Portuguese Agency for the Environment.<\/span><\/p>\n<p><span style=\"font-size:11.0pt;line-height:115%; font-family:\"Calibri\",\"sans-serif\";mso-ascii-theme-font:minor-latin;mso-fareast-font-family: Calibri;mso-fareast-theme-font:minor-latin;mso-hansi-theme-font:minor-latin; mso-bidi-font-family:\"Times New Roman\";mso-bidi-theme-font:minor-bidi; mso-ansi-language:ES;mso-fareast-language:EN-US;mso-bidi-language:AR-SA\">Do you want to know more about the LIFE SHARA project? <a href=\"https:\/\/lifeshara.es\/\" target=\"_blank\" rel=\"noopener\">Here<\/a> you have all the information.<\/span><\/p>\n<p>&nbsp;<\/p>\n<p>&nbsp;<\/p>\n","protected":false},"author":11,"featured_media":36093,"template":"","meta":{"_acf_changed":false},"palabras_clave":[],"class_list":["post-97858404","actualidad_home","type-actualidad_home","status-publish","has-post-thumbnail","hentry"],"acf":[],"yoast_head":"<!-- This site is optimized with the Yoast SEO plugin v26.9 - https:\/\/yoast.com\/product\/yoast-seo-wordpress\/ -->\n<title>We launch a new website for the AdapteCCa platform - Fundaci\u00f3n Biodiversidad<\/title>\n<meta name=\"robots\" content=\"index, follow, max-snippet:-1, max-image-preview:large, max-video-preview:-1\" \/>\n<link rel=\"canonical\" href=\"https:\/\/fundacion-biodiversidad.es\/en\/actualidad_home\/we-launch-a-new-website-for-the-adaptecca-platform\/\" \/>\n<meta property=\"og:locale\" content=\"en_US\" \/>\n<meta property=\"og:type\" content=\"article\" \/>\n<meta property=\"og:title\" content=\"We launch a new website for the AdapteCCa platform - Fundaci\u00f3n Biodiversidad\" \/>\n<meta property=\"og:description\" content=\"The Platform on Adaptation to Climate Change in Spain, AdapteCCa, presents its new website after seven years of activity, with a major renovation carried out [&hellip;]\" \/>\n<meta property=\"og:url\" content=\"https:\/\/fundacion-biodiversidad.es\/en\/actualidad_home\/we-launch-a-new-website-for-the-adaptecca-platform\/\" \/>\n<meta property=\"og:site_name\" content=\"Fundaci\u00f3n Biodiversidad\" \/>\n<meta property=\"og:image\" content=\"https:\/\/fundacion-biodiversidad.es\/wp-content\/uploads\/2023\/01\/2487661294_35330241_720x405.png\" \/>\n\t<meta property=\"og:image:width\" content=\"720\" \/>\n\t<meta property=\"og:image:height\" content=\"405\" \/>\n\t<meta property=\"og:image:type\" content=\"image\/png\" \/>\n<meta name=\"twitter:card\" content=\"summary_large_image\" \/>\n<meta name=\"twitter:label1\" content=\"Est. reading time\" \/>\n\t<meta name=\"twitter:data1\" content=\"2 minutes\" \/>\n<script type=\"application\/ld+json\" class=\"yoast-schema-graph\">{\"@context\":\"https:\/\/schema.org\",\"@graph\":[{\"@type\":\"WebPage\",\"@id\":\"https:\/\/fundacion-biodiversidad.es\/en\/actualidad_home\/we-launch-a-new-website-for-the-adaptecca-platform\/\",\"url\":\"https:\/\/fundacion-biodiversidad.es\/en\/actualidad_home\/we-launch-a-new-website-for-the-adaptecca-platform\/\",\"name\":\"We launch a new website for the AdapteCCa platform - Fundaci\u00f3n Biodiversidad\",\"isPartOf\":{\"@id\":\"https:\/\/fundacion-biodiversidad.es\/en\/#website\"},\"primaryImageOfPage\":{\"@id\":\"https:\/\/fundacion-biodiversidad.es\/en\/actualidad_home\/we-launch-a-new-website-for-the-adaptecca-platform\/#primaryimage\"},\"image\":{\"@id\":\"https:\/\/fundacion-biodiversidad.es\/en\/actualidad_home\/we-launch-a-new-website-for-the-adaptecca-platform\/#primaryimage\"},\"thumbnailUrl\":\"https:\/\/fundacion-biodiversidad.es\/wp-content\/uploads\/2020\/07\/nuevaweb_adaptecca.jpg\",\"datePublished\":\"2020-07-27T09:19:14+00:00\",\"breadcrumb\":{\"@id\":\"https:\/\/fundacion-biodiversidad.es\/en\/actualidad_home\/we-launch-a-new-website-for-the-adaptecca-platform\/#breadcrumb\"},\"inLanguage\":\"en-US\",\"potentialAction\":[{\"@type\":\"ReadAction\",\"target\":[\"https:\/\/fundacion-biodiversidad.es\/en\/actualidad_home\/we-launch-a-new-website-for-the-adaptecca-platform\/\"]}]},{\"@type\":\"ImageObject\",\"inLanguage\":\"en-US\",\"@id\":\"https:\/\/fundacion-biodiversidad.es\/en\/actualidad_home\/we-launch-a-new-website-for-the-adaptecca-platform\/#primaryimage\",\"url\":\"https:\/\/fundacion-biodiversidad.es\/wp-content\/uploads\/2020\/07\/nuevaweb_adaptecca.jpg\",\"contentUrl\":\"https:\/\/fundacion-biodiversidad.es\/wp-content\/uploads\/2020\/07\/nuevaweb_adaptecca.jpg\",\"width\":747,\"height\":497},{\"@type\":\"BreadcrumbList\",\"@id\":\"https:\/\/fundacion-biodiversidad.es\/en\/actualidad_home\/we-launch-a-new-website-for-the-adaptecca-platform\/#breadcrumb\",\"itemListElement\":[{\"@type\":\"ListItem\",\"position\":1,\"name\":\"Portada\",\"item\":\"https:\/\/fundacion-biodiversidad.es\/en\/inicio\/\"},{\"@type\":\"ListItem\",\"position\":2,\"name\":\"Noticias de actualidad\",\"item\":\"https:\/\/fundacion-biodiversidad.es\/en\/actualidad_home\/\"},{\"@type\":\"ListItem\",\"position\":3,\"name\":\"We launch a new website for the AdapteCCa platform\"}]},{\"@type\":\"WebSite\",\"@id\":\"https:\/\/fundacion-biodiversidad.es\/en\/#website\",\"url\":\"https:\/\/fundacion-biodiversidad.es\/en\/\",\"name\":\"Fundaci\u00f3n Biodiversidad\",\"description\":\"Fundaci\u00f3n p\u00fablica adscrita al Ministerio para la Transici\u00f3n Ecol\u00f3gica\",\"potentialAction\":[{\"@type\":\"SearchAction\",\"target\":{\"@type\":\"EntryPoint\",\"urlTemplate\":\"https:\/\/fundacion-biodiversidad.es\/en\/?s={search_term_string}\"},\"query-input\":{\"@type\":\"PropertyValueSpecification\",\"valueRequired\":true,\"valueName\":\"search_term_string\"}}],\"inLanguage\":\"en-US\"}]}<\/script>\n<!-- \/ Yoast SEO plugin. -->","yoast_head_json":{"title":"We launch a new website for the AdapteCCa platform - Fundaci\u00f3n Biodiversidad","robots":{"index":"index","follow":"follow","max-snippet":"max-snippet:-1","max-image-preview":"max-image-preview:large","max-video-preview":"max-video-preview:-1"},"canonical":"https:\/\/fundacion-biodiversidad.es\/en\/actualidad_home\/we-launch-a-new-website-for-the-adaptecca-platform\/","og_locale":"en_US","og_type":"article","og_title":"We launch a new website for the AdapteCCa platform - Fundaci\u00f3n Biodiversidad","og_description":"The Platform on Adaptation to Climate Change in Spain, AdapteCCa, presents its new website after seven years of activity, with a major renovation carried out [&hellip;]","og_url":"https:\/\/fundacion-biodiversidad.es\/en\/actualidad_home\/we-launch-a-new-website-for-the-adaptecca-platform\/","og_site_name":"Fundaci\u00f3n Biodiversidad","og_image":[{"width":720,"height":405,"url":"https:\/\/fundacion-biodiversidad.es\/wp-content\/uploads\/2023\/01\/2487661294_35330241_720x405.png","type":"image\/png"}],"twitter_card":"summary_large_image","twitter_misc":{"Est. reading time":"2 minutes"},"schema":{"@context":"https:\/\/schema.org","@graph":[{"@type":"WebPage","@id":"https:\/\/fundacion-biodiversidad.es\/en\/actualidad_home\/we-launch-a-new-website-for-the-adaptecca-platform\/","url":"https:\/\/fundacion-biodiversidad.es\/en\/actualidad_home\/we-launch-a-new-website-for-the-adaptecca-platform\/","name":"We launch a new website for the AdapteCCa platform - Fundaci\u00f3n Biodiversidad","isPartOf":{"@id":"https:\/\/fundacion-biodiversidad.es\/en\/#website"},"primaryImageOfPage":{"@id":"https:\/\/fundacion-biodiversidad.es\/en\/actualidad_home\/we-launch-a-new-website-for-the-adaptecca-platform\/#primaryimage"},"image":{"@id":"https:\/\/fundacion-biodiversidad.es\/en\/actualidad_home\/we-launch-a-new-website-for-the-adaptecca-platform\/#primaryimage"},"thumbnailUrl":"https:\/\/fundacion-biodiversidad.es\/wp-content\/uploads\/2020\/07\/nuevaweb_adaptecca.jpg","datePublished":"2020-07-27T09:19:14+00:00","breadcrumb":{"@id":"https:\/\/fundacion-biodiversidad.es\/en\/actualidad_home\/we-launch-a-new-website-for-the-adaptecca-platform\/#breadcrumb"},"inLanguage":"en-US","potentialAction":[{"@type":"ReadAction","target":["https:\/\/fundacion-biodiversidad.es\/en\/actualidad_home\/we-launch-a-new-website-for-the-adaptecca-platform\/"]}]},{"@type":"ImageObject","inLanguage":"en-US","@id":"https:\/\/fundacion-biodiversidad.es\/en\/actualidad_home\/we-launch-a-new-website-for-the-adaptecca-platform\/#primaryimage","url":"https:\/\/fundacion-biodiversidad.es\/wp-content\/uploads\/2020\/07\/nuevaweb_adaptecca.jpg","contentUrl":"https:\/\/fundacion-biodiversidad.es\/wp-content\/uploads\/2020\/07\/nuevaweb_adaptecca.jpg","width":747,"height":497},{"@type":"BreadcrumbList","@id":"https:\/\/fundacion-biodiversidad.es\/en\/actualidad_home\/we-launch-a-new-website-for-the-adaptecca-platform\/#breadcrumb","itemListElement":[{"@type":"ListItem","position":1,"name":"Portada","item":"https:\/\/fundacion-biodiversidad.es\/en\/inicio\/"},{"@type":"ListItem","position":2,"name":"Noticias de actualidad","item":"https:\/\/fundacion-biodiversidad.es\/en\/actualidad_home\/"},{"@type":"ListItem","position":3,"name":"We launch a new website for the AdapteCCa platform"}]},{"@type":"WebSite","@id":"https:\/\/fundacion-biodiversidad.es\/en\/#website","url":"https:\/\/fundacion-biodiversidad.es\/en\/","name":"Fundaci\u00f3n Biodiversidad","description":"Fundaci\u00f3n p\u00fablica adscrita al Ministerio para la Transici\u00f3n Ecol\u00f3gica","potentialAction":[{"@type":"SearchAction","target":{"@type":"EntryPoint","urlTemplate":"https:\/\/fundacion-biodiversidad.es\/en\/?s={search_term_string}"},"query-input":{"@type":"PropertyValueSpecification","valueRequired":true,"valueName":"search_term_string"}}],"inLanguage":"en-US"}]}},"_links":{"self":[{"href":"https:\/\/fundacion-biodiversidad.es\/en\/wp-json\/wp\/v2\/actualidad_home\/97858404","targetHints":{"allow":["GET"]}}],"collection":[{"href":"https:\/\/fundacion-biodiversidad.es\/en\/wp-json\/wp\/v2\/actualidad_home"}],"about":[{"href":"https:\/\/fundacion-biodiversidad.es\/en\/wp-json\/wp\/v2\/types\/actualidad_home"}],"author":[{"embeddable":true,"href":"https:\/\/fundacion-biodiversidad.es\/en\/wp-json\/wp\/v2\/users\/11"}],"wp:featuredmedia":[{"embeddable":true,"href":"https:\/\/fundacion-biodiversidad.es\/en\/wp-json\/wp\/v2\/media\/36093"}],"wp:attachment":[{"href":"https:\/\/fundacion-biodiversidad.es\/en\/wp-json\/wp\/v2\/media?parent=97858404"}],"wp:term":[{"taxonomy":"palabras_clave","embeddable":true,"href":"https:\/\/fundacion-biodiversidad.es\/en\/wp-json\/wp\/v2\/palabras_clave?post=97858404"}],"curies":[{"name":"wp","href":"https:\/\/api.w.org\/{rel}","templated":true}]}}