{"id":97858407,"date":"2020-06-30T11:55:47","date_gmt":"2020-06-30T09:55:47","guid":{"rendered":"https:\/\/fundacion-biodiversidad.es\/actualidad_home\/12th-management-committee-of-the-life-shara-project\/"},"modified":"2020-06-30T11:55:47","modified_gmt":"2020-06-30T09:55:47","slug":"12th-management-committee-of-the-life-shara-project","status":"publish","type":"actualidad_home","link":"https:\/\/fundacion-biodiversidad.es\/en\/actualidad_home\/12th-management-committee-of-the-life-shara-project\/","title":{"rendered":"12th Management Committee of the LIFE SHARA project"},"content":{"rendered":"<p>The twelfth Management Committee of the LIFE SHARA project held its meeting online on 29 June.<br \/>\n<!--more--><\/p>\n<p style=\"color: rgb(51, 51, 51); text-transform: none; text-indent: 0px; letter-spacing: normal; font-size: 13px; font-style: normal; font-variant: normal; font-weight: 400; text-decoration: none; word-spacing: 0px; white-space: normal; orphans: 2; -webkit-text-stroke-width: 0px;\">Yesterday the meeting of the <strong>twelfth Management Committee of<\/strong> the <strong>LIFE SHARA <\/strong>project was held, this time telematically and attended by representatives of all the project partners. The Management Committee is made up of representatives of the <strong>Biodiversity Foundation<\/strong>, the Spanish Office for Climate Change (<strong>OECC),<\/strong> the National Centre for Environmental Education (<strong>CENEAM),<\/strong> the State Meteorological Agency (<strong>AEMET)<\/strong> and the <strong>Portuguese Agency<\/strong> for the Environment (<strong>APA<\/strong>). <\/p>\n<p style=\"color: rgb(51, 51, 51); font-family: sans-serif,Arial,Verdana,\"trebuchet ms\"; font-size: 13px; font-style: normal; font-variant: normal; font-weight: 400; letter-spacing: normal; orphans: 2; text-align: left; text-decoration: none; text-indent: 0px; text-transform: none; -webkit-text-stroke-width: 0px; white-space: normal; word-spacing: 0px;\">In this meeting, in addition to a general review of the state of the project, it has been specifically analysed how it has been affected by COVID-19, examining the best way to reschedule milestones and actions between now and the end of the project in 2021.<\/p>\n<p style=\"color: rgb(51, 51, 51); font-family: sans-serif,Arial,Verdana,\"trebuchet ms\"; font-size: 13px; font-style: normal; font-variant: normal; font-weight: 400; letter-spacing: normal; orphans: 2; text-align: left; text-decoration: none; text-indent: 0px; text-transform: none; -webkit-text-stroke-width: 0px; white-space: normal; word-spacing: 0px;\">In this sense, in the coming months the project will continue with the informative breakfasts for journalists and will start a series of <em>online<\/em> sessions on &#8220;Tools for adaptation to climate change&#8221;. In addition, towards the end of the year we will hold the First Iberian Conference on Adaptation to Climate Change virtually. In the meantime, we will address a second part of the report.&#8221;  <a href=\"https:\/\/lifeshara.es\/es\/content\/informe-la-adaptacion-al-cambio-climatico-en-la-prensa-espanola-2012-2016\" style=\"color: rgb(7, 130, 193);\">Adaptation to climate change in the Spanish press. <\/a>&#8220;, which will allow us to have a new picture of the current situation and carry out a comparative analysis of both studies.<\/p>\n<p style=\"color: rgb(51, 51, 51); font-family: sans-serif,Arial,Verdana,\"trebuchet ms\"; font-size: 13px; font-style: normal; font-variant: normal; font-weight: 400; letter-spacing: normal; orphans: 2; text-align: left; text-decoration: none; text-indent: 0px; text-transform: none; -webkit-text-stroke-width: 0px; white-space: normal; word-spacing: 0px;\">Looking ahead to next year, the project will develop two specific trainings on adaptation, hold its last sectoral seminar and complete the production of <a href=\"https:\/\/lifeshara.es\/es\/content\/iniciativas-de-adaptacion-al-cambio-climatico\" style=\"color: rgb(7, 130, 193);\">another 15 climate change adaptation initiatives.<\/a> In parallel, and throughout the project, work will continue to monitor and make improvements to the AdapteCCa Platform, as well as to the <a href=\"file:\/\/\/C:\/Users\/apons\/AppData\/Local\/Microsoft\/Windows\/Temporary%20Internet%20Files\/Content.Outlook\/UQ9UNRQM\/scenarios.adaptecca.co.uk\" style=\"color: rgb(7, 130, 193);\">Climate Change Scenario Viewer<\/a>.<\/p>\n<p style=\"color: rgb(51, 51, 51); font-family: sans-serif,Arial,Verdana,\"trebuchet ms\"; font-size: 13px; font-style: normal; font-variant: normal; font-weight: 400; letter-spacing: normal; orphans: 2; text-align: left; text-decoration: none; text-indent: 0px; text-transform: none; -webkit-text-stroke-width: 0px; white-space: normal; word-spacing: 0px;\"><strong>Do you want to know more about the LIFE SHARA project? <\/strong><a href=\"https:\/\/lifeshara.es\/\" target=\"_blank\" rel=\"noopener\">Here<\/a> you have all the information.<\/p>\n","protected":false},"author":11,"featured_media":36086,"template":"","meta":{"_acf_changed":false},"palabras_clave":[],"class_list":["post-97858407","actualidad_home","type-actualidad_home","status-publish","has-post-thumbnail","hentry"],"acf":[],"yoast_head":"<!-- This site is optimized with the Yoast SEO plugin v26.9 - https:\/\/yoast.com\/product\/yoast-seo-wordpress\/ -->\n<title>12th Management Committee of the LIFE SHARA project - Fundaci\u00f3n Biodiversidad<\/title>\n<meta name=\"robots\" content=\"index, follow, max-snippet:-1, max-image-preview:large, max-video-preview:-1\" \/>\n<link rel=\"canonical\" href=\"https:\/\/fundacion-biodiversidad.es\/en\/actualidad_home\/12th-management-committee-of-the-life-shara-project\/\" \/>\n<meta property=\"og:locale\" content=\"en_US\" \/>\n<meta property=\"og:type\" content=\"article\" \/>\n<meta property=\"og:title\" content=\"12th Management Committee of the LIFE SHARA project - Fundaci\u00f3n Biodiversidad\" \/>\n<meta property=\"og:description\" content=\"The twelfth Management Committee of the LIFE SHARA project held its meeting online on 29 June.\" \/>\n<meta property=\"og:url\" content=\"https:\/\/fundacion-biodiversidad.es\/en\/actualidad_home\/12th-management-committee-of-the-life-shara-project\/\" \/>\n<meta property=\"og:site_name\" content=\"Fundaci\u00f3n Biodiversidad\" \/>\n<meta property=\"og:image\" content=\"https:\/\/fundacion-biodiversidad.es\/wp-content\/uploads\/2023\/01\/2487661294_35330241_720x405.png\" \/>\n\t<meta property=\"og:image:width\" content=\"720\" \/>\n\t<meta property=\"og:image:height\" content=\"405\" \/>\n\t<meta property=\"og:image:type\" content=\"image\/png\" \/>\n<meta name=\"twitter:card\" content=\"summary_large_image\" \/>\n<meta name=\"twitter:label1\" content=\"Est. reading time\" \/>\n\t<meta name=\"twitter:data1\" content=\"1 minute\" \/>\n<script type=\"application\/ld+json\" class=\"yoast-schema-graph\">{\"@context\":\"https:\/\/schema.org\",\"@graph\":[{\"@type\":\"WebPage\",\"@id\":\"https:\/\/fundacion-biodiversidad.es\/en\/actualidad_home\/12th-management-committee-of-the-life-shara-project\/\",\"url\":\"https:\/\/fundacion-biodiversidad.es\/en\/actualidad_home\/12th-management-committee-of-the-life-shara-project\/\",\"name\":\"12th Management Committee of the LIFE SHARA project - Fundaci\u00f3n Biodiversidad\",\"isPartOf\":{\"@id\":\"https:\/\/fundacion-biodiversidad.es\/en\/#website\"},\"primaryImageOfPage\":{\"@id\":\"https:\/\/fundacion-biodiversidad.es\/en\/actualidad_home\/12th-management-committee-of-the-life-shara-project\/#primaryimage\"},\"image\":{\"@id\":\"https:\/\/fundacion-biodiversidad.es\/en\/actualidad_home\/12th-management-committee-of-the-life-shara-project\/#primaryimage\"},\"thumbnailUrl\":\"https:\/\/fundacion-biodiversidad.es\/wp-content\/uploads\/2020\/06\/12cg_lifeshara.jpg\",\"datePublished\":\"2020-06-30T09:55:47+00:00\",\"breadcrumb\":{\"@id\":\"https:\/\/fundacion-biodiversidad.es\/en\/actualidad_home\/12th-management-committee-of-the-life-shara-project\/#breadcrumb\"},\"inLanguage\":\"en-US\",\"potentialAction\":[{\"@type\":\"ReadAction\",\"target\":[\"https:\/\/fundacion-biodiversidad.es\/en\/actualidad_home\/12th-management-committee-of-the-life-shara-project\/\"]}]},{\"@type\":\"ImageObject\",\"inLanguage\":\"en-US\",\"@id\":\"https:\/\/fundacion-biodiversidad.es\/en\/actualidad_home\/12th-management-committee-of-the-life-shara-project\/#primaryimage\",\"url\":\"https:\/\/fundacion-biodiversidad.es\/wp-content\/uploads\/2020\/06\/12cg_lifeshara.jpg\",\"contentUrl\":\"https:\/\/fundacion-biodiversidad.es\/wp-content\/uploads\/2020\/06\/12cg_lifeshara.jpg\",\"width\":747,\"height\":497},{\"@type\":\"BreadcrumbList\",\"@id\":\"https:\/\/fundacion-biodiversidad.es\/en\/actualidad_home\/12th-management-committee-of-the-life-shara-project\/#breadcrumb\",\"itemListElement\":[{\"@type\":\"ListItem\",\"position\":1,\"name\":\"Portada\",\"item\":\"https:\/\/fundacion-biodiversidad.es\/en\/inicio\/\"},{\"@type\":\"ListItem\",\"position\":2,\"name\":\"Noticias de actualidad\",\"item\":\"https:\/\/fundacion-biodiversidad.es\/en\/actualidad_home\/\"},{\"@type\":\"ListItem\",\"position\":3,\"name\":\"12th Management Committee of the LIFE SHARA project\"}]},{\"@type\":\"WebSite\",\"@id\":\"https:\/\/fundacion-biodiversidad.es\/en\/#website\",\"url\":\"https:\/\/fundacion-biodiversidad.es\/en\/\",\"name\":\"Fundaci\u00f3n Biodiversidad\",\"description\":\"Fundaci\u00f3n p\u00fablica adscrita al Ministerio para la Transici\u00f3n Ecol\u00f3gica\",\"potentialAction\":[{\"@type\":\"SearchAction\",\"target\":{\"@type\":\"EntryPoint\",\"urlTemplate\":\"https:\/\/fundacion-biodiversidad.es\/en\/?s={search_term_string}\"},\"query-input\":{\"@type\":\"PropertyValueSpecification\",\"valueRequired\":true,\"valueName\":\"search_term_string\"}}],\"inLanguage\":\"en-US\"}]}<\/script>\n<!-- \/ Yoast SEO plugin. -->","yoast_head_json":{"title":"12th Management Committee of the LIFE SHARA project - Fundaci\u00f3n Biodiversidad","robots":{"index":"index","follow":"follow","max-snippet":"max-snippet:-1","max-image-preview":"max-image-preview:large","max-video-preview":"max-video-preview:-1"},"canonical":"https:\/\/fundacion-biodiversidad.es\/en\/actualidad_home\/12th-management-committee-of-the-life-shara-project\/","og_locale":"en_US","og_type":"article","og_title":"12th Management Committee of the LIFE SHARA project - Fundaci\u00f3n Biodiversidad","og_description":"The twelfth Management Committee of the LIFE SHARA project held its meeting online on 29 June.","og_url":"https:\/\/fundacion-biodiversidad.es\/en\/actualidad_home\/12th-management-committee-of-the-life-shara-project\/","og_site_name":"Fundaci\u00f3n Biodiversidad","og_image":[{"width":720,"height":405,"url":"https:\/\/fundacion-biodiversidad.es\/wp-content\/uploads\/2023\/01\/2487661294_35330241_720x405.png","type":"image\/png"}],"twitter_card":"summary_large_image","twitter_misc":{"Est. reading time":"1 minute"},"schema":{"@context":"https:\/\/schema.org","@graph":[{"@type":"WebPage","@id":"https:\/\/fundacion-biodiversidad.es\/en\/actualidad_home\/12th-management-committee-of-the-life-shara-project\/","url":"https:\/\/fundacion-biodiversidad.es\/en\/actualidad_home\/12th-management-committee-of-the-life-shara-project\/","name":"12th Management Committee of the LIFE SHARA project - Fundaci\u00f3n Biodiversidad","isPartOf":{"@id":"https:\/\/fundacion-biodiversidad.es\/en\/#website"},"primaryImageOfPage":{"@id":"https:\/\/fundacion-biodiversidad.es\/en\/actualidad_home\/12th-management-committee-of-the-life-shara-project\/#primaryimage"},"image":{"@id":"https:\/\/fundacion-biodiversidad.es\/en\/actualidad_home\/12th-management-committee-of-the-life-shara-project\/#primaryimage"},"thumbnailUrl":"https:\/\/fundacion-biodiversidad.es\/wp-content\/uploads\/2020\/06\/12cg_lifeshara.jpg","datePublished":"2020-06-30T09:55:47+00:00","breadcrumb":{"@id":"https:\/\/fundacion-biodiversidad.es\/en\/actualidad_home\/12th-management-committee-of-the-life-shara-project\/#breadcrumb"},"inLanguage":"en-US","potentialAction":[{"@type":"ReadAction","target":["https:\/\/fundacion-biodiversidad.es\/en\/actualidad_home\/12th-management-committee-of-the-life-shara-project\/"]}]},{"@type":"ImageObject","inLanguage":"en-US","@id":"https:\/\/fundacion-biodiversidad.es\/en\/actualidad_home\/12th-management-committee-of-the-life-shara-project\/#primaryimage","url":"https:\/\/fundacion-biodiversidad.es\/wp-content\/uploads\/2020\/06\/12cg_lifeshara.jpg","contentUrl":"https:\/\/fundacion-biodiversidad.es\/wp-content\/uploads\/2020\/06\/12cg_lifeshara.jpg","width":747,"height":497},{"@type":"BreadcrumbList","@id":"https:\/\/fundacion-biodiversidad.es\/en\/actualidad_home\/12th-management-committee-of-the-life-shara-project\/#breadcrumb","itemListElement":[{"@type":"ListItem","position":1,"name":"Portada","item":"https:\/\/fundacion-biodiversidad.es\/en\/inicio\/"},{"@type":"ListItem","position":2,"name":"Noticias de actualidad","item":"https:\/\/fundacion-biodiversidad.es\/en\/actualidad_home\/"},{"@type":"ListItem","position":3,"name":"12th Management Committee of the LIFE SHARA project"}]},{"@type":"WebSite","@id":"https:\/\/fundacion-biodiversidad.es\/en\/#website","url":"https:\/\/fundacion-biodiversidad.es\/en\/","name":"Fundaci\u00f3n Biodiversidad","description":"Fundaci\u00f3n p\u00fablica adscrita al Ministerio para la Transici\u00f3n Ecol\u00f3gica","potentialAction":[{"@type":"SearchAction","target":{"@type":"EntryPoint","urlTemplate":"https:\/\/fundacion-biodiversidad.es\/en\/?s={search_term_string}"},"query-input":{"@type":"PropertyValueSpecification","valueRequired":true,"valueName":"search_term_string"}}],"inLanguage":"en-US"}]}},"_links":{"self":[{"href":"https:\/\/fundacion-biodiversidad.es\/en\/wp-json\/wp\/v2\/actualidad_home\/97858407","targetHints":{"allow":["GET"]}}],"collection":[{"href":"https:\/\/fundacion-biodiversidad.es\/en\/wp-json\/wp\/v2\/actualidad_home"}],"about":[{"href":"https:\/\/fundacion-biodiversidad.es\/en\/wp-json\/wp\/v2\/types\/actualidad_home"}],"author":[{"embeddable":true,"href":"https:\/\/fundacion-biodiversidad.es\/en\/wp-json\/wp\/v2\/users\/11"}],"wp:featuredmedia":[{"embeddable":true,"href":"https:\/\/fundacion-biodiversidad.es\/en\/wp-json\/wp\/v2\/media\/36086"}],"wp:attachment":[{"href":"https:\/\/fundacion-biodiversidad.es\/en\/wp-json\/wp\/v2\/media?parent=97858407"}],"wp:term":[{"taxonomy":"palabras_clave","embeddable":true,"href":"https:\/\/fundacion-biodiversidad.es\/en\/wp-json\/wp\/v2\/palabras_clave?post=97858407"}],"curies":[{"name":"wp","href":"https:\/\/api.w.org\/{rel}","templated":true}]}}