{"id":97858409,"date":"2020-06-29T13:08:00","date_gmt":"2020-06-29T11:08:00","guid":{"rendered":"https:\/\/fundacion-biodiversidad.es\/actualidad_home\/success-of-spanish-companies-in-the-european-phase-of-the-ebae-awards\/"},"modified":"2020-06-29T13:08:00","modified_gmt":"2020-06-29T11:08:00","slug":"success-of-spanish-companies-in-the-european-phase-of-the-ebae-awards","status":"publish","type":"actualidad_home","link":"https:\/\/fundacion-biodiversidad.es\/en\/actualidad_home\/success-of-spanish-companies-in-the-european-phase-of-the-ebae-awards\/","title":{"rendered":"Success of Spanish companies in the European phase of the EBAE Awards"},"content":{"rendered":"<p>Five Spanish companies are on the shortlist of the European Business Awards for the Environment (EBAE Awards).  <!--more--><\/p>\n<p><strong>Five Spanish companies are on the shortlist of the European Business Awards for the Environment<\/strong> (<a href=\"https:\/\/fundacion-biodiversidad.es\/es\/relaciones-internacionales\/proyectos-propios\/premios-europeos-de-medio-ambiente-la-empresa\" target=\"_blank\" rel=\"noopener\">EBAE Awards<\/a>), while <strong>two national companies have been distinguished in the so-called Rising Stars <\/strong>after the deliberation of the jury on June 24, which this year has met <em>online<\/em> due to the circumstances associated with the COVID-19 pandemic.<\/p>\n<p>In this edition, 94 nominations have been received from 16 European countries, of which the jury has selected 16 finalists and has highlighted another 12 companies with the Rising Stars distinction.<\/p>\n<p>These awards are only open to those proposals that have been selected by the national competitions of the awards, held in member countries of the European Union or candidate countries for accession. The Spanish participants have stood out for their high quality. <\/p>\n<p>The five <strong>Spanish companies that are on the list of finalists<\/strong> are: <strong>Naturgy<\/strong>, in the management category \u2013 medium and large companies; <strong>Tecnoresiduos R3<\/strong>, in the category of Management &#8211; small and micro enterprises; <strong>IDAI NATURE,<\/strong> in the Product category; <strong>Tejidos Royo<\/strong> in the Process category and <strong>HEINEKEN ESPA\u00d1A<\/strong> in the Business and Biodiversity category. In the so-called Rising Stars, there are two distinguished Spanish companies: Semillas Cantueso, in the Business and Biodiversity category and BASOINSA, in the International Business Cooperation category. <\/p>\n<p><strong>The Biodiversity Foundation, organiser of the Awards in its national section<\/strong>, has participated as a member of the jury this year, in which the proposals submitted have stood out for their leadership towards a sustainable economic recovery for Europe, well aligned with the priorities of the European Green Deal and with a deep respect for the environment at the very heart of its trade policies.<\/p>\n<p><strong>The awards ceremony, where the winners will be announced, is scheduled for November 2020 in Brussels<\/strong>, circumstances permitting.<\/p>\n<p><strong>Do you want to know more about the European Business Awards for the Environment?<\/strong><br \/>The European Business Awards for the Environment have been convened since 1987 by the European Commission to recognize those companies that successfully combine the economic viability of their businesses with the protection of the environment.<\/p>\n<p>In Spain, the European Business Awards for the Environment have been held since 1997, and for the winning companies they represent an important recognition both from society and from the world of business and sustainability. The Biodiversity Foundation of the Ministry for the Ecological Transition and the Demographic Challenge has been the entity in charge of managing the Spanish section since 2013. <\/p>\n<p>The ceremony of the Spanish Section of the EBAE Awards, organized by the Biodiversity Foundation, is also pending celebration, if circumstances allow it. Meanwhile, if you want to know the finalists of the Spanish section of this edition, click <a href=\"https:\/\/acumbamail.com\/envio\/compartir\/b90f3ff2-a708-11ea-b659-005056bd5094\/\">here<\/a>. <\/p>\n<p>More information at this <a href=\"https:\/\/fundacion-biodiversidad.es\/es\/relaciones-internacionales\/proyectos-propios\/premios-europeos-de-medio-ambiente-la-empresa\" target=\"_blank\" rel=\"noopener\">link.<\/a><\/p>\n","protected":false},"author":11,"featured_media":36085,"template":"","meta":{"_acf_changed":false},"palabras_clave":[],"class_list":["post-97858409","actualidad_home","type-actualidad_home","status-publish","has-post-thumbnail","hentry"],"acf":[],"yoast_head":"<!-- This site is optimized with the Yoast SEO plugin v26.9 - https:\/\/yoast.com\/product\/yoast-seo-wordpress\/ -->\n<title>Success of Spanish companies in the European phase of the EBAE Awards - Fundaci\u00f3n Biodiversidad<\/title>\n<meta name=\"robots\" content=\"index, follow, max-snippet:-1, max-image-preview:large, max-video-preview:-1\" \/>\n<link rel=\"canonical\" href=\"https:\/\/fundacion-biodiversidad.es\/en\/actualidad_home\/success-of-spanish-companies-in-the-european-phase-of-the-ebae-awards\/\" \/>\n<meta property=\"og:locale\" content=\"en_US\" \/>\n<meta property=\"og:type\" content=\"article\" \/>\n<meta property=\"og:title\" content=\"Success of Spanish companies in the European phase of the EBAE Awards - Fundaci\u00f3n Biodiversidad\" \/>\n<meta property=\"og:description\" content=\"Five Spanish companies are on the shortlist of the European Business Awards for the Environment (EBAE Awards).\" \/>\n<meta property=\"og:url\" content=\"https:\/\/fundacion-biodiversidad.es\/en\/actualidad_home\/success-of-spanish-companies-in-the-european-phase-of-the-ebae-awards\/\" \/>\n<meta property=\"og:site_name\" content=\"Fundaci\u00f3n Biodiversidad\" \/>\n<meta property=\"og:image\" content=\"https:\/\/fundacion-biodiversidad.es\/wp-content\/uploads\/2023\/01\/2487661294_35330241_720x405.png\" \/>\n\t<meta property=\"og:image:width\" content=\"720\" \/>\n\t<meta property=\"og:image:height\" content=\"405\" \/>\n\t<meta property=\"og:image:type\" content=\"image\/png\" \/>\n<meta name=\"twitter:card\" content=\"summary_large_image\" \/>\n<meta name=\"twitter:label1\" content=\"Est. reading time\" \/>\n\t<meta name=\"twitter:data1\" content=\"2 minutes\" \/>\n<script type=\"application\/ld+json\" class=\"yoast-schema-graph\">{\"@context\":\"https:\/\/schema.org\",\"@graph\":[{\"@type\":\"WebPage\",\"@id\":\"https:\/\/fundacion-biodiversidad.es\/en\/actualidad_home\/success-of-spanish-companies-in-the-european-phase-of-the-ebae-awards\/\",\"url\":\"https:\/\/fundacion-biodiversidad.es\/en\/actualidad_home\/success-of-spanish-companies-in-the-european-phase-of-the-ebae-awards\/\",\"name\":\"Success of Spanish companies in the European phase of the EBAE Awards - Fundaci\u00f3n Biodiversidad\",\"isPartOf\":{\"@id\":\"https:\/\/fundacion-biodiversidad.es\/en\/#website\"},\"primaryImageOfPage\":{\"@id\":\"https:\/\/fundacion-biodiversidad.es\/en\/actualidad_home\/success-of-spanish-companies-in-the-european-phase-of-the-ebae-awards\/#primaryimage\"},\"image\":{\"@id\":\"https:\/\/fundacion-biodiversidad.es\/en\/actualidad_home\/success-of-spanish-companies-in-the-european-phase-of-the-ebae-awards\/#primaryimage\"},\"thumbnailUrl\":\"https:\/\/fundacion-biodiversidad.es\/wp-content\/uploads\/2020\/06\/finalistas_ebaes.jpg\",\"datePublished\":\"2020-06-29T11:08:00+00:00\",\"breadcrumb\":{\"@id\":\"https:\/\/fundacion-biodiversidad.es\/en\/actualidad_home\/success-of-spanish-companies-in-the-european-phase-of-the-ebae-awards\/#breadcrumb\"},\"inLanguage\":\"en-US\",\"potentialAction\":[{\"@type\":\"ReadAction\",\"target\":[\"https:\/\/fundacion-biodiversidad.es\/en\/actualidad_home\/success-of-spanish-companies-in-the-european-phase-of-the-ebae-awards\/\"]}]},{\"@type\":\"ImageObject\",\"inLanguage\":\"en-US\",\"@id\":\"https:\/\/fundacion-biodiversidad.es\/en\/actualidad_home\/success-of-spanish-companies-in-the-european-phase-of-the-ebae-awards\/#primaryimage\",\"url\":\"https:\/\/fundacion-biodiversidad.es\/wp-content\/uploads\/2020\/06\/finalistas_ebaes.jpg\",\"contentUrl\":\"https:\/\/fundacion-biodiversidad.es\/wp-content\/uploads\/2020\/06\/finalistas_ebaes.jpg\",\"width\":747,\"height\":396},{\"@type\":\"BreadcrumbList\",\"@id\":\"https:\/\/fundacion-biodiversidad.es\/en\/actualidad_home\/success-of-spanish-companies-in-the-european-phase-of-the-ebae-awards\/#breadcrumb\",\"itemListElement\":[{\"@type\":\"ListItem\",\"position\":1,\"name\":\"Portada\",\"item\":\"https:\/\/fundacion-biodiversidad.es\/en\/inicio\/\"},{\"@type\":\"ListItem\",\"position\":2,\"name\":\"Noticias de actualidad\",\"item\":\"https:\/\/fundacion-biodiversidad.es\/en\/actualidad_home\/\"},{\"@type\":\"ListItem\",\"position\":3,\"name\":\"Success of Spanish companies in the European phase of the EBAE Awards\"}]},{\"@type\":\"WebSite\",\"@id\":\"https:\/\/fundacion-biodiversidad.es\/en\/#website\",\"url\":\"https:\/\/fundacion-biodiversidad.es\/en\/\",\"name\":\"Fundaci\u00f3n Biodiversidad\",\"description\":\"Fundaci\u00f3n p\u00fablica adscrita al Ministerio para la Transici\u00f3n Ecol\u00f3gica\",\"potentialAction\":[{\"@type\":\"SearchAction\",\"target\":{\"@type\":\"EntryPoint\",\"urlTemplate\":\"https:\/\/fundacion-biodiversidad.es\/en\/?s={search_term_string}\"},\"query-input\":{\"@type\":\"PropertyValueSpecification\",\"valueRequired\":true,\"valueName\":\"search_term_string\"}}],\"inLanguage\":\"en-US\"}]}<\/script>\n<!-- \/ Yoast SEO plugin. -->","yoast_head_json":{"title":"Success of Spanish companies in the European phase of the EBAE Awards - Fundaci\u00f3n Biodiversidad","robots":{"index":"index","follow":"follow","max-snippet":"max-snippet:-1","max-image-preview":"max-image-preview:large","max-video-preview":"max-video-preview:-1"},"canonical":"https:\/\/fundacion-biodiversidad.es\/en\/actualidad_home\/success-of-spanish-companies-in-the-european-phase-of-the-ebae-awards\/","og_locale":"en_US","og_type":"article","og_title":"Success of Spanish companies in the European phase of the EBAE Awards - Fundaci\u00f3n Biodiversidad","og_description":"Five Spanish companies are on the shortlist of the European Business Awards for the Environment (EBAE Awards).","og_url":"https:\/\/fundacion-biodiversidad.es\/en\/actualidad_home\/success-of-spanish-companies-in-the-european-phase-of-the-ebae-awards\/","og_site_name":"Fundaci\u00f3n Biodiversidad","og_image":[{"width":720,"height":405,"url":"https:\/\/fundacion-biodiversidad.es\/wp-content\/uploads\/2023\/01\/2487661294_35330241_720x405.png","type":"image\/png"}],"twitter_card":"summary_large_image","twitter_misc":{"Est. reading time":"2 minutes"},"schema":{"@context":"https:\/\/schema.org","@graph":[{"@type":"WebPage","@id":"https:\/\/fundacion-biodiversidad.es\/en\/actualidad_home\/success-of-spanish-companies-in-the-european-phase-of-the-ebae-awards\/","url":"https:\/\/fundacion-biodiversidad.es\/en\/actualidad_home\/success-of-spanish-companies-in-the-european-phase-of-the-ebae-awards\/","name":"Success of Spanish companies in the European phase of the EBAE Awards - Fundaci\u00f3n Biodiversidad","isPartOf":{"@id":"https:\/\/fundacion-biodiversidad.es\/en\/#website"},"primaryImageOfPage":{"@id":"https:\/\/fundacion-biodiversidad.es\/en\/actualidad_home\/success-of-spanish-companies-in-the-european-phase-of-the-ebae-awards\/#primaryimage"},"image":{"@id":"https:\/\/fundacion-biodiversidad.es\/en\/actualidad_home\/success-of-spanish-companies-in-the-european-phase-of-the-ebae-awards\/#primaryimage"},"thumbnailUrl":"https:\/\/fundacion-biodiversidad.es\/wp-content\/uploads\/2020\/06\/finalistas_ebaes.jpg","datePublished":"2020-06-29T11:08:00+00:00","breadcrumb":{"@id":"https:\/\/fundacion-biodiversidad.es\/en\/actualidad_home\/success-of-spanish-companies-in-the-european-phase-of-the-ebae-awards\/#breadcrumb"},"inLanguage":"en-US","potentialAction":[{"@type":"ReadAction","target":["https:\/\/fundacion-biodiversidad.es\/en\/actualidad_home\/success-of-spanish-companies-in-the-european-phase-of-the-ebae-awards\/"]}]},{"@type":"ImageObject","inLanguage":"en-US","@id":"https:\/\/fundacion-biodiversidad.es\/en\/actualidad_home\/success-of-spanish-companies-in-the-european-phase-of-the-ebae-awards\/#primaryimage","url":"https:\/\/fundacion-biodiversidad.es\/wp-content\/uploads\/2020\/06\/finalistas_ebaes.jpg","contentUrl":"https:\/\/fundacion-biodiversidad.es\/wp-content\/uploads\/2020\/06\/finalistas_ebaes.jpg","width":747,"height":396},{"@type":"BreadcrumbList","@id":"https:\/\/fundacion-biodiversidad.es\/en\/actualidad_home\/success-of-spanish-companies-in-the-european-phase-of-the-ebae-awards\/#breadcrumb","itemListElement":[{"@type":"ListItem","position":1,"name":"Portada","item":"https:\/\/fundacion-biodiversidad.es\/en\/inicio\/"},{"@type":"ListItem","position":2,"name":"Noticias de actualidad","item":"https:\/\/fundacion-biodiversidad.es\/en\/actualidad_home\/"},{"@type":"ListItem","position":3,"name":"Success of Spanish companies in the European phase of the EBAE Awards"}]},{"@type":"WebSite","@id":"https:\/\/fundacion-biodiversidad.es\/en\/#website","url":"https:\/\/fundacion-biodiversidad.es\/en\/","name":"Fundaci\u00f3n Biodiversidad","description":"Fundaci\u00f3n p\u00fablica adscrita al Ministerio para la Transici\u00f3n Ecol\u00f3gica","potentialAction":[{"@type":"SearchAction","target":{"@type":"EntryPoint","urlTemplate":"https:\/\/fundacion-biodiversidad.es\/en\/?s={search_term_string}"},"query-input":{"@type":"PropertyValueSpecification","valueRequired":true,"valueName":"search_term_string"}}],"inLanguage":"en-US"}]}},"_links":{"self":[{"href":"https:\/\/fundacion-biodiversidad.es\/en\/wp-json\/wp\/v2\/actualidad_home\/97858409","targetHints":{"allow":["GET"]}}],"collection":[{"href":"https:\/\/fundacion-biodiversidad.es\/en\/wp-json\/wp\/v2\/actualidad_home"}],"about":[{"href":"https:\/\/fundacion-biodiversidad.es\/en\/wp-json\/wp\/v2\/types\/actualidad_home"}],"author":[{"embeddable":true,"href":"https:\/\/fundacion-biodiversidad.es\/en\/wp-json\/wp\/v2\/users\/11"}],"wp:featuredmedia":[{"embeddable":true,"href":"https:\/\/fundacion-biodiversidad.es\/en\/wp-json\/wp\/v2\/media\/36085"}],"wp:attachment":[{"href":"https:\/\/fundacion-biodiversidad.es\/en\/wp-json\/wp\/v2\/media?parent=97858409"}],"wp:term":[{"taxonomy":"palabras_clave","embeddable":true,"href":"https:\/\/fundacion-biodiversidad.es\/en\/wp-json\/wp\/v2\/palabras_clave?post=97858409"}],"curies":[{"name":"wp","href":"https:\/\/api.w.org\/{rel}","templated":true}]}}