{"id":97858411,"date":"2020-06-29T09:51:41","date_gmt":"2020-06-29T07:51:41","guid":{"rendered":"https:\/\/fundacion-biodiversidad.es\/actualidad_home\/participates-in-the-development-of-the-project-proposal-changes-in-lifestyles-to-recover-nature\/"},"modified":"2020-06-29T09:51:41","modified_gmt":"2020-06-29T07:51:41","slug":"participates-in-the-development-of-the-project-proposal-changes-in-lifestyles-to-recover-nature","status":"publish","type":"actualidad_home","link":"https:\/\/fundacion-biodiversidad.es\/en\/actualidad_home\/participates-in-the-development-of-the-project-proposal-changes-in-lifestyles-to-recover-nature\/","title":{"rendered":"Participates in the development of the project proposal &#8220;Changes in lifestyles to recover nature&#8221;"},"content":{"rendered":"<p>We invite you to send us your contributions, before July 6. You can make general contributions, contributions to the proposed actions, or propose new actions. You can also send us a letter of support for the project.<br \/>\n<!--more--><\/p>\n<p><strong>We are going to present the project &#8220;Lifestyle changes to recover nature&#8221; to the 2020 call of the European Commission&#8217;s LIFE programme<\/strong>, to promote a new model of life that results in a healthier, healthier and more sustainable society.<\/p>\n<p>The Ministry for the Ecological Transition and the Demographic Challenge (MITECO), through the Biodiversity Foundation, coordinates this project proposal, whose objective is to <strong>promote changes in the lifestyle of citizens that favour the conservation and recovery of biodiversity through sectoral policies<\/strong>. The proposal originally has the participation of the General Directorate of Biodiversity, Forests and Desertification, the Autonomous Agency of National Parks through CENEAM, as well as SEO\/BirdLife and the EFE Agency (EFE Verde). <\/p>\n<p>Spanish society is aware, according to surveys, of the loss of biodiversity but it is necessary to understand the relationship that our lifestyles and consumption habits related to food and leisure and tourism have with this loss of biodiversity and to promote systemic and structural changes; hence the importance of implementing this initiative.<\/p>\n<p>We want you to help us with the project proposal. <strong>Therefore, we invite you to send us your contributions to this <a href=\"https:\/\/boletines.fundacion-biodiversidad.es\/images\/20200629-Nota_PP_-LIFE-estilos-de-vida-2.pdf\">concept note<\/a>, before July 6<\/strong>. You can make <a href=\"https:\/\/forms.office.com\/Pages\/ResponsePage.aspx?id=QvA2NErBqUODqoC3xCCj8yqsJOQ0PExGvyhbLAd8BPJUN0E5Vk1QVjMyNlg3RUVLMVZDMUUxQTdGRi4u\">general contributions<\/a>, <a href=\"https:\/\/forms.office.com\/Pages\/ResponsePage.aspx?id=QvA2NErBqUODqoC3xCCj8yqsJOQ0PExGvyhbLAd8BPJUNUg4M1g2MVI2TktIVzBBVkxGTEdUV05RQS4u\">contributions to the proposed actions<\/a>, or <a href=\"https:\/\/forms.office.com\/Pages\/ResponsePage.aspx?id=QvA2NErBqUODqoC3xCCj8yqsJOQ0PExGvyhbLAd8BPJUMUo2U0g0OE1MNEtGOVozRE41NTJSOFo4WS4u\">propose new actions<\/a>. You can also send us a <a href=\"https:\/\/boletines.fundacion-biodiversidad.es\/images\/Modelo_Carta-de-apoyo-3.pdf\">letter of support<\/a> for the project.  <\/p>\n<p>Your opinion is very important, participate!<\/p>\n","protected":false},"author":11,"featured_media":36084,"template":"","meta":{"_acf_changed":false},"palabras_clave":[],"class_list":["post-97858411","actualidad_home","type-actualidad_home","status-publish","has-post-thumbnail","hentry"],"acf":[],"yoast_head":"<!-- This site is optimized with the Yoast SEO plugin v26.9 - https:\/\/yoast.com\/product\/yoast-seo-wordpress\/ -->\n<title>Participates in the development of the project proposal &quot;Changes in lifestyles to recover nature&quot; - Fundaci\u00f3n Biodiversidad<\/title>\n<meta name=\"robots\" content=\"index, follow, max-snippet:-1, max-image-preview:large, max-video-preview:-1\" \/>\n<link rel=\"canonical\" href=\"https:\/\/fundacion-biodiversidad.es\/en\/actualidad_home\/participates-in-the-development-of-the-project-proposal-changes-in-lifestyles-to-recover-nature\/\" \/>\n<meta property=\"og:locale\" content=\"en_US\" \/>\n<meta property=\"og:type\" content=\"article\" \/>\n<meta property=\"og:title\" content=\"Participates in the development of the project proposal &quot;Changes in lifestyles to recover nature&quot; - Fundaci\u00f3n Biodiversidad\" \/>\n<meta property=\"og:description\" content=\"We invite you to send us your contributions, before July 6. You can make general contributions, contributions to the proposed actions, or propose new actions. [&hellip;]\" \/>\n<meta property=\"og:url\" content=\"https:\/\/fundacion-biodiversidad.es\/en\/actualidad_home\/participates-in-the-development-of-the-project-proposal-changes-in-lifestyles-to-recover-nature\/\" \/>\n<meta property=\"og:site_name\" content=\"Fundaci\u00f3n Biodiversidad\" \/>\n<meta property=\"og:image\" content=\"https:\/\/fundacion-biodiversidad.es\/wp-content\/uploads\/2023\/01\/2487661294_35330241_720x405.png\" \/>\n\t<meta property=\"og:image:width\" content=\"720\" \/>\n\t<meta property=\"og:image:height\" content=\"405\" \/>\n\t<meta property=\"og:image:type\" content=\"image\/png\" \/>\n<meta name=\"twitter:card\" content=\"summary_large_image\" \/>\n<meta name=\"twitter:label1\" content=\"Est. reading time\" \/>\n\t<meta name=\"twitter:data1\" content=\"1 minute\" \/>\n<script type=\"application\/ld+json\" class=\"yoast-schema-graph\">{\"@context\":\"https:\/\/schema.org\",\"@graph\":[{\"@type\":\"WebPage\",\"@id\":\"https:\/\/fundacion-biodiversidad.es\/en\/actualidad_home\/participates-in-the-development-of-the-project-proposal-changes-in-lifestyles-to-recover-nature\/\",\"url\":\"https:\/\/fundacion-biodiversidad.es\/en\/actualidad_home\/participates-in-the-development-of-the-project-proposal-changes-in-lifestyles-to-recover-nature\/\",\"name\":\"Participates in the development of the project proposal \\\"Changes in lifestyles to recover nature\\\" - Fundaci\u00f3n Biodiversidad\",\"isPartOf\":{\"@id\":\"https:\/\/fundacion-biodiversidad.es\/en\/#website\"},\"primaryImageOfPage\":{\"@id\":\"https:\/\/fundacion-biodiversidad.es\/en\/actualidad_home\/participates-in-the-development-of-the-project-proposal-changes-in-lifestyles-to-recover-nature\/#primaryimage\"},\"image\":{\"@id\":\"https:\/\/fundacion-biodiversidad.es\/en\/actualidad_home\/participates-in-the-development-of-the-project-proposal-changes-in-lifestyles-to-recover-nature\/#primaryimage\"},\"thumbnailUrl\":\"https:\/\/fundacion-biodiversidad.es\/wp-content\/uploads\/2020\/06\/life_estilosdevida2.png\",\"datePublished\":\"2020-06-29T07:51:41+00:00\",\"breadcrumb\":{\"@id\":\"https:\/\/fundacion-biodiversidad.es\/en\/actualidad_home\/participates-in-the-development-of-the-project-proposal-changes-in-lifestyles-to-recover-nature\/#breadcrumb\"},\"inLanguage\":\"en-US\",\"potentialAction\":[{\"@type\":\"ReadAction\",\"target\":[\"https:\/\/fundacion-biodiversidad.es\/en\/actualidad_home\/participates-in-the-development-of-the-project-proposal-changes-in-lifestyles-to-recover-nature\/\"]}]},{\"@type\":\"ImageObject\",\"inLanguage\":\"en-US\",\"@id\":\"https:\/\/fundacion-biodiversidad.es\/en\/actualidad_home\/participates-in-the-development-of-the-project-proposal-changes-in-lifestyles-to-recover-nature\/#primaryimage\",\"url\":\"https:\/\/fundacion-biodiversidad.es\/wp-content\/uploads\/2020\/06\/life_estilosdevida2.png\",\"contentUrl\":\"https:\/\/fundacion-biodiversidad.es\/wp-content\/uploads\/2020\/06\/life_estilosdevida2.png\",\"width\":1200,\"height\":628},{\"@type\":\"BreadcrumbList\",\"@id\":\"https:\/\/fundacion-biodiversidad.es\/en\/actualidad_home\/participates-in-the-development-of-the-project-proposal-changes-in-lifestyles-to-recover-nature\/#breadcrumb\",\"itemListElement\":[{\"@type\":\"ListItem\",\"position\":1,\"name\":\"Portada\",\"item\":\"https:\/\/fundacion-biodiversidad.es\/en\/inicio\/\"},{\"@type\":\"ListItem\",\"position\":2,\"name\":\"Noticias de actualidad\",\"item\":\"https:\/\/fundacion-biodiversidad.es\/en\/actualidad_home\/\"},{\"@type\":\"ListItem\",\"position\":3,\"name\":\"Participates in the development of the project proposal &#8220;Changes in lifestyles to recover nature&#8221;\"}]},{\"@type\":\"WebSite\",\"@id\":\"https:\/\/fundacion-biodiversidad.es\/en\/#website\",\"url\":\"https:\/\/fundacion-biodiversidad.es\/en\/\",\"name\":\"Fundaci\u00f3n Biodiversidad\",\"description\":\"Fundaci\u00f3n p\u00fablica adscrita al Ministerio para la Transici\u00f3n Ecol\u00f3gica\",\"potentialAction\":[{\"@type\":\"SearchAction\",\"target\":{\"@type\":\"EntryPoint\",\"urlTemplate\":\"https:\/\/fundacion-biodiversidad.es\/en\/?s={search_term_string}\"},\"query-input\":{\"@type\":\"PropertyValueSpecification\",\"valueRequired\":true,\"valueName\":\"search_term_string\"}}],\"inLanguage\":\"en-US\"}]}<\/script>\n<!-- \/ Yoast SEO plugin. -->","yoast_head_json":{"title":"Participates in the development of the project proposal \"Changes in lifestyles to recover nature\" - Fundaci\u00f3n Biodiversidad","robots":{"index":"index","follow":"follow","max-snippet":"max-snippet:-1","max-image-preview":"max-image-preview:large","max-video-preview":"max-video-preview:-1"},"canonical":"https:\/\/fundacion-biodiversidad.es\/en\/actualidad_home\/participates-in-the-development-of-the-project-proposal-changes-in-lifestyles-to-recover-nature\/","og_locale":"en_US","og_type":"article","og_title":"Participates in the development of the project proposal \"Changes in lifestyles to recover nature\" - Fundaci\u00f3n Biodiversidad","og_description":"We invite you to send us your contributions, before July 6. You can make general contributions, contributions to the proposed actions, or propose new actions. [&hellip;]","og_url":"https:\/\/fundacion-biodiversidad.es\/en\/actualidad_home\/participates-in-the-development-of-the-project-proposal-changes-in-lifestyles-to-recover-nature\/","og_site_name":"Fundaci\u00f3n Biodiversidad","og_image":[{"width":720,"height":405,"url":"https:\/\/fundacion-biodiversidad.es\/wp-content\/uploads\/2023\/01\/2487661294_35330241_720x405.png","type":"image\/png"}],"twitter_card":"summary_large_image","twitter_misc":{"Est. reading time":"1 minute"},"schema":{"@context":"https:\/\/schema.org","@graph":[{"@type":"WebPage","@id":"https:\/\/fundacion-biodiversidad.es\/en\/actualidad_home\/participates-in-the-development-of-the-project-proposal-changes-in-lifestyles-to-recover-nature\/","url":"https:\/\/fundacion-biodiversidad.es\/en\/actualidad_home\/participates-in-the-development-of-the-project-proposal-changes-in-lifestyles-to-recover-nature\/","name":"Participates in the development of the project proposal \"Changes in lifestyles to recover nature\" - Fundaci\u00f3n Biodiversidad","isPartOf":{"@id":"https:\/\/fundacion-biodiversidad.es\/en\/#website"},"primaryImageOfPage":{"@id":"https:\/\/fundacion-biodiversidad.es\/en\/actualidad_home\/participates-in-the-development-of-the-project-proposal-changes-in-lifestyles-to-recover-nature\/#primaryimage"},"image":{"@id":"https:\/\/fundacion-biodiversidad.es\/en\/actualidad_home\/participates-in-the-development-of-the-project-proposal-changes-in-lifestyles-to-recover-nature\/#primaryimage"},"thumbnailUrl":"https:\/\/fundacion-biodiversidad.es\/wp-content\/uploads\/2020\/06\/life_estilosdevida2.png","datePublished":"2020-06-29T07:51:41+00:00","breadcrumb":{"@id":"https:\/\/fundacion-biodiversidad.es\/en\/actualidad_home\/participates-in-the-development-of-the-project-proposal-changes-in-lifestyles-to-recover-nature\/#breadcrumb"},"inLanguage":"en-US","potentialAction":[{"@type":"ReadAction","target":["https:\/\/fundacion-biodiversidad.es\/en\/actualidad_home\/participates-in-the-development-of-the-project-proposal-changes-in-lifestyles-to-recover-nature\/"]}]},{"@type":"ImageObject","inLanguage":"en-US","@id":"https:\/\/fundacion-biodiversidad.es\/en\/actualidad_home\/participates-in-the-development-of-the-project-proposal-changes-in-lifestyles-to-recover-nature\/#primaryimage","url":"https:\/\/fundacion-biodiversidad.es\/wp-content\/uploads\/2020\/06\/life_estilosdevida2.png","contentUrl":"https:\/\/fundacion-biodiversidad.es\/wp-content\/uploads\/2020\/06\/life_estilosdevida2.png","width":1200,"height":628},{"@type":"BreadcrumbList","@id":"https:\/\/fundacion-biodiversidad.es\/en\/actualidad_home\/participates-in-the-development-of-the-project-proposal-changes-in-lifestyles-to-recover-nature\/#breadcrumb","itemListElement":[{"@type":"ListItem","position":1,"name":"Portada","item":"https:\/\/fundacion-biodiversidad.es\/en\/inicio\/"},{"@type":"ListItem","position":2,"name":"Noticias de actualidad","item":"https:\/\/fundacion-biodiversidad.es\/en\/actualidad_home\/"},{"@type":"ListItem","position":3,"name":"Participates in the development of the project proposal &#8220;Changes in lifestyles to recover nature&#8221;"}]},{"@type":"WebSite","@id":"https:\/\/fundacion-biodiversidad.es\/en\/#website","url":"https:\/\/fundacion-biodiversidad.es\/en\/","name":"Fundaci\u00f3n Biodiversidad","description":"Fundaci\u00f3n p\u00fablica adscrita al Ministerio para la Transici\u00f3n Ecol\u00f3gica","potentialAction":[{"@type":"SearchAction","target":{"@type":"EntryPoint","urlTemplate":"https:\/\/fundacion-biodiversidad.es\/en\/?s={search_term_string}"},"query-input":{"@type":"PropertyValueSpecification","valueRequired":true,"valueName":"search_term_string"}}],"inLanguage":"en-US"}]}},"_links":{"self":[{"href":"https:\/\/fundacion-biodiversidad.es\/en\/wp-json\/wp\/v2\/actualidad_home\/97858411","targetHints":{"allow":["GET"]}}],"collection":[{"href":"https:\/\/fundacion-biodiversidad.es\/en\/wp-json\/wp\/v2\/actualidad_home"}],"about":[{"href":"https:\/\/fundacion-biodiversidad.es\/en\/wp-json\/wp\/v2\/types\/actualidad_home"}],"author":[{"embeddable":true,"href":"https:\/\/fundacion-biodiversidad.es\/en\/wp-json\/wp\/v2\/users\/11"}],"wp:featuredmedia":[{"embeddable":true,"href":"https:\/\/fundacion-biodiversidad.es\/en\/wp-json\/wp\/v2\/media\/36084"}],"wp:attachment":[{"href":"https:\/\/fundacion-biodiversidad.es\/en\/wp-json\/wp\/v2\/media?parent=97858411"}],"wp:term":[{"taxonomy":"palabras_clave","embeddable":true,"href":"https:\/\/fundacion-biodiversidad.es\/en\/wp-json\/wp\/v2\/palabras_clave?post=97858411"}],"curies":[{"name":"wp","href":"https:\/\/api.w.org\/{rel}","templated":true}]}}