{"id":97858415,"date":"2020-06-05T14:56:22","date_gmt":"2020-06-05T12:56:22","guid":{"rendered":"https:\/\/fundacion-biodiversidad.es\/actualidad_home\/navantia-joins-the-spanish-business-and-biodiversity-initiative\/"},"modified":"2020-06-05T14:56:22","modified_gmt":"2020-06-05T12:56:22","slug":"navantia-joins-the-spanish-business-and-biodiversity-initiative","status":"publish","type":"actualidad_home","link":"https:\/\/fundacion-biodiversidad.es\/en\/actualidad_home\/navantia-joins-the-spanish-business-and-biodiversity-initiative\/","title":{"rendered":"Navantia joins the Spanish Business and Biodiversity Initiative"},"content":{"rendered":"<p><a href=\"https:\/\/www.navantia.es\/es\/\">Navantia<\/a>, a leading Spanish public company in the design and construction of military ships and high-tech civilian ships, is teaming up with the Biodiversity Foundation of the Ministry for the Ecological Transition and the Demographic Challenge to reinforce its commitment to the protection of biodiversity.<\/p>\n<p>With operations in several countries in addition to Spain (Australia, Turkey, Saudi Arabia, the USA, India and Norway), Navantia is committed to reducing its carbon footprint, promoting the circular economy, including respect for the environment in the design criteria of its products and services and supporting actions that promote the conservation and sustainable use of the oceans and seas.<\/p>\n<p>On Environment Day, Navantia signs the Biodiversity Pact to join the <a href=\"https:\/\/ieeb.fundacion-biodiversidad.es\/\">Spanish Business and Biodiversity Initiative<\/a> (IEEB). This signing represents a commitment to work on a sustainable and nature-friendly business model. <\/p>\n<p>With this company, the first representative of the shipbuilding industry sector, the IEEB already has 25 large Spanish companies, as well as 5 strategic partners, and constitutes a public-private platform that pursues a better integration of biodiversity in the business sector. The activity of the IEEB and its companies and partners can be seen in the <a href=\"https:\/\/ieeb.fundacion-biodiversidad.es\/content\/segundo-informe-de-resultados-de-la-ieeb-2016-2018\">second activity report<\/a> that highlights actions to conserve our natural capital in the period 2016-2018. On May 22, International Day for Biological Diversity, it was 7 years since the launch of this initiative, which is proving to be a useful forum to advance in aspects related to business and biodiversity.  <\/p>\n<p>The Biodiversity Foundation and Navantia have also decided to study formulas for joint collaboration within the framework of the <a href=\"https:\/\/intemares.es\/\">LIFE INTEMARES<\/a> project. Specifically, aspects related to the identification of new technologies for the monitoring and surveillance of Natura 2000 Network spaces in the sea, in the dissemination of marine conservation activities carried out by both entities as well as in the training of Navantia workers for the improvement of the management of marine protected areas will be analyzed. <\/p>\n<p>&nbsp;<\/p>\n","protected":false},"author":11,"featured_media":36076,"template":"","meta":{"_acf_changed":false},"palabras_clave":[],"class_list":["post-97858415","actualidad_home","type-actualidad_home","status-publish","has-post-thumbnail","hentry"],"acf":[],"yoast_head":"<!-- This site is optimized with the Yoast SEO plugin v26.9 - https:\/\/yoast.com\/product\/yoast-seo-wordpress\/ -->\n<title>Navantia joins the Spanish Business and Biodiversity Initiative - Fundaci\u00f3n Biodiversidad<\/title>\n<meta name=\"robots\" content=\"index, follow, max-snippet:-1, max-image-preview:large, max-video-preview:-1\" \/>\n<link rel=\"canonical\" href=\"https:\/\/fundacion-biodiversidad.es\/en\/actualidad_home\/navantia-joins-the-spanish-business-and-biodiversity-initiative\/\" \/>\n<meta property=\"og:locale\" content=\"en_US\" \/>\n<meta property=\"og:type\" content=\"article\" \/>\n<meta property=\"og:title\" content=\"Navantia joins the Spanish Business and Biodiversity Initiative - Fundaci\u00f3n Biodiversidad\" \/>\n<meta property=\"og:description\" content=\"Navantia, a leading Spanish public company in the design and construction of military ships and high-tech civilian ships, is teaming up with the Biodiversity Foundation [&hellip;]\" \/>\n<meta property=\"og:url\" content=\"https:\/\/fundacion-biodiversidad.es\/en\/actualidad_home\/navantia-joins-the-spanish-business-and-biodiversity-initiative\/\" \/>\n<meta property=\"og:site_name\" content=\"Fundaci\u00f3n Biodiversidad\" \/>\n<meta property=\"og:image\" content=\"https:\/\/fundacion-biodiversidad.es\/wp-content\/uploads\/2023\/01\/2487661294_35330241_720x405.png\" \/>\n\t<meta property=\"og:image:width\" content=\"720\" \/>\n\t<meta property=\"og:image:height\" content=\"405\" \/>\n\t<meta property=\"og:image:type\" content=\"image\/png\" \/>\n<meta name=\"twitter:card\" content=\"summary_large_image\" \/>\n<meta name=\"twitter:label1\" content=\"Est. reading time\" \/>\n\t<meta name=\"twitter:data1\" content=\"2 minutes\" \/>\n<script type=\"application\/ld+json\" class=\"yoast-schema-graph\">{\"@context\":\"https:\/\/schema.org\",\"@graph\":[{\"@type\":\"WebPage\",\"@id\":\"https:\/\/fundacion-biodiversidad.es\/en\/actualidad_home\/navantia-joins-the-spanish-business-and-biodiversity-initiative\/\",\"url\":\"https:\/\/fundacion-biodiversidad.es\/en\/actualidad_home\/navantia-joins-the-spanish-business-and-biodiversity-initiative\/\",\"name\":\"Navantia joins the Spanish Business and Biodiversity Initiative - Fundaci\u00f3n Biodiversidad\",\"isPartOf\":{\"@id\":\"https:\/\/fundacion-biodiversidad.es\/en\/#website\"},\"primaryImageOfPage\":{\"@id\":\"https:\/\/fundacion-biodiversidad.es\/en\/actualidad_home\/navantia-joins-the-spanish-business-and-biodiversity-initiative\/#primaryimage\"},\"image\":{\"@id\":\"https:\/\/fundacion-biodiversidad.es\/en\/actualidad_home\/navantia-joins-the-spanish-business-and-biodiversity-initiative\/#primaryimage\"},\"thumbnailUrl\":\"https:\/\/fundacion-biodiversidad.es\/wp-content\/uploads\/2020\/06\/navantia-scaled.jpg\",\"datePublished\":\"2020-06-05T12:56:22+00:00\",\"breadcrumb\":{\"@id\":\"https:\/\/fundacion-biodiversidad.es\/en\/actualidad_home\/navantia-joins-the-spanish-business-and-biodiversity-initiative\/#breadcrumb\"},\"inLanguage\":\"en-US\",\"potentialAction\":[{\"@type\":\"ReadAction\",\"target\":[\"https:\/\/fundacion-biodiversidad.es\/en\/actualidad_home\/navantia-joins-the-spanish-business-and-biodiversity-initiative\/\"]}]},{\"@type\":\"ImageObject\",\"inLanguage\":\"en-US\",\"@id\":\"https:\/\/fundacion-biodiversidad.es\/en\/actualidad_home\/navantia-joins-the-spanish-business-and-biodiversity-initiative\/#primaryimage\",\"url\":\"https:\/\/fundacion-biodiversidad.es\/wp-content\/uploads\/2020\/06\/navantia-scaled.jpg\",\"contentUrl\":\"https:\/\/fundacion-biodiversidad.es\/wp-content\/uploads\/2020\/06\/navantia-scaled.jpg\",\"width\":2560,\"height\":927},{\"@type\":\"BreadcrumbList\",\"@id\":\"https:\/\/fundacion-biodiversidad.es\/en\/actualidad_home\/navantia-joins-the-spanish-business-and-biodiversity-initiative\/#breadcrumb\",\"itemListElement\":[{\"@type\":\"ListItem\",\"position\":1,\"name\":\"Portada\",\"item\":\"https:\/\/fundacion-biodiversidad.es\/en\/inicio\/\"},{\"@type\":\"ListItem\",\"position\":2,\"name\":\"Noticias de actualidad\",\"item\":\"https:\/\/fundacion-biodiversidad.es\/en\/actualidad_home\/\"},{\"@type\":\"ListItem\",\"position\":3,\"name\":\"Navantia joins the Spanish Business and Biodiversity Initiative\"}]},{\"@type\":\"WebSite\",\"@id\":\"https:\/\/fundacion-biodiversidad.es\/en\/#website\",\"url\":\"https:\/\/fundacion-biodiversidad.es\/en\/\",\"name\":\"Fundaci\u00f3n Biodiversidad\",\"description\":\"Fundaci\u00f3n p\u00fablica adscrita al Ministerio para la Transici\u00f3n Ecol\u00f3gica\",\"potentialAction\":[{\"@type\":\"SearchAction\",\"target\":{\"@type\":\"EntryPoint\",\"urlTemplate\":\"https:\/\/fundacion-biodiversidad.es\/en\/?s={search_term_string}\"},\"query-input\":{\"@type\":\"PropertyValueSpecification\",\"valueRequired\":true,\"valueName\":\"search_term_string\"}}],\"inLanguage\":\"en-US\"}]}<\/script>\n<!-- \/ Yoast SEO plugin. -->","yoast_head_json":{"title":"Navantia joins the Spanish Business and Biodiversity Initiative - Fundaci\u00f3n Biodiversidad","robots":{"index":"index","follow":"follow","max-snippet":"max-snippet:-1","max-image-preview":"max-image-preview:large","max-video-preview":"max-video-preview:-1"},"canonical":"https:\/\/fundacion-biodiversidad.es\/en\/actualidad_home\/navantia-joins-the-spanish-business-and-biodiversity-initiative\/","og_locale":"en_US","og_type":"article","og_title":"Navantia joins the Spanish Business and Biodiversity Initiative - Fundaci\u00f3n Biodiversidad","og_description":"Navantia, a leading Spanish public company in the design and construction of military ships and high-tech civilian ships, is teaming up with the Biodiversity Foundation [&hellip;]","og_url":"https:\/\/fundacion-biodiversidad.es\/en\/actualidad_home\/navantia-joins-the-spanish-business-and-biodiversity-initiative\/","og_site_name":"Fundaci\u00f3n Biodiversidad","og_image":[{"width":720,"height":405,"url":"https:\/\/fundacion-biodiversidad.es\/wp-content\/uploads\/2023\/01\/2487661294_35330241_720x405.png","type":"image\/png"}],"twitter_card":"summary_large_image","twitter_misc":{"Est. reading time":"2 minutes"},"schema":{"@context":"https:\/\/schema.org","@graph":[{"@type":"WebPage","@id":"https:\/\/fundacion-biodiversidad.es\/en\/actualidad_home\/navantia-joins-the-spanish-business-and-biodiversity-initiative\/","url":"https:\/\/fundacion-biodiversidad.es\/en\/actualidad_home\/navantia-joins-the-spanish-business-and-biodiversity-initiative\/","name":"Navantia joins the Spanish Business and Biodiversity Initiative - Fundaci\u00f3n Biodiversidad","isPartOf":{"@id":"https:\/\/fundacion-biodiversidad.es\/en\/#website"},"primaryImageOfPage":{"@id":"https:\/\/fundacion-biodiversidad.es\/en\/actualidad_home\/navantia-joins-the-spanish-business-and-biodiversity-initiative\/#primaryimage"},"image":{"@id":"https:\/\/fundacion-biodiversidad.es\/en\/actualidad_home\/navantia-joins-the-spanish-business-and-biodiversity-initiative\/#primaryimage"},"thumbnailUrl":"https:\/\/fundacion-biodiversidad.es\/wp-content\/uploads\/2020\/06\/navantia-scaled.jpg","datePublished":"2020-06-05T12:56:22+00:00","breadcrumb":{"@id":"https:\/\/fundacion-biodiversidad.es\/en\/actualidad_home\/navantia-joins-the-spanish-business-and-biodiversity-initiative\/#breadcrumb"},"inLanguage":"en-US","potentialAction":[{"@type":"ReadAction","target":["https:\/\/fundacion-biodiversidad.es\/en\/actualidad_home\/navantia-joins-the-spanish-business-and-biodiversity-initiative\/"]}]},{"@type":"ImageObject","inLanguage":"en-US","@id":"https:\/\/fundacion-biodiversidad.es\/en\/actualidad_home\/navantia-joins-the-spanish-business-and-biodiversity-initiative\/#primaryimage","url":"https:\/\/fundacion-biodiversidad.es\/wp-content\/uploads\/2020\/06\/navantia-scaled.jpg","contentUrl":"https:\/\/fundacion-biodiversidad.es\/wp-content\/uploads\/2020\/06\/navantia-scaled.jpg","width":2560,"height":927},{"@type":"BreadcrumbList","@id":"https:\/\/fundacion-biodiversidad.es\/en\/actualidad_home\/navantia-joins-the-spanish-business-and-biodiversity-initiative\/#breadcrumb","itemListElement":[{"@type":"ListItem","position":1,"name":"Portada","item":"https:\/\/fundacion-biodiversidad.es\/en\/inicio\/"},{"@type":"ListItem","position":2,"name":"Noticias de actualidad","item":"https:\/\/fundacion-biodiversidad.es\/en\/actualidad_home\/"},{"@type":"ListItem","position":3,"name":"Navantia joins the Spanish Business and Biodiversity Initiative"}]},{"@type":"WebSite","@id":"https:\/\/fundacion-biodiversidad.es\/en\/#website","url":"https:\/\/fundacion-biodiversidad.es\/en\/","name":"Fundaci\u00f3n Biodiversidad","description":"Fundaci\u00f3n p\u00fablica adscrita al Ministerio para la Transici\u00f3n Ecol\u00f3gica","potentialAction":[{"@type":"SearchAction","target":{"@type":"EntryPoint","urlTemplate":"https:\/\/fundacion-biodiversidad.es\/en\/?s={search_term_string}"},"query-input":{"@type":"PropertyValueSpecification","valueRequired":true,"valueName":"search_term_string"}}],"inLanguage":"en-US"}]}},"_links":{"self":[{"href":"https:\/\/fundacion-biodiversidad.es\/en\/wp-json\/wp\/v2\/actualidad_home\/97858415","targetHints":{"allow":["GET"]}}],"collection":[{"href":"https:\/\/fundacion-biodiversidad.es\/en\/wp-json\/wp\/v2\/actualidad_home"}],"about":[{"href":"https:\/\/fundacion-biodiversidad.es\/en\/wp-json\/wp\/v2\/types\/actualidad_home"}],"author":[{"embeddable":true,"href":"https:\/\/fundacion-biodiversidad.es\/en\/wp-json\/wp\/v2\/users\/11"}],"wp:featuredmedia":[{"embeddable":true,"href":"https:\/\/fundacion-biodiversidad.es\/en\/wp-json\/wp\/v2\/media\/36076"}],"wp:attachment":[{"href":"https:\/\/fundacion-biodiversidad.es\/en\/wp-json\/wp\/v2\/media?parent=97858415"}],"wp:term":[{"taxonomy":"palabras_clave","embeddable":true,"href":"https:\/\/fundacion-biodiversidad.es\/en\/wp-json\/wp\/v2\/palabras_clave?post=97858415"}],"curies":[{"name":"wp","href":"https:\/\/api.w.org\/{rel}","templated":true}]}}