{"id":97858422,"date":"2020-05-22T15:54:19","date_gmt":"2020-05-22T13:54:19","guid":{"rendered":"https:\/\/fundacion-biodiversidad.es\/actualidad_home\/we-celebrate-the-european-day-of-parks-under-the-motto-nature-good-for-your-health\/"},"modified":"2020-05-22T15:54:19","modified_gmt":"2020-05-22T13:54:19","slug":"we-celebrate-the-european-day-of-parks-under-the-motto-nature-good-for-your-health","status":"publish","type":"actualidad_home","link":"https:\/\/fundacion-biodiversidad.es\/en\/actualidad_home\/we-celebrate-the-european-day-of-parks-under-the-motto-nature-good-for-your-health\/","title":{"rendered":"We celebrate the European Day of Parks under the motto: Nature, good for your health!"},"content":{"rendered":"<p>In this important year for biodiversity, the <a href=\"http:\/\/www.redeuroparc.org\/dia-europeo-parques-2020\"><strong>EUROPARC Federation<\/strong><\/a> is once again promoting the celebration of European Parks Day, an event that has been celebrated every May 24 since 1999. This commemorative event has its origin in the declaration of the first national parks in Europe, specifically in Sweden in 1909. The slogan chosen for this year is &#8220;Nature, good for your health!&#8221;, a message that highlights the link between the health of nature and that of human beings, and the importance of a healthy planet.  <\/p>\n<p>Along these lines, the Biodiversity Foundation supports different projects that are developed in our National Parks, the most prestigious protection figure in our country. Since 2005 <strong>we have supported more than 80 projects<\/strong>, of which 13 are currently underway. <\/p>\n<p>The <a href=\"https:\/\/www.pefc.es\/pefc_espana.html\"><strong>Association for Spanish Forest Certification (PEFC Spain)<\/strong><\/a> is working on the project &#8220;Improvement of biodiversity in the habitat of the imperial eagle in the area <strong>of the Monfrag\u00fce National Park<\/strong>&#8220;. Through various actions in the Dehesa de El Guijo, an estate located in this National Park, the aim is to increase the <strong>replacement rate of the imperial eagle<\/strong>, a situation that would be related to problems such as the deterioration of the mass of holm oaks and cork oaks. The <strong>improvement of the trees<\/strong> could also influence other birds such as black vultures, the eagle owl and the black storks that nest in this space. Within the framework of this project, it is also contemplated to address other issues such as the low density of species such as rabbits. The improvement in this last aspect can be presented as a facilitating action so that the <strong>existing lynx population<\/strong> in Extremadura (present in areas such as Ibores and Valle del Matachel) can colonise new territories and reach the Monfrag\u00fce National Park.    <\/p>\n<p>For its part<strong>, <\/strong><a href=\"https:\/\/www.ecounion.eu\/\"><strong>Eco-union<\/strong><\/a> is developing &#8220;Conserve and avoid overcrowding&#8221;, a project that works on the evaluation, planning, management and governance of tourism in the <a href=\"https:\/\/www.miteco.gob.es\/es\/red-parques-nacionales\/\"><strong>Network of National Parks of Spain<\/strong><\/a>, in order <strong>to generate recommendations to manage the environmental impacts of tourism and mobility<\/strong>, especially caused by tourism overcrowding.<\/p>\n<p>In the <strong>Maritime-Terrestrial National Park of the Cabrera Archipelago,<\/strong> the <strong>University of the Balearic Islands<\/strong> is developing <strong>non-destructive electronic systems for the monitoring of bioindicator insects<\/strong> in areas of natural interest in the Balearic Islands. These actions highlight the importance of insects in ecosystems and the global decline of their populations due to problems such as habitat reduction and climate change. <\/p>\n<p>In the <strong>Maritime-Terrestrial National Park of the Atlantic Islands of Galicia<\/strong> we collaborate with different entities in different projects framed in the Pleamar Programme, co-financed by the European Maritime and Fisheries Fund (EMFF).  One of them is <a href=\"https:\/\/www.programapleamar.es\/proyectos\/remar-custodia-ambiental-para-la-reduccion-de-residuos-en-el-espacio-marino-protegido-de\"><strong>REMAR,<\/strong><\/a> carried out by the <a href=\"https:\/\/amicos.org\/remar\/\">Amicos Association<\/a> that focuses on the reduction of marine litter through the collection, treatment and prevention of its generation. Finally, the <a href=\"http:\/\/www.iim.csic.es\/\"><strong>Marine Research Institute of the CSIC<\/strong><\/a> (IIM-CSIC) studies through the project, &#8220;Evaluation and improvement of the survival of discards in the Galician artisanal fleet by means of Acoustic Telemetry&#8221; (DESTAC) <strong>how to estimate the survival of discards of the artisanal fleet<\/strong> in the surroundings of the C\u00edes Islands belonging to this National Park, as well as identify technical improvements to <strong>minimize the impact of discarding.<\/strong> <\/p>\n<p>&nbsp;<\/p>\n","protected":false},"author":11,"featured_media":36072,"template":"","meta":{"_acf_changed":false},"palabras_clave":[],"class_list":["post-97858422","actualidad_home","type-actualidad_home","status-publish","has-post-thumbnail","hentry"],"acf":[],"yoast_head":"<!-- This site is optimized with the Yoast SEO plugin v26.9 - https:\/\/yoast.com\/product\/yoast-seo-wordpress\/ -->\n<title>We celebrate the European Day of Parks under the motto: Nature, good for your health! - Fundaci\u00f3n Biodiversidad<\/title>\n<meta name=\"robots\" content=\"index, follow, max-snippet:-1, max-image-preview:large, max-video-preview:-1\" \/>\n<link rel=\"canonical\" href=\"https:\/\/fundacion-biodiversidad.es\/en\/actualidad_home\/we-celebrate-the-european-day-of-parks-under-the-motto-nature-good-for-your-health\/\" \/>\n<meta property=\"og:locale\" content=\"en_US\" \/>\n<meta property=\"og:type\" content=\"article\" \/>\n<meta property=\"og:title\" content=\"We celebrate the European Day of Parks under the motto: Nature, good for your health! - Fundaci\u00f3n Biodiversidad\" \/>\n<meta property=\"og:description\" content=\"In this important year for biodiversity, the EUROPARC Federation is once again promoting the celebration of European Parks Day, an event that has been celebrated [&hellip;]\" \/>\n<meta property=\"og:url\" content=\"https:\/\/fundacion-biodiversidad.es\/en\/actualidad_home\/we-celebrate-the-european-day-of-parks-under-the-motto-nature-good-for-your-health\/\" \/>\n<meta property=\"og:site_name\" content=\"Fundaci\u00f3n Biodiversidad\" \/>\n<meta property=\"og:image\" content=\"https:\/\/fundacion-biodiversidad.es\/wp-content\/uploads\/2023\/01\/2487661294_35330241_720x405.png\" \/>\n\t<meta property=\"og:image:width\" content=\"720\" \/>\n\t<meta property=\"og:image:height\" content=\"405\" \/>\n\t<meta property=\"og:image:type\" content=\"image\/png\" \/>\n<meta name=\"twitter:card\" content=\"summary_large_image\" \/>\n<meta name=\"twitter:label1\" content=\"Est. reading time\" \/>\n\t<meta name=\"twitter:data1\" content=\"3 minutes\" \/>\n<script type=\"application\/ld+json\" class=\"yoast-schema-graph\">{\"@context\":\"https:\/\/schema.org\",\"@graph\":[{\"@type\":\"WebPage\",\"@id\":\"https:\/\/fundacion-biodiversidad.es\/en\/actualidad_home\/we-celebrate-the-european-day-of-parks-under-the-motto-nature-good-for-your-health\/\",\"url\":\"https:\/\/fundacion-biodiversidad.es\/en\/actualidad_home\/we-celebrate-the-european-day-of-parks-under-the-motto-nature-good-for-your-health\/\",\"name\":\"We celebrate the European Day of Parks under the motto: Nature, good for your health! - Fundaci\u00f3n Biodiversidad\",\"isPartOf\":{\"@id\":\"https:\/\/fundacion-biodiversidad.es\/en\/#website\"},\"primaryImageOfPage\":{\"@id\":\"https:\/\/fundacion-biodiversidad.es\/en\/actualidad_home\/we-celebrate-the-european-day-of-parks-under-the-motto-nature-good-for-your-health\/#primaryimage\"},\"image\":{\"@id\":\"https:\/\/fundacion-biodiversidad.es\/en\/actualidad_home\/we-celebrate-the-european-day-of-parks-under-the-motto-nature-good-for-your-health\/#primaryimage\"},\"thumbnailUrl\":\"https:\/\/fundacion-biodiversidad.es\/wp-content\/uploads\/2020\/05\/pn_monfrague_0.jpg\",\"datePublished\":\"2020-05-22T13:54:19+00:00\",\"breadcrumb\":{\"@id\":\"https:\/\/fundacion-biodiversidad.es\/en\/actualidad_home\/we-celebrate-the-european-day-of-parks-under-the-motto-nature-good-for-your-health\/#breadcrumb\"},\"inLanguage\":\"en-US\",\"potentialAction\":[{\"@type\":\"ReadAction\",\"target\":[\"https:\/\/fundacion-biodiversidad.es\/en\/actualidad_home\/we-celebrate-the-european-day-of-parks-under-the-motto-nature-good-for-your-health\/\"]}]},{\"@type\":\"ImageObject\",\"inLanguage\":\"en-US\",\"@id\":\"https:\/\/fundacion-biodiversidad.es\/en\/actualidad_home\/we-celebrate-the-european-day-of-parks-under-the-motto-nature-good-for-your-health\/#primaryimage\",\"url\":\"https:\/\/fundacion-biodiversidad.es\/wp-content\/uploads\/2020\/05\/pn_monfrague_0.jpg\",\"contentUrl\":\"https:\/\/fundacion-biodiversidad.es\/wp-content\/uploads\/2020\/05\/pn_monfrague_0.jpg\",\"width\":747,\"height\":340},{\"@type\":\"BreadcrumbList\",\"@id\":\"https:\/\/fundacion-biodiversidad.es\/en\/actualidad_home\/we-celebrate-the-european-day-of-parks-under-the-motto-nature-good-for-your-health\/#breadcrumb\",\"itemListElement\":[{\"@type\":\"ListItem\",\"position\":1,\"name\":\"Portada\",\"item\":\"https:\/\/fundacion-biodiversidad.es\/en\/inicio\/\"},{\"@type\":\"ListItem\",\"position\":2,\"name\":\"Noticias de actualidad\",\"item\":\"https:\/\/fundacion-biodiversidad.es\/en\/actualidad_home\/\"},{\"@type\":\"ListItem\",\"position\":3,\"name\":\"We celebrate the European Day of Parks under the motto: Nature, good for your health!\"}]},{\"@type\":\"WebSite\",\"@id\":\"https:\/\/fundacion-biodiversidad.es\/en\/#website\",\"url\":\"https:\/\/fundacion-biodiversidad.es\/en\/\",\"name\":\"Fundaci\u00f3n Biodiversidad\",\"description\":\"Fundaci\u00f3n p\u00fablica adscrita al Ministerio para la Transici\u00f3n Ecol\u00f3gica\",\"potentialAction\":[{\"@type\":\"SearchAction\",\"target\":{\"@type\":\"EntryPoint\",\"urlTemplate\":\"https:\/\/fundacion-biodiversidad.es\/en\/?s={search_term_string}\"},\"query-input\":{\"@type\":\"PropertyValueSpecification\",\"valueRequired\":true,\"valueName\":\"search_term_string\"}}],\"inLanguage\":\"en-US\"}]}<\/script>\n<!-- \/ Yoast SEO plugin. -->","yoast_head_json":{"title":"We celebrate the European Day of Parks under the motto: Nature, good for your health! - Fundaci\u00f3n Biodiversidad","robots":{"index":"index","follow":"follow","max-snippet":"max-snippet:-1","max-image-preview":"max-image-preview:large","max-video-preview":"max-video-preview:-1"},"canonical":"https:\/\/fundacion-biodiversidad.es\/en\/actualidad_home\/we-celebrate-the-european-day-of-parks-under-the-motto-nature-good-for-your-health\/","og_locale":"en_US","og_type":"article","og_title":"We celebrate the European Day of Parks under the motto: Nature, good for your health! - Fundaci\u00f3n Biodiversidad","og_description":"In this important year for biodiversity, the EUROPARC Federation is once again promoting the celebration of European Parks Day, an event that has been celebrated [&hellip;]","og_url":"https:\/\/fundacion-biodiversidad.es\/en\/actualidad_home\/we-celebrate-the-european-day-of-parks-under-the-motto-nature-good-for-your-health\/","og_site_name":"Fundaci\u00f3n Biodiversidad","og_image":[{"width":720,"height":405,"url":"https:\/\/fundacion-biodiversidad.es\/wp-content\/uploads\/2023\/01\/2487661294_35330241_720x405.png","type":"image\/png"}],"twitter_card":"summary_large_image","twitter_misc":{"Est. reading time":"3 minutes"},"schema":{"@context":"https:\/\/schema.org","@graph":[{"@type":"WebPage","@id":"https:\/\/fundacion-biodiversidad.es\/en\/actualidad_home\/we-celebrate-the-european-day-of-parks-under-the-motto-nature-good-for-your-health\/","url":"https:\/\/fundacion-biodiversidad.es\/en\/actualidad_home\/we-celebrate-the-european-day-of-parks-under-the-motto-nature-good-for-your-health\/","name":"We celebrate the European Day of Parks under the motto: Nature, good for your health! - Fundaci\u00f3n Biodiversidad","isPartOf":{"@id":"https:\/\/fundacion-biodiversidad.es\/en\/#website"},"primaryImageOfPage":{"@id":"https:\/\/fundacion-biodiversidad.es\/en\/actualidad_home\/we-celebrate-the-european-day-of-parks-under-the-motto-nature-good-for-your-health\/#primaryimage"},"image":{"@id":"https:\/\/fundacion-biodiversidad.es\/en\/actualidad_home\/we-celebrate-the-european-day-of-parks-under-the-motto-nature-good-for-your-health\/#primaryimage"},"thumbnailUrl":"https:\/\/fundacion-biodiversidad.es\/wp-content\/uploads\/2020\/05\/pn_monfrague_0.jpg","datePublished":"2020-05-22T13:54:19+00:00","breadcrumb":{"@id":"https:\/\/fundacion-biodiversidad.es\/en\/actualidad_home\/we-celebrate-the-european-day-of-parks-under-the-motto-nature-good-for-your-health\/#breadcrumb"},"inLanguage":"en-US","potentialAction":[{"@type":"ReadAction","target":["https:\/\/fundacion-biodiversidad.es\/en\/actualidad_home\/we-celebrate-the-european-day-of-parks-under-the-motto-nature-good-for-your-health\/"]}]},{"@type":"ImageObject","inLanguage":"en-US","@id":"https:\/\/fundacion-biodiversidad.es\/en\/actualidad_home\/we-celebrate-the-european-day-of-parks-under-the-motto-nature-good-for-your-health\/#primaryimage","url":"https:\/\/fundacion-biodiversidad.es\/wp-content\/uploads\/2020\/05\/pn_monfrague_0.jpg","contentUrl":"https:\/\/fundacion-biodiversidad.es\/wp-content\/uploads\/2020\/05\/pn_monfrague_0.jpg","width":747,"height":340},{"@type":"BreadcrumbList","@id":"https:\/\/fundacion-biodiversidad.es\/en\/actualidad_home\/we-celebrate-the-european-day-of-parks-under-the-motto-nature-good-for-your-health\/#breadcrumb","itemListElement":[{"@type":"ListItem","position":1,"name":"Portada","item":"https:\/\/fundacion-biodiversidad.es\/en\/inicio\/"},{"@type":"ListItem","position":2,"name":"Noticias de actualidad","item":"https:\/\/fundacion-biodiversidad.es\/en\/actualidad_home\/"},{"@type":"ListItem","position":3,"name":"We celebrate the European Day of Parks under the motto: Nature, good for your health!"}]},{"@type":"WebSite","@id":"https:\/\/fundacion-biodiversidad.es\/en\/#website","url":"https:\/\/fundacion-biodiversidad.es\/en\/","name":"Fundaci\u00f3n Biodiversidad","description":"Fundaci\u00f3n p\u00fablica adscrita al Ministerio para la Transici\u00f3n Ecol\u00f3gica","potentialAction":[{"@type":"SearchAction","target":{"@type":"EntryPoint","urlTemplate":"https:\/\/fundacion-biodiversidad.es\/en\/?s={search_term_string}"},"query-input":{"@type":"PropertyValueSpecification","valueRequired":true,"valueName":"search_term_string"}}],"inLanguage":"en-US"}]}},"_links":{"self":[{"href":"https:\/\/fundacion-biodiversidad.es\/en\/wp-json\/wp\/v2\/actualidad_home\/97858422","targetHints":{"allow":["GET"]}}],"collection":[{"href":"https:\/\/fundacion-biodiversidad.es\/en\/wp-json\/wp\/v2\/actualidad_home"}],"about":[{"href":"https:\/\/fundacion-biodiversidad.es\/en\/wp-json\/wp\/v2\/types\/actualidad_home"}],"author":[{"embeddable":true,"href":"https:\/\/fundacion-biodiversidad.es\/en\/wp-json\/wp\/v2\/users\/11"}],"wp:featuredmedia":[{"embeddable":true,"href":"https:\/\/fundacion-biodiversidad.es\/en\/wp-json\/wp\/v2\/media\/36072"}],"wp:attachment":[{"href":"https:\/\/fundacion-biodiversidad.es\/en\/wp-json\/wp\/v2\/media?parent=97858422"}],"wp:term":[{"taxonomy":"palabras_clave","embeddable":true,"href":"https:\/\/fundacion-biodiversidad.es\/en\/wp-json\/wp\/v2\/palabras_clave?post=97858422"}],"curies":[{"name":"wp","href":"https:\/\/api.w.org\/{rel}","templated":true}]}}