{"id":97858423,"date":"2020-06-08T14:16:45","date_gmt":"2020-06-08T12:16:45","guid":{"rendered":"https:\/\/fundacion-biodiversidad.es\/actualidad_home\/we-celebrate-oceans-day-together-with-allied-entities-in-marine-conservation\/"},"modified":"2020-06-08T14:16:45","modified_gmt":"2020-06-08T12:16:45","slug":"we-celebrate-oceans-day-together-with-allied-entities-in-marine-conservation","status":"publish","type":"actualidad_home","link":"https:\/\/fundacion-biodiversidad.es\/en\/actualidad_home\/we-celebrate-oceans-day-together-with-allied-entities-in-marine-conservation\/","title":{"rendered":"We celebrate Oceans Day together with allied entities in marine conservation"},"content":{"rendered":"<p>Spain is one of the countries with the greatest marine biodiversity, with more than 11,000 known species. With our sights set on the sea, we have joined forces with allied entities and projects in marine conservation to <strong>celebrate World Oceans Day together. <\/strong>  <\/p>\n<p>About twenty entities that have the support of the Biodiversity Foundation of the Ministry for the Ecological Transition and the Demographic Challenge, through our <a href=\"https:\/\/www.fundacion-biodiversidad.es\/es\/convocatorias\/convocatorias-de-ayudas\">calls for grants<\/a>,  <strong>have launched various activities to commemorate this day<\/strong>. In addition, these projects contribute to the development of the objectives and actions of <a href=\"https:\/\/intemares.es\/prensa\/actualidad\/dia-oceanos-proteccion-mares-2030#overlay-context=\">LIFE INTEMARES,<\/a> which is laying the foundations for the effective management of marine protected areas. &nbsp;<\/p>\n<p>The <strong>conservation of endangered species<\/strong> is one of the lines in which entities such as the <strong>University of Barcelona<\/strong> are working, which <a href=\"https:\/\/sites.google.com\/view\/seabirdecology\/home?authuser=1\">has disseminated in an article the progress of the projects for the protection of the Audouin&#8217;s gull, as well as other seabirds<\/a>. They have also initiated actions to raise awareness and improve knowledge of the loggerhead turtle within the framework of a <a href=\"https:\/\/mon.uvic.cat\/caretta-a-la-vista\/es\/nidos-caretta\/\">project to evaluate the sporadic nesting of this species as a possible response to climate change<\/a>. <\/p>\n<p>Sea turtles are also the subject of study by the <strong>Chelonia Association<\/strong>. Specifically, he has announced the <a href=\"https:\/\/www.youtube.com\/watch?v=kwiJzmJRTWo&amp;feature=youtu.be\">progress of the project to update the conservation status of the leatherback turtle on the Spanish coast<\/a>, among other initiatives. <\/p>\n<p>Among the most endangered species that inhabit our seas is the <strong>nacre<\/strong>, a unique mollusk in the Mediterranean. <a href=\"https:\/\/www.youtube.com\/watch?v=myPiUHSND_A&amp;feature=youtu.be\">IMEDMAR-UCV has organized a digital meeting<\/a> in which the status of this critically endangered species has been addressed. Another bivalve in serious condition is the <strong>ferruginal limpet<\/strong>. <strong>Ecologists in Action<\/strong> has launched <a href=\"https:\/\/www.youtube.com\/playlist?list=PLaaaeMs1Tuk8X5bVEqMH8tfCelWQumTg8\">an awareness campaign<\/a> to better understand the species and protect it, an initiative that is developed through the <a href=\"https:\/\/www.programapleamar.es\/actualidad\/noticias\/la-lapa-que-da-la-lata-un-proyecto-para-dar-conocer-y-proteger-la-patella\"><strong>Pleamar Program<\/strong><\/a>, co-financed by the EMFF. <\/p>\n<p><strong>Cetacean protection<\/strong><\/p>\n<p>Other organizations dedicate their efforts to the conservation of cetaceans. Thus, the <strong>Tursiops Association <\/strong><a href=\"https:\/\/www.facebook.com\/asociaciontursiops\/\">has broadcast live the start of the campaign<\/a> to evaluate collisions in sperm whales using remote imaging. In the case of the BDRI Association for the study and conservation of marine biodiversity, it has convened a <a href=\"https:\/\/meet.jit.si\/preguntaBDRI\">digital meeting to bring cetacean research closer to the public<\/a>.  <\/p>\n<p>For its part, the <strong>University of Valencia<\/strong> has organised two meetings with researchers, focusing on the <a href=\"https:\/\/www.pcuv.es\/es\/noticias-y-agenda\/eventos\/seminario-web-corredor-migracion-cetaceos\">Mediterranean cetacean migration corridor<\/a>, declared a Marine Protected Area, and <a href=\"https:\/\/www.pcuv.es\/es\/noticias-y-agenda\/eventos\/livepcuv-tiburones-rayas-mediterraneo\">shark sighting during confinement<\/a>.&nbsp;&nbsp;<\/p>\n<p>Other <em>online<\/em> seminars have also been scheduled today that have addressed the challenges and state of the marine environment in Spain. The <a href=\"https:\/\/www.fundacioncajacirculo.es\/ecofrikis\/\">sixth Ecofrikis gala of the oceans<\/a>, promoted by the <strong>Oxygen Foundation<\/strong>, brings together more than a dozen experts in marine conservation. <\/p>\n<p>In the case of <strong>Innoceana <\/strong>, it dedicates a digital meeting to <a href=\"https:\/\/my.demio.com\/ref\/tbBxnVzQlcq06KLF\">how to save the sebadales from awareness and participation<\/a>.  These seagrass meadows characteristic of the Canary Islands play an important role in the ecosystem, capturing carbon and serving as food and shelter for a multitude of species. It also highlights the contribution <strong>of kelp forests <\/strong>in the Atlantic, the theme <a href=\"https:\/\/www.instagram.com\/tv\/CBKcolWFxMW\/?igshid=14panhjwy9gg2\">of the informative video of the <strong>University of A Coru\u00f1a<\/strong><\/a>. <\/p>\n<p>Other activities have focused on the threats to our seas. The <strong>Centre for Scientific Collections of the University of Almer\u00eda<\/strong> has addressed <a href=\"https:\/\/meet.jit.si\/D%C3%ADaDeLosOc%C3%A9anos\">the problem of plastics.<\/a> <\/p>\n<p>Some entities have provided <a href=\"http:\/\/clubanforamelilla.es\/divulgacion-2\/\">informative materials<\/a>, such as the <strong>Amphora Club of Underwater Activities<\/strong>, which offers educational resources such as <a href=\"https:\/\/es.educaplay.com\/recursos-educativos\/5954103-ruleta_del_oceano_inbiomar_ii.html\">ocean roulette<\/a>.<\/p>\n<p>In addition, today we participated in a meeting<a href=\"https:\/\/www.crowdcast.io\/e\/semana-del-medioambiente\/register\"> on the environment and the ocean,<\/a> scheduled by <strong>AFundaci\u00f3n<\/strong>. in which we will talk about the <a href=\"https:\/\/www.programapleamar.es\/\">Pleamar Programme<\/a>, our great commitment to fisheries and aquaculture sustainability and blue growth. <\/p>\n<p><strong>Upcoming Events  <\/strong><\/p>\n<p>The <strong>CSIC&#8217;s Sea Observers<\/strong> platform, in alliance with <a href=\"https:\/\/intemares.es\/ciencia-ciudadana\">LIFE INTEMARES,<\/a> has organized <a href=\"https:\/\/register.gotowebinar.com\/register\/2802085999329026063\">a digital meeting on June 11<\/a>, at 6:00 p.m., where the challenges that citizen science must assume to have an impact on marine conservation will be discussed.<\/p>\n<p>Finally, the week ends with a <a href=\"https:\/\/www.instagram.com\/submon_\/\"><strong>live broadcast by Submon<\/strong><\/a> on the <a href=\"https:\/\/www.submon.org\/es\/iniciamos-el-proyecto-ahab-en-el-corredor-de-migracion-de-cetaceos-del-mediterraneo\/\"><strong>project that studies sperm whales and other species in the northern sector of the Mediterranean cetacean migration corridor<\/strong><\/a>, with the support of the Biodiversity Foundation. It will be on Friday 12 at 6:00 p.m. <\/p>\n","protected":false},"author":11,"featured_media":36077,"template":"","meta":{"_acf_changed":false},"palabras_clave":[],"class_list":["post-97858423","actualidad_home","type-actualidad_home","status-publish","has-post-thumbnail","hentry"],"acf":[],"yoast_head":"<!-- This site is optimized with the Yoast SEO plugin v26.9 - https:\/\/yoast.com\/product\/yoast-seo-wordpress\/ -->\n<title>We celebrate Oceans Day together with allied entities in marine conservation - Fundaci\u00f3n Biodiversidad<\/title>\n<meta name=\"robots\" content=\"index, follow, max-snippet:-1, max-image-preview:large, max-video-preview:-1\" \/>\n<link rel=\"canonical\" href=\"https:\/\/fundacion-biodiversidad.es\/en\/actualidad_home\/we-celebrate-oceans-day-together-with-allied-entities-in-marine-conservation\/\" \/>\n<meta property=\"og:locale\" content=\"en_US\" \/>\n<meta property=\"og:type\" content=\"article\" \/>\n<meta property=\"og:title\" content=\"We celebrate Oceans Day together with allied entities in marine conservation - Fundaci\u00f3n Biodiversidad\" \/>\n<meta property=\"og:description\" content=\"Spain is one of the countries with the greatest marine biodiversity, with more than 11,000 known species. With our sights set on the sea, we [&hellip;]\" \/>\n<meta property=\"og:url\" content=\"https:\/\/fundacion-biodiversidad.es\/en\/actualidad_home\/we-celebrate-oceans-day-together-with-allied-entities-in-marine-conservation\/\" \/>\n<meta property=\"og:site_name\" content=\"Fundaci\u00f3n Biodiversidad\" \/>\n<meta property=\"og:image\" content=\"https:\/\/fundacion-biodiversidad.es\/wp-content\/uploads\/2023\/01\/2487661294_35330241_720x405.png\" \/>\n\t<meta property=\"og:image:width\" content=\"720\" \/>\n\t<meta property=\"og:image:height\" content=\"405\" \/>\n\t<meta property=\"og:image:type\" content=\"image\/png\" \/>\n<meta name=\"twitter:card\" content=\"summary_large_image\" \/>\n<meta name=\"twitter:label1\" content=\"Est. reading time\" \/>\n\t<meta name=\"twitter:data1\" content=\"3 minutes\" \/>\n<script type=\"application\/ld+json\" class=\"yoast-schema-graph\">{\"@context\":\"https:\/\/schema.org\",\"@graph\":[{\"@type\":\"WebPage\",\"@id\":\"https:\/\/fundacion-biodiversidad.es\/en\/actualidad_home\/we-celebrate-oceans-day-together-with-allied-entities-in-marine-conservation\/\",\"url\":\"https:\/\/fundacion-biodiversidad.es\/en\/actualidad_home\/we-celebrate-oceans-day-together-with-allied-entities-in-marine-conservation\/\",\"name\":\"We celebrate Oceans Day together with allied entities in marine conservation - Fundaci\u00f3n Biodiversidad\",\"isPartOf\":{\"@id\":\"https:\/\/fundacion-biodiversidad.es\/en\/#website\"},\"primaryImageOfPage\":{\"@id\":\"https:\/\/fundacion-biodiversidad.es\/en\/actualidad_home\/we-celebrate-oceans-day-together-with-allied-entities-in-marine-conservation\/#primaryimage\"},\"image\":{\"@id\":\"https:\/\/fundacion-biodiversidad.es\/en\/actualidad_home\/we-celebrate-oceans-day-together-with-allied-entities-in-marine-conservation\/#primaryimage\"},\"thumbnailUrl\":\"https:\/\/fundacion-biodiversidad.es\/wp-content\/uploads\/2020\/06\/tortuga-scaled.jpeg\",\"datePublished\":\"2020-06-08T12:16:45+00:00\",\"breadcrumb\":{\"@id\":\"https:\/\/fundacion-biodiversidad.es\/en\/actualidad_home\/we-celebrate-oceans-day-together-with-allied-entities-in-marine-conservation\/#breadcrumb\"},\"inLanguage\":\"en-US\",\"potentialAction\":[{\"@type\":\"ReadAction\",\"target\":[\"https:\/\/fundacion-biodiversidad.es\/en\/actualidad_home\/we-celebrate-oceans-day-together-with-allied-entities-in-marine-conservation\/\"]}]},{\"@type\":\"ImageObject\",\"inLanguage\":\"en-US\",\"@id\":\"https:\/\/fundacion-biodiversidad.es\/en\/actualidad_home\/we-celebrate-oceans-day-together-with-allied-entities-in-marine-conservation\/#primaryimage\",\"url\":\"https:\/\/fundacion-biodiversidad.es\/wp-content\/uploads\/2020\/06\/tortuga-scaled.jpeg\",\"contentUrl\":\"https:\/\/fundacion-biodiversidad.es\/wp-content\/uploads\/2020\/06\/tortuga-scaled.jpeg\",\"width\":2560,\"height\":1708},{\"@type\":\"BreadcrumbList\",\"@id\":\"https:\/\/fundacion-biodiversidad.es\/en\/actualidad_home\/we-celebrate-oceans-day-together-with-allied-entities-in-marine-conservation\/#breadcrumb\",\"itemListElement\":[{\"@type\":\"ListItem\",\"position\":1,\"name\":\"Portada\",\"item\":\"https:\/\/fundacion-biodiversidad.es\/en\/inicio\/\"},{\"@type\":\"ListItem\",\"position\":2,\"name\":\"Noticias de actualidad\",\"item\":\"https:\/\/fundacion-biodiversidad.es\/en\/actualidad_home\/\"},{\"@type\":\"ListItem\",\"position\":3,\"name\":\"We celebrate Oceans Day together with allied entities in marine conservation\"}]},{\"@type\":\"WebSite\",\"@id\":\"https:\/\/fundacion-biodiversidad.es\/en\/#website\",\"url\":\"https:\/\/fundacion-biodiversidad.es\/en\/\",\"name\":\"Fundaci\u00f3n Biodiversidad\",\"description\":\"Fundaci\u00f3n p\u00fablica adscrita al Ministerio para la Transici\u00f3n Ecol\u00f3gica\",\"potentialAction\":[{\"@type\":\"SearchAction\",\"target\":{\"@type\":\"EntryPoint\",\"urlTemplate\":\"https:\/\/fundacion-biodiversidad.es\/en\/?s={search_term_string}\"},\"query-input\":{\"@type\":\"PropertyValueSpecification\",\"valueRequired\":true,\"valueName\":\"search_term_string\"}}],\"inLanguage\":\"en-US\"}]}<\/script>\n<!-- \/ Yoast SEO plugin. -->","yoast_head_json":{"title":"We celebrate Oceans Day together with allied entities in marine conservation - Fundaci\u00f3n Biodiversidad","robots":{"index":"index","follow":"follow","max-snippet":"max-snippet:-1","max-image-preview":"max-image-preview:large","max-video-preview":"max-video-preview:-1"},"canonical":"https:\/\/fundacion-biodiversidad.es\/en\/actualidad_home\/we-celebrate-oceans-day-together-with-allied-entities-in-marine-conservation\/","og_locale":"en_US","og_type":"article","og_title":"We celebrate Oceans Day together with allied entities in marine conservation - Fundaci\u00f3n Biodiversidad","og_description":"Spain is one of the countries with the greatest marine biodiversity, with more than 11,000 known species. With our sights set on the sea, we [&hellip;]","og_url":"https:\/\/fundacion-biodiversidad.es\/en\/actualidad_home\/we-celebrate-oceans-day-together-with-allied-entities-in-marine-conservation\/","og_site_name":"Fundaci\u00f3n Biodiversidad","og_image":[{"width":720,"height":405,"url":"https:\/\/fundacion-biodiversidad.es\/wp-content\/uploads\/2023\/01\/2487661294_35330241_720x405.png","type":"image\/png"}],"twitter_card":"summary_large_image","twitter_misc":{"Est. reading time":"3 minutes"},"schema":{"@context":"https:\/\/schema.org","@graph":[{"@type":"WebPage","@id":"https:\/\/fundacion-biodiversidad.es\/en\/actualidad_home\/we-celebrate-oceans-day-together-with-allied-entities-in-marine-conservation\/","url":"https:\/\/fundacion-biodiversidad.es\/en\/actualidad_home\/we-celebrate-oceans-day-together-with-allied-entities-in-marine-conservation\/","name":"We celebrate Oceans Day together with allied entities in marine conservation - Fundaci\u00f3n Biodiversidad","isPartOf":{"@id":"https:\/\/fundacion-biodiversidad.es\/en\/#website"},"primaryImageOfPage":{"@id":"https:\/\/fundacion-biodiversidad.es\/en\/actualidad_home\/we-celebrate-oceans-day-together-with-allied-entities-in-marine-conservation\/#primaryimage"},"image":{"@id":"https:\/\/fundacion-biodiversidad.es\/en\/actualidad_home\/we-celebrate-oceans-day-together-with-allied-entities-in-marine-conservation\/#primaryimage"},"thumbnailUrl":"https:\/\/fundacion-biodiversidad.es\/wp-content\/uploads\/2020\/06\/tortuga-scaled.jpeg","datePublished":"2020-06-08T12:16:45+00:00","breadcrumb":{"@id":"https:\/\/fundacion-biodiversidad.es\/en\/actualidad_home\/we-celebrate-oceans-day-together-with-allied-entities-in-marine-conservation\/#breadcrumb"},"inLanguage":"en-US","potentialAction":[{"@type":"ReadAction","target":["https:\/\/fundacion-biodiversidad.es\/en\/actualidad_home\/we-celebrate-oceans-day-together-with-allied-entities-in-marine-conservation\/"]}]},{"@type":"ImageObject","inLanguage":"en-US","@id":"https:\/\/fundacion-biodiversidad.es\/en\/actualidad_home\/we-celebrate-oceans-day-together-with-allied-entities-in-marine-conservation\/#primaryimage","url":"https:\/\/fundacion-biodiversidad.es\/wp-content\/uploads\/2020\/06\/tortuga-scaled.jpeg","contentUrl":"https:\/\/fundacion-biodiversidad.es\/wp-content\/uploads\/2020\/06\/tortuga-scaled.jpeg","width":2560,"height":1708},{"@type":"BreadcrumbList","@id":"https:\/\/fundacion-biodiversidad.es\/en\/actualidad_home\/we-celebrate-oceans-day-together-with-allied-entities-in-marine-conservation\/#breadcrumb","itemListElement":[{"@type":"ListItem","position":1,"name":"Portada","item":"https:\/\/fundacion-biodiversidad.es\/en\/inicio\/"},{"@type":"ListItem","position":2,"name":"Noticias de actualidad","item":"https:\/\/fundacion-biodiversidad.es\/en\/actualidad_home\/"},{"@type":"ListItem","position":3,"name":"We celebrate Oceans Day together with allied entities in marine conservation"}]},{"@type":"WebSite","@id":"https:\/\/fundacion-biodiversidad.es\/en\/#website","url":"https:\/\/fundacion-biodiversidad.es\/en\/","name":"Fundaci\u00f3n Biodiversidad","description":"Fundaci\u00f3n p\u00fablica adscrita al Ministerio para la Transici\u00f3n Ecol\u00f3gica","potentialAction":[{"@type":"SearchAction","target":{"@type":"EntryPoint","urlTemplate":"https:\/\/fundacion-biodiversidad.es\/en\/?s={search_term_string}"},"query-input":{"@type":"PropertyValueSpecification","valueRequired":true,"valueName":"search_term_string"}}],"inLanguage":"en-US"}]}},"_links":{"self":[{"href":"https:\/\/fundacion-biodiversidad.es\/en\/wp-json\/wp\/v2\/actualidad_home\/97858423","targetHints":{"allow":["GET"]}}],"collection":[{"href":"https:\/\/fundacion-biodiversidad.es\/en\/wp-json\/wp\/v2\/actualidad_home"}],"about":[{"href":"https:\/\/fundacion-biodiversidad.es\/en\/wp-json\/wp\/v2\/types\/actualidad_home"}],"author":[{"embeddable":true,"href":"https:\/\/fundacion-biodiversidad.es\/en\/wp-json\/wp\/v2\/users\/11"}],"wp:featuredmedia":[{"embeddable":true,"href":"https:\/\/fundacion-biodiversidad.es\/en\/wp-json\/wp\/v2\/media\/36077"}],"wp:attachment":[{"href":"https:\/\/fundacion-biodiversidad.es\/en\/wp-json\/wp\/v2\/media?parent=97858423"}],"wp:term":[{"taxonomy":"palabras_clave","embeddable":true,"href":"https:\/\/fundacion-biodiversidad.es\/en\/wp-json\/wp\/v2\/palabras_clave?post=97858423"}],"curies":[{"name":"wp","href":"https:\/\/api.w.org\/{rel}","templated":true}]}}