{"id":97858577,"date":"2020-12-05T08:00:19","date_gmt":"2020-12-05T07:00:19","guid":{"rendered":"https:\/\/fundacion-biodiversidad.es\/actualidad_home\/we-join-the-celebration-of-international-volunteer-day\/"},"modified":"2020-12-05T08:00:19","modified_gmt":"2020-12-05T07:00:19","slug":"we-join-the-celebration-of-international-volunteer-day","status":"publish","type":"actualidad_home","link":"https:\/\/fundacion-biodiversidad.es\/en\/actualidad_home\/we-join-the-celebration-of-international-volunteer-day\/","title":{"rendered":"We join the celebration of International Volunteer Day"},"content":{"rendered":"<p>With the participation of about 5,000 people a year, we have allocated more than \u20ac600,000 for volunteering actions.<br \/>\n<!--more--><\/p>\n<p>In 1985, the United Nations General Assembly invited governments to celebrate International Volunteer Day every December 5. This year, under the slogan &#8220;With volunteering, together we are stronger&#8221;, the aim is to thank volunteers, as well as to show their impact and relevant role during the COVID-19 crisis. <\/p>\n<p>At the Biodiversity Foundation we have been working for years on volunteer programs that promote the conservation of biodiversity and the fulfillment of the Sustainable Development Goals. To date, more than <strong>30,000<\/strong> <strong>volunteers <\/strong>have already participated in cleaning rivers, beaches and all kinds of ecosystems that may have been damaged by human action. <\/p>\n<p>In 2012, we launched the &#8220;Beaches, rivers, volunteering and land stewardship&#8221; programme to promote the involvement of citizens in the conservation of the coast, inter-community watersheds and other natural spaces. To this end, we created, consolidated and expanded a network that was involved in the maintenance and improvement of these spaces of high natural value. <\/p>\n<p>Since 2018, with the &#8220;Environmental Volunteering Program in Beaches and Rivers&#8221;, <strong>we have involved young people and children to actively participate <\/strong>in the conservation of natural ecosystems, the coastline and watersheds.<\/p>\n<p>With the participation of <strong>about 5,000 people a year, we have allocated more than \u20ac600,000 for volunteering actions<\/strong>. In each edition, activities have been developed for waste collection, reforestation, maintenance, adaptation and improvement of natural spaces, conservation of ecosystems, elimination of invasive species, monitoring of species, training and awareness days and actions in the field of rivers, beaches and river basin districts. <\/p>\n<p>During this year, given the health situation, it has not been possible to develop the volunteer programs normally, but in 2021 we will work, for example, on new volunteer actions framed in the <a href=\"https:\/\/intemares.es\/\">LIFE Intemares<\/a> project.<\/p>\n<p>Thank you volunteers for your work!<\/p>\n","protected":false},"author":11,"featured_media":36120,"template":"","meta":{"_acf_changed":false},"palabras_clave":[],"class_list":["post-97858577","actualidad_home","type-actualidad_home","status-publish","has-post-thumbnail","hentry"],"acf":[],"yoast_head":"<!-- This site is optimized with the Yoast SEO plugin v26.9 - https:\/\/yoast.com\/product\/yoast-seo-wordpress\/ -->\n<title>We join the celebration of International Volunteer Day - Fundaci\u00f3n Biodiversidad<\/title>\n<meta name=\"robots\" content=\"index, follow, max-snippet:-1, max-image-preview:large, max-video-preview:-1\" \/>\n<link rel=\"canonical\" href=\"https:\/\/fundacion-biodiversidad.es\/en\/actualidad_home\/we-join-the-celebration-of-international-volunteer-day\/\" \/>\n<meta property=\"og:locale\" content=\"en_US\" \/>\n<meta property=\"og:type\" content=\"article\" \/>\n<meta property=\"og:title\" content=\"We join the celebration of International Volunteer Day - Fundaci\u00f3n Biodiversidad\" \/>\n<meta property=\"og:description\" content=\"With the participation of about 5,000 people a year, we have allocated more than \u20ac600,000 for volunteering actions.\" \/>\n<meta property=\"og:url\" content=\"https:\/\/fundacion-biodiversidad.es\/en\/actualidad_home\/we-join-the-celebration-of-international-volunteer-day\/\" \/>\n<meta property=\"og:site_name\" content=\"Fundaci\u00f3n Biodiversidad\" \/>\n<meta property=\"og:image\" content=\"https:\/\/fundacion-biodiversidad.es\/wp-content\/uploads\/2023\/01\/2487661294_35330241_720x405.png\" \/>\n\t<meta property=\"og:image:width\" content=\"720\" \/>\n\t<meta property=\"og:image:height\" content=\"405\" \/>\n\t<meta property=\"og:image:type\" content=\"image\/png\" \/>\n<meta name=\"twitter:card\" content=\"summary_large_image\" \/>\n<meta name=\"twitter:label1\" content=\"Est. reading time\" \/>\n\t<meta name=\"twitter:data1\" content=\"1 minute\" \/>\n<script type=\"application\/ld+json\" class=\"yoast-schema-graph\">{\"@context\":\"https:\/\/schema.org\",\"@graph\":[{\"@type\":\"WebPage\",\"@id\":\"https:\/\/fundacion-biodiversidad.es\/en\/actualidad_home\/we-join-the-celebration-of-international-volunteer-day\/\",\"url\":\"https:\/\/fundacion-biodiversidad.es\/en\/actualidad_home\/we-join-the-celebration-of-international-volunteer-day\/\",\"name\":\"We join the celebration of International Volunteer Day - Fundaci\u00f3n Biodiversidad\",\"isPartOf\":{\"@id\":\"https:\/\/fundacion-biodiversidad.es\/en\/#website\"},\"primaryImageOfPage\":{\"@id\":\"https:\/\/fundacion-biodiversidad.es\/en\/actualidad_home\/we-join-the-celebration-of-international-volunteer-day\/#primaryimage\"},\"image\":{\"@id\":\"https:\/\/fundacion-biodiversidad.es\/en\/actualidad_home\/we-join-the-celebration-of-international-volunteer-day\/#primaryimage\"},\"thumbnailUrl\":\"https:\/\/fundacion-biodiversidad.es\/wp-content\/uploads\/2020\/12\/adobestock_307786214-scaled.jpeg\",\"datePublished\":\"2020-12-05T07:00:19+00:00\",\"breadcrumb\":{\"@id\":\"https:\/\/fundacion-biodiversidad.es\/en\/actualidad_home\/we-join-the-celebration-of-international-volunteer-day\/#breadcrumb\"},\"inLanguage\":\"en-US\",\"potentialAction\":[{\"@type\":\"ReadAction\",\"target\":[\"https:\/\/fundacion-biodiversidad.es\/en\/actualidad_home\/we-join-the-celebration-of-international-volunteer-day\/\"]}]},{\"@type\":\"ImageObject\",\"inLanguage\":\"en-US\",\"@id\":\"https:\/\/fundacion-biodiversidad.es\/en\/actualidad_home\/we-join-the-celebration-of-international-volunteer-day\/#primaryimage\",\"url\":\"https:\/\/fundacion-biodiversidad.es\/wp-content\/uploads\/2020\/12\/adobestock_307786214-scaled.jpeg\",\"contentUrl\":\"https:\/\/fundacion-biodiversidad.es\/wp-content\/uploads\/2020\/12\/adobestock_307786214-scaled.jpeg\",\"width\":2560,\"height\":1707},{\"@type\":\"BreadcrumbList\",\"@id\":\"https:\/\/fundacion-biodiversidad.es\/en\/actualidad_home\/we-join-the-celebration-of-international-volunteer-day\/#breadcrumb\",\"itemListElement\":[{\"@type\":\"ListItem\",\"position\":1,\"name\":\"Portada\",\"item\":\"https:\/\/fundacion-biodiversidad.es\/en\/inicio\/\"},{\"@type\":\"ListItem\",\"position\":2,\"name\":\"Noticias de actualidad\",\"item\":\"https:\/\/fundacion-biodiversidad.es\/en\/actualidad_home\/\"},{\"@type\":\"ListItem\",\"position\":3,\"name\":\"We join the celebration of International Volunteer Day\"}]},{\"@type\":\"WebSite\",\"@id\":\"https:\/\/fundacion-biodiversidad.es\/en\/#website\",\"url\":\"https:\/\/fundacion-biodiversidad.es\/en\/\",\"name\":\"Fundaci\u00f3n Biodiversidad\",\"description\":\"Fundaci\u00f3n p\u00fablica adscrita al Ministerio para la Transici\u00f3n Ecol\u00f3gica\",\"potentialAction\":[{\"@type\":\"SearchAction\",\"target\":{\"@type\":\"EntryPoint\",\"urlTemplate\":\"https:\/\/fundacion-biodiversidad.es\/en\/?s={search_term_string}\"},\"query-input\":{\"@type\":\"PropertyValueSpecification\",\"valueRequired\":true,\"valueName\":\"search_term_string\"}}],\"inLanguage\":\"en-US\"}]}<\/script>\n<!-- \/ Yoast SEO plugin. -->","yoast_head_json":{"title":"We join the celebration of International Volunteer Day - Fundaci\u00f3n Biodiversidad","robots":{"index":"index","follow":"follow","max-snippet":"max-snippet:-1","max-image-preview":"max-image-preview:large","max-video-preview":"max-video-preview:-1"},"canonical":"https:\/\/fundacion-biodiversidad.es\/en\/actualidad_home\/we-join-the-celebration-of-international-volunteer-day\/","og_locale":"en_US","og_type":"article","og_title":"We join the celebration of International Volunteer Day - Fundaci\u00f3n Biodiversidad","og_description":"With the participation of about 5,000 people a year, we have allocated more than \u20ac600,000 for volunteering actions.","og_url":"https:\/\/fundacion-biodiversidad.es\/en\/actualidad_home\/we-join-the-celebration-of-international-volunteer-day\/","og_site_name":"Fundaci\u00f3n Biodiversidad","og_image":[{"width":720,"height":405,"url":"https:\/\/fundacion-biodiversidad.es\/wp-content\/uploads\/2023\/01\/2487661294_35330241_720x405.png","type":"image\/png"}],"twitter_card":"summary_large_image","twitter_misc":{"Est. reading time":"1 minute"},"schema":{"@context":"https:\/\/schema.org","@graph":[{"@type":"WebPage","@id":"https:\/\/fundacion-biodiversidad.es\/en\/actualidad_home\/we-join-the-celebration-of-international-volunteer-day\/","url":"https:\/\/fundacion-biodiversidad.es\/en\/actualidad_home\/we-join-the-celebration-of-international-volunteer-day\/","name":"We join the celebration of International Volunteer Day - Fundaci\u00f3n Biodiversidad","isPartOf":{"@id":"https:\/\/fundacion-biodiversidad.es\/en\/#website"},"primaryImageOfPage":{"@id":"https:\/\/fundacion-biodiversidad.es\/en\/actualidad_home\/we-join-the-celebration-of-international-volunteer-day\/#primaryimage"},"image":{"@id":"https:\/\/fundacion-biodiversidad.es\/en\/actualidad_home\/we-join-the-celebration-of-international-volunteer-day\/#primaryimage"},"thumbnailUrl":"https:\/\/fundacion-biodiversidad.es\/wp-content\/uploads\/2020\/12\/adobestock_307786214-scaled.jpeg","datePublished":"2020-12-05T07:00:19+00:00","breadcrumb":{"@id":"https:\/\/fundacion-biodiversidad.es\/en\/actualidad_home\/we-join-the-celebration-of-international-volunteer-day\/#breadcrumb"},"inLanguage":"en-US","potentialAction":[{"@type":"ReadAction","target":["https:\/\/fundacion-biodiversidad.es\/en\/actualidad_home\/we-join-the-celebration-of-international-volunteer-day\/"]}]},{"@type":"ImageObject","inLanguage":"en-US","@id":"https:\/\/fundacion-biodiversidad.es\/en\/actualidad_home\/we-join-the-celebration-of-international-volunteer-day\/#primaryimage","url":"https:\/\/fundacion-biodiversidad.es\/wp-content\/uploads\/2020\/12\/adobestock_307786214-scaled.jpeg","contentUrl":"https:\/\/fundacion-biodiversidad.es\/wp-content\/uploads\/2020\/12\/adobestock_307786214-scaled.jpeg","width":2560,"height":1707},{"@type":"BreadcrumbList","@id":"https:\/\/fundacion-biodiversidad.es\/en\/actualidad_home\/we-join-the-celebration-of-international-volunteer-day\/#breadcrumb","itemListElement":[{"@type":"ListItem","position":1,"name":"Portada","item":"https:\/\/fundacion-biodiversidad.es\/en\/inicio\/"},{"@type":"ListItem","position":2,"name":"Noticias de actualidad","item":"https:\/\/fundacion-biodiversidad.es\/en\/actualidad_home\/"},{"@type":"ListItem","position":3,"name":"We join the celebration of International Volunteer Day"}]},{"@type":"WebSite","@id":"https:\/\/fundacion-biodiversidad.es\/en\/#website","url":"https:\/\/fundacion-biodiversidad.es\/en\/","name":"Fundaci\u00f3n Biodiversidad","description":"Fundaci\u00f3n p\u00fablica adscrita al Ministerio para la Transici\u00f3n Ecol\u00f3gica","potentialAction":[{"@type":"SearchAction","target":{"@type":"EntryPoint","urlTemplate":"https:\/\/fundacion-biodiversidad.es\/en\/?s={search_term_string}"},"query-input":{"@type":"PropertyValueSpecification","valueRequired":true,"valueName":"search_term_string"}}],"inLanguage":"en-US"}]}},"_links":{"self":[{"href":"https:\/\/fundacion-biodiversidad.es\/en\/wp-json\/wp\/v2\/actualidad_home\/97858577","targetHints":{"allow":["GET"]}}],"collection":[{"href":"https:\/\/fundacion-biodiversidad.es\/en\/wp-json\/wp\/v2\/actualidad_home"}],"about":[{"href":"https:\/\/fundacion-biodiversidad.es\/en\/wp-json\/wp\/v2\/types\/actualidad_home"}],"author":[{"embeddable":true,"href":"https:\/\/fundacion-biodiversidad.es\/en\/wp-json\/wp\/v2\/users\/11"}],"wp:featuredmedia":[{"embeddable":true,"href":"https:\/\/fundacion-biodiversidad.es\/en\/wp-json\/wp\/v2\/media\/36120"}],"wp:attachment":[{"href":"https:\/\/fundacion-biodiversidad.es\/en\/wp-json\/wp\/v2\/media?parent=97858577"}],"wp:term":[{"taxonomy":"palabras_clave","embeddable":true,"href":"https:\/\/fundacion-biodiversidad.es\/en\/wp-json\/wp\/v2\/palabras_clave?post=97858577"}],"curies":[{"name":"wp","href":"https:\/\/api.w.org\/{rel}","templated":true}]}}