{"id":97858578,"date":"2020-11-05T15:20:45","date_gmt":"2020-11-05T14:20:45","guid":{"rendered":"https:\/\/fundacion-biodiversidad.es\/actualidad_home\/success-of-spanish-projects-during-the-european-ceremony-of-the-business-environment-awards\/"},"modified":"2020-11-05T15:20:45","modified_gmt":"2020-11-05T14:20:45","slug":"success-of-spanish-projects-during-the-european-ceremony-of-the-business-environment-awards","status":"publish","type":"actualidad_home","link":"https:\/\/fundacion-biodiversidad.es\/en\/actualidad_home\/success-of-spanish-projects-during-the-european-ceremony-of-the-business-environment-awards\/","title":{"rendered":"Success of Spanish projects during the European ceremony of the Business Environment Awards"},"content":{"rendered":"<p>On November 3, during the Circular Economy Stakeholder Conference, the European Commission announced the winners of the European Business Environment Awards (EBAE) 2020-2021, where Spanish initiatives were the clear protagonists, taking 70% of the awards.<br \/>\n<!--more--><\/p>\n<p>On November 3, during the <a href=\"https:\/\/circulareconomy.europa.eu\/platform\/en\/annual-circular-economy-stakeholder-conference-3-4-november-2020\"><em>Circular Economy Stakeholder Conference<\/em><\/a>, the European Commission announced <a href=\"https:\/\/ec.europa.eu\/environment\/awards\/index.html\">the winners of the European Business Environment Awards (EBAE)<\/a> 2020-2021, where Spanish initiatives were the clear protagonists, taking 70% of the awards.<\/p>\n<p>The EBAE Awards are an initiative of the European Commission&#8217;s Directorate-General for the Environment, which recognises leading companies in eco-innovation in Europe. These companies combine innovation, competitiveness and an outstanding environmental commitment, producing economic value while reducing their environmental impact. The Prizes have been awarded every two years since 1987, and are only eligible for the winners and finalists of national competitions. The award ceremony of the national section of these Awards, coordinated by the Biodiversity Foundation of the Ministry for the Ecological Transition and the Demographic Challenge, was presided over by His Majesty the King on 28 October, accompanied by the Vice-President and Minister for the Ecological Transition and the Demographic Challenge, Teresa Ribera.   <\/p>\n<p>For this edition, proposals were received from 16 European countries competing in 6 categories. Spanish projects won the top prize in 4 of them. Thus, Naturgy, TECNORESIDUOS R3, Idai Nature and Tejidos Royo won the top prize in their respective categories. In the other two, the winners were initiatives from Belgium and the Netherlands. The jury of these Awards, made up of 19 environmental experts from industry, academia and non-governmental organizations, also awarded <a href=\"https:\/\/ec.europa.eu\/environment\/awards\/finalists_2020.html\">10 silver medals and 12 <em>Rising Stars<\/em><\/a>, recognizing, with the latter award, particularly innovative initiatives that are in the early stages or pioneering initiatives in national contexts. Heineken Spain won the silver medal in the Business and Biodiversity Category, while Cantueso Natural Seeds won the <em>Rising Star<\/em>. In the Cooperation in Developing Countries Category, the <em>Rising Star<\/em> award went to Basoinsa.      <\/p>\n<p>During the second half of 2021, the Biodiversity Foundation will once again convene the national competition, this time under <strong>the name of National Environmental Awards for Business<\/strong>. The participation of regional sections will also be promoted for this new edition. <\/p>\n","protected":false},"author":11,"featured_media":36114,"template":"","meta":{"_acf_changed":false},"palabras_clave":[],"class_list":["post-97858578","actualidad_home","type-actualidad_home","status-publish","has-post-thumbnail","hentry"],"acf":[],"yoast_head":"<!-- This site is optimized with the Yoast SEO plugin v26.9 - https:\/\/yoast.com\/product\/yoast-seo-wordpress\/ -->\n<title>Success of Spanish projects during the European ceremony of the Business Environment Awards - Fundaci\u00f3n Biodiversidad<\/title>\n<meta name=\"robots\" content=\"index, follow, max-snippet:-1, max-image-preview:large, max-video-preview:-1\" \/>\n<link rel=\"canonical\" href=\"https:\/\/fundacion-biodiversidad.es\/en\/actualidad_home\/success-of-spanish-projects-during-the-european-ceremony-of-the-business-environment-awards\/\" \/>\n<meta property=\"og:locale\" content=\"en_US\" \/>\n<meta property=\"og:type\" content=\"article\" \/>\n<meta property=\"og:title\" content=\"Success of Spanish projects during the European ceremony of the Business Environment Awards - Fundaci\u00f3n Biodiversidad\" \/>\n<meta property=\"og:description\" content=\"On November 3, during the Circular Economy Stakeholder Conference, the European Commission announced the winners of the European Business Environment Awards (EBAE) 2020-2021, where Spanish [&hellip;]\" \/>\n<meta property=\"og:url\" content=\"https:\/\/fundacion-biodiversidad.es\/en\/actualidad_home\/success-of-spanish-projects-during-the-european-ceremony-of-the-business-environment-awards\/\" \/>\n<meta property=\"og:site_name\" content=\"Fundaci\u00f3n Biodiversidad\" \/>\n<meta property=\"og:image\" content=\"https:\/\/fundacion-biodiversidad.es\/wp-content\/uploads\/2023\/01\/2487661294_35330241_720x405.png\" \/>\n\t<meta property=\"og:image:width\" content=\"720\" \/>\n\t<meta property=\"og:image:height\" content=\"405\" \/>\n\t<meta property=\"og:image:type\" content=\"image\/png\" \/>\n<meta name=\"twitter:card\" content=\"summary_large_image\" \/>\n<meta name=\"twitter:label1\" content=\"Est. reading time\" \/>\n\t<meta name=\"twitter:data1\" content=\"2 minutes\" \/>\n<script type=\"application\/ld+json\" class=\"yoast-schema-graph\">{\"@context\":\"https:\/\/schema.org\",\"@graph\":[{\"@type\":\"WebPage\",\"@id\":\"https:\/\/fundacion-biodiversidad.es\/en\/actualidad_home\/success-of-spanish-projects-during-the-european-ceremony-of-the-business-environment-awards\/\",\"url\":\"https:\/\/fundacion-biodiversidad.es\/en\/actualidad_home\/success-of-spanish-projects-during-the-european-ceremony-of-the-business-environment-awards\/\",\"name\":\"Success of Spanish projects during the European ceremony of the Business Environment Awards - Fundaci\u00f3n Biodiversidad\",\"isPartOf\":{\"@id\":\"https:\/\/fundacion-biodiversidad.es\/en\/#website\"},\"primaryImageOfPage\":{\"@id\":\"https:\/\/fundacion-biodiversidad.es\/en\/actualidad_home\/success-of-spanish-projects-during-the-european-ceremony-of-the-business-environment-awards\/#primaryimage\"},\"image\":{\"@id\":\"https:\/\/fundacion-biodiversidad.es\/en\/actualidad_home\/success-of-spanish-projects-during-the-european-ceremony-of-the-business-environment-awards\/#primaryimage\"},\"thumbnailUrl\":\"https:\/\/fundacion-biodiversidad.es\/wp-content\/uploads\/2020\/11\/20201105_ceremonia_ebae-scaled.jpg\",\"datePublished\":\"2020-11-05T14:20:45+00:00\",\"breadcrumb\":{\"@id\":\"https:\/\/fundacion-biodiversidad.es\/en\/actualidad_home\/success-of-spanish-projects-during-the-european-ceremony-of-the-business-environment-awards\/#breadcrumb\"},\"inLanguage\":\"en-US\",\"potentialAction\":[{\"@type\":\"ReadAction\",\"target\":[\"https:\/\/fundacion-biodiversidad.es\/en\/actualidad_home\/success-of-spanish-projects-during-the-european-ceremony-of-the-business-environment-awards\/\"]}]},{\"@type\":\"ImageObject\",\"inLanguage\":\"en-US\",\"@id\":\"https:\/\/fundacion-biodiversidad.es\/en\/actualidad_home\/success-of-spanish-projects-during-the-european-ceremony-of-the-business-environment-awards\/#primaryimage\",\"url\":\"https:\/\/fundacion-biodiversidad.es\/wp-content\/uploads\/2020\/11\/20201105_ceremonia_ebae-scaled.jpg\",\"contentUrl\":\"https:\/\/fundacion-biodiversidad.es\/wp-content\/uploads\/2020\/11\/20201105_ceremonia_ebae-scaled.jpg\",\"width\":2560,\"height\":1250},{\"@type\":\"BreadcrumbList\",\"@id\":\"https:\/\/fundacion-biodiversidad.es\/en\/actualidad_home\/success-of-spanish-projects-during-the-european-ceremony-of-the-business-environment-awards\/#breadcrumb\",\"itemListElement\":[{\"@type\":\"ListItem\",\"position\":1,\"name\":\"Portada\",\"item\":\"https:\/\/fundacion-biodiversidad.es\/en\/inicio\/\"},{\"@type\":\"ListItem\",\"position\":2,\"name\":\"Noticias de actualidad\",\"item\":\"https:\/\/fundacion-biodiversidad.es\/en\/actualidad_home\/\"},{\"@type\":\"ListItem\",\"position\":3,\"name\":\"Success of Spanish projects during the European ceremony of the Business Environment Awards\"}]},{\"@type\":\"WebSite\",\"@id\":\"https:\/\/fundacion-biodiversidad.es\/en\/#website\",\"url\":\"https:\/\/fundacion-biodiversidad.es\/en\/\",\"name\":\"Fundaci\u00f3n Biodiversidad\",\"description\":\"Fundaci\u00f3n p\u00fablica adscrita al Ministerio para la Transici\u00f3n Ecol\u00f3gica\",\"potentialAction\":[{\"@type\":\"SearchAction\",\"target\":{\"@type\":\"EntryPoint\",\"urlTemplate\":\"https:\/\/fundacion-biodiversidad.es\/en\/?s={search_term_string}\"},\"query-input\":{\"@type\":\"PropertyValueSpecification\",\"valueRequired\":true,\"valueName\":\"search_term_string\"}}],\"inLanguage\":\"en-US\"}]}<\/script>\n<!-- \/ Yoast SEO plugin. -->","yoast_head_json":{"title":"Success of Spanish projects during the European ceremony of the Business Environment Awards - Fundaci\u00f3n Biodiversidad","robots":{"index":"index","follow":"follow","max-snippet":"max-snippet:-1","max-image-preview":"max-image-preview:large","max-video-preview":"max-video-preview:-1"},"canonical":"https:\/\/fundacion-biodiversidad.es\/en\/actualidad_home\/success-of-spanish-projects-during-the-european-ceremony-of-the-business-environment-awards\/","og_locale":"en_US","og_type":"article","og_title":"Success of Spanish projects during the European ceremony of the Business Environment Awards - Fundaci\u00f3n Biodiversidad","og_description":"On November 3, during the Circular Economy Stakeholder Conference, the European Commission announced the winners of the European Business Environment Awards (EBAE) 2020-2021, where Spanish [&hellip;]","og_url":"https:\/\/fundacion-biodiversidad.es\/en\/actualidad_home\/success-of-spanish-projects-during-the-european-ceremony-of-the-business-environment-awards\/","og_site_name":"Fundaci\u00f3n Biodiversidad","og_image":[{"width":720,"height":405,"url":"https:\/\/fundacion-biodiversidad.es\/wp-content\/uploads\/2023\/01\/2487661294_35330241_720x405.png","type":"image\/png"}],"twitter_card":"summary_large_image","twitter_misc":{"Est. reading time":"2 minutes"},"schema":{"@context":"https:\/\/schema.org","@graph":[{"@type":"WebPage","@id":"https:\/\/fundacion-biodiversidad.es\/en\/actualidad_home\/success-of-spanish-projects-during-the-european-ceremony-of-the-business-environment-awards\/","url":"https:\/\/fundacion-biodiversidad.es\/en\/actualidad_home\/success-of-spanish-projects-during-the-european-ceremony-of-the-business-environment-awards\/","name":"Success of Spanish projects during the European ceremony of the Business Environment Awards - Fundaci\u00f3n Biodiversidad","isPartOf":{"@id":"https:\/\/fundacion-biodiversidad.es\/en\/#website"},"primaryImageOfPage":{"@id":"https:\/\/fundacion-biodiversidad.es\/en\/actualidad_home\/success-of-spanish-projects-during-the-european-ceremony-of-the-business-environment-awards\/#primaryimage"},"image":{"@id":"https:\/\/fundacion-biodiversidad.es\/en\/actualidad_home\/success-of-spanish-projects-during-the-european-ceremony-of-the-business-environment-awards\/#primaryimage"},"thumbnailUrl":"https:\/\/fundacion-biodiversidad.es\/wp-content\/uploads\/2020\/11\/20201105_ceremonia_ebae-scaled.jpg","datePublished":"2020-11-05T14:20:45+00:00","breadcrumb":{"@id":"https:\/\/fundacion-biodiversidad.es\/en\/actualidad_home\/success-of-spanish-projects-during-the-european-ceremony-of-the-business-environment-awards\/#breadcrumb"},"inLanguage":"en-US","potentialAction":[{"@type":"ReadAction","target":["https:\/\/fundacion-biodiversidad.es\/en\/actualidad_home\/success-of-spanish-projects-during-the-european-ceremony-of-the-business-environment-awards\/"]}]},{"@type":"ImageObject","inLanguage":"en-US","@id":"https:\/\/fundacion-biodiversidad.es\/en\/actualidad_home\/success-of-spanish-projects-during-the-european-ceremony-of-the-business-environment-awards\/#primaryimage","url":"https:\/\/fundacion-biodiversidad.es\/wp-content\/uploads\/2020\/11\/20201105_ceremonia_ebae-scaled.jpg","contentUrl":"https:\/\/fundacion-biodiversidad.es\/wp-content\/uploads\/2020\/11\/20201105_ceremonia_ebae-scaled.jpg","width":2560,"height":1250},{"@type":"BreadcrumbList","@id":"https:\/\/fundacion-biodiversidad.es\/en\/actualidad_home\/success-of-spanish-projects-during-the-european-ceremony-of-the-business-environment-awards\/#breadcrumb","itemListElement":[{"@type":"ListItem","position":1,"name":"Portada","item":"https:\/\/fundacion-biodiversidad.es\/en\/inicio\/"},{"@type":"ListItem","position":2,"name":"Noticias de actualidad","item":"https:\/\/fundacion-biodiversidad.es\/en\/actualidad_home\/"},{"@type":"ListItem","position":3,"name":"Success of Spanish projects during the European ceremony of the Business Environment Awards"}]},{"@type":"WebSite","@id":"https:\/\/fundacion-biodiversidad.es\/en\/#website","url":"https:\/\/fundacion-biodiversidad.es\/en\/","name":"Fundaci\u00f3n Biodiversidad","description":"Fundaci\u00f3n p\u00fablica adscrita al Ministerio para la Transici\u00f3n Ecol\u00f3gica","potentialAction":[{"@type":"SearchAction","target":{"@type":"EntryPoint","urlTemplate":"https:\/\/fundacion-biodiversidad.es\/en\/?s={search_term_string}"},"query-input":{"@type":"PropertyValueSpecification","valueRequired":true,"valueName":"search_term_string"}}],"inLanguage":"en-US"}]}},"_links":{"self":[{"href":"https:\/\/fundacion-biodiversidad.es\/en\/wp-json\/wp\/v2\/actualidad_home\/97858578","targetHints":{"allow":["GET"]}}],"collection":[{"href":"https:\/\/fundacion-biodiversidad.es\/en\/wp-json\/wp\/v2\/actualidad_home"}],"about":[{"href":"https:\/\/fundacion-biodiversidad.es\/en\/wp-json\/wp\/v2\/types\/actualidad_home"}],"author":[{"embeddable":true,"href":"https:\/\/fundacion-biodiversidad.es\/en\/wp-json\/wp\/v2\/users\/11"}],"wp:featuredmedia":[{"embeddable":true,"href":"https:\/\/fundacion-biodiversidad.es\/en\/wp-json\/wp\/v2\/media\/36114"}],"wp:attachment":[{"href":"https:\/\/fundacion-biodiversidad.es\/en\/wp-json\/wp\/v2\/media?parent=97858578"}],"wp:term":[{"taxonomy":"palabras_clave","embeddable":true,"href":"https:\/\/fundacion-biodiversidad.es\/en\/wp-json\/wp\/v2\/palabras_clave?post=97858578"}],"curies":[{"name":"wp","href":"https:\/\/api.w.org\/{rel}","templated":true}]}}