{"id":97858743,"date":"2023-05-09T09:56:37","date_gmt":"2023-05-09T07:56:37","guid":{"rendered":"https:\/\/fundacion-biodiversidad.es\/actualidad_home\/european-funds-a-boost-to-move-towards-the-ecological-transition\/"},"modified":"2023-05-09T09:56:37","modified_gmt":"2023-05-09T07:56:37","slug":"european-funds-a-boost-to-move-towards-the-ecological-transition","status":"publish","type":"actualidad_home","link":"https:\/\/fundacion-biodiversidad.es\/en\/actualidad_home\/european-funds-a-boost-to-move-towards-the-ecological-transition\/","title":{"rendered":"European funds, a boost to move towards the ecological transition"},"content":{"rendered":"<p>Today, May 9, is <a href=\"https:\/\/european-union.europa.eu\/principles-countries-history\/symbols\/europe-day_es\"><strong>Europe Day<\/strong><\/a>, which commemorates the anniversary of the signing of the <a href=\"https:\/\/european-union.europa.eu\/principles-countries-history\/history-eu\/1945-59\/schuman-declaration-may-1950_es\"><strong>Schuman Declaration<\/strong><\/a> (1950), the first major political cooperation agreement between the nations of the continent and which gave rise to the current European Union. The <strong>Biodiversity Foundation<\/strong> of the Ministry for the Ecological Transition and the Demographic Challenge (MITECO), in its work to promote the conservation and restoration of ecosystems, promote the sustainable use of natural resources and fight against the causes of biodiversity loss, promotes several projects supported by EU funds. Thus, through the <a href=\"https:\/\/nexteugeneration.com\/\"><strong>Next Generation EU<\/strong><\/a> funds, up to ten calls for aid have been launched since 2021 within the framework <strong>of the Recovery, Transformation and Resilience Plan (RTRP)<\/strong> to support transformative and innovative projects, based on science and the solutions provided by nature, and which promote the ecological transition and green recovery.<\/p>\n<p> The main objectives of these initiatives are related to the <strong>renaturalization<\/strong> of cities; <strong>research<\/strong> on <strong>biodiversity management<\/strong>; the promotion of <strong>the bioeconomy<\/strong>; the reinforcement <strong>of stranding and rescue networks<\/strong> for marine species; <strong>support to CITES centres<\/strong>; the <strong>restoration of river ecosystems<\/strong> in urban environments and the promotion of the company&#8217;s <strong>circular economy<\/strong> . Likewise, a new <a href=\"https:\/\/fundacion-biodiversidad.es\/en\/convocatorias_del_pr\/call-for-aid-for-the-promotion-of-the-forest-bioeconomy-2023\/\"><strong>call for grants for the promotion of the forest bioeconomy<\/strong><\/a> is currently open, aimed at encouraging the development of transformative projects that contribute to the promotion of the bioeconomy, the ecological transition, the demographic challenge and capacity building. Likewise, the Biodiversity Foundation works on different projects within the framework of the <a href=\"https:\/\/cinea.ec.europa.eu\/programmes\/life_es\"><strong>LIFE Programme<\/strong><\/a>, the only financial instrument of the European Union specifically dedicated to <strong>environmental protection<\/strong> and<strong> climate action<\/strong>.<\/p>\n<p> Among them, it coordinates <a href=\"https:\/\/intemares.es\/\"><strong>LIFE INTEMARES,<\/strong><\/a> which aims to achieve effective management of the <strong>marine areas<\/strong> of the <a href=\"https:\/\/www.miteco.gob.es\/es\/biodiversidad\/temas\/espacios-protegidos\/red-natura-2000\/\"><strong>Natura 2000 Network<\/strong><\/a>. It also coordinates the <a href=\"https:\/\/www.cerceta-pardilla.es\/\"><strong>LIFE Marbled Teal<\/strong><\/a> project, whose main objective is to improve the conservation status of <strong>more than 3,000 hectares of wetlands<\/strong> to reverse the risk of extinction of the marbled teal, achieving a minimum of 125 breeding pairs of this species in our country, where it is in a critical situation. In the same way, the Biodiversity Foundation is also a partner in three other LIFE projects, including <a href=\"https:\/\/www.life-ecorest.es\/\"><strong>LIFE Ecorest<\/strong><\/a>, which aims to restore nearly 30,000 <strong>hectares of deep marine habitats<\/strong> in an area of high ecological value along the coast of Girona and Barcelona. She also participates as a partner in the <a href=\"https:\/\/fundacionosopardo.org\/proyecto-life-osos-con-futuro\/\"><strong>LIFE Bears with a Future<\/strong><\/a> project, which seeks to improve the <strong>adaptation of the Cantabrian brown bear to climate change<\/strong> in the medium and long term. <\/p>\n<p>  It is also working on the <a href=\"https:\/\/webgate.ec.europa.eu\/life\/publicWebsite\/project\/details\/5663\"><strong>LIFE A-MAR NATURA 2000<\/strong><\/a> project, which aims to reduce anthropogenic impacts and pressures on the marine areas of the Natura 2000 Network in the Mediterranean, improving <strong>awareness and knowledge<\/strong> of these areas. In addition, we participate as partners in two other initiatives focused on the conservation and restoration of marine ecosystems such as the <a href=\"https:\/\/www.cetambicion-project.eu\/?lang=es\"><strong>CetAMBICion<\/strong><\/a> project<strong>,<\/strong> which has the main objective of contributing to <strong>reducing cetacean bycatch<\/strong> in the Bay of Biscay and the Iberian coast. On the other hand, the <a href=\"https:\/\/msp-or.eu\/es\/\"><strong>MSP-OR <\/strong><\/a>project is aimed at supporting the implementation of <a href=\"https:\/\/www.boe.es\/doue\/2014\/257\/L00135-00145.pdf\"><strong>the Maritime Spatial Planning Directive<\/strong><\/a> in its overseas territories. The Biodiversity Foundation also manages the European Union&#8217;s <strong>Structural Funds<\/strong> with a clear orientation towards the <strong>ecological transition<\/strong> and <strong>green recovery<\/strong>, which allow the continuity of different programmes and calls, consolidating the current lines of work.<\/p>\n<p> Thus, with the impetus <a href=\"https:\/\/www.mapa.gob.es\/es\/pesca\/temas\/fondos-europeos\/fempa\/\"><strong>of the European Maritime, Fisheries and Aquaculture Fund (FEMPA),<\/strong><\/a> the <a href=\"https:\/\/www.programapleamar.es\/\"><strong>Pleamar Programme<\/strong><\/a> is carried out, whose objective is to support the <strong>fisheries and aquaculture sector<\/strong> in its commitment to sustainability and its commitment to the protection and conservation of biodiversity and natural heritage. Likewise, the <a href=\"https:\/\/www.empleaverde.es\/\"><strong>Empleaverde+ Programme<\/strong><\/a>, co-financed by the <a href=\"https:\/\/ec.europa.eu\/european-social-fund-plus\/es\/que-es-el-fse\"><strong>European Social Fund Plus (ESF+),<\/strong><\/a> focuses its activity on <strong>training for the green transition<\/strong>, directing its actions to unemployed people, workers and entrepreneurs in order to continue promoting the improvement of skills associated with the ecological transition and new sources of green employment, as well as protecting the environment and promoting sustainability. For its part, through the <a href=\"https:\/\/www.europarl.europa.eu\/factsheets\/es\/sheet\/95\/el-fondo-europeo-de-desarrollo-regional-feder-\"><strong>European Regional Development Fund (ERDF),<\/strong><\/a> the aim is to give continuity to the financing of transformative and innovative projects in the lines of <strong>biodiversity and science<\/strong>, <strong>renaturation<\/strong> and resilience of cities and conservation and restoration of <strong>terrestrial and marine biodiversity<\/strong>.  <\/p>\n","protected":false},"author":11,"featured_media":0,"template":"","meta":{"_acf_changed":false},"palabras_clave":[],"class_list":["post-97858743","actualidad_home","type-actualidad_home","status-publish","hentry"],"acf":[],"yoast_head":"<!-- This site is optimized with the Yoast SEO plugin v26.9 - https:\/\/yoast.com\/product\/yoast-seo-wordpress\/ -->\n<title>European funds, a boost to move towards the ecological transition - Fundaci\u00f3n Biodiversidad<\/title>\n<meta name=\"robots\" content=\"index, follow, max-snippet:-1, max-image-preview:large, max-video-preview:-1\" \/>\n<link rel=\"canonical\" href=\"https:\/\/fundacion-biodiversidad.es\/en\/actualidad_home\/european-funds-a-boost-to-move-towards-the-ecological-transition\/\" \/>\n<meta property=\"og:locale\" content=\"en_US\" \/>\n<meta property=\"og:type\" content=\"article\" \/>\n<meta property=\"og:title\" content=\"European funds, a boost to move towards the ecological transition - Fundaci\u00f3n Biodiversidad\" \/>\n<meta property=\"og:description\" content=\"Today, May 9, is Europe Day, which commemorates the anniversary of the signing of the Schuman Declaration (1950), the first major political cooperation agreement between [&hellip;]\" \/>\n<meta property=\"og:url\" content=\"https:\/\/fundacion-biodiversidad.es\/en\/actualidad_home\/european-funds-a-boost-to-move-towards-the-ecological-transition\/\" \/>\n<meta property=\"og:site_name\" content=\"Fundaci\u00f3n Biodiversidad\" \/>\n<meta property=\"og:image\" content=\"https:\/\/fundacion-biodiversidad.es\/wp-content\/uploads\/2023\/01\/2487661294_35330241_720x405.png\" \/>\n\t<meta property=\"og:image:width\" content=\"720\" \/>\n\t<meta property=\"og:image:height\" content=\"405\" \/>\n\t<meta property=\"og:image:type\" content=\"image\/png\" \/>\n<meta name=\"twitter:card\" content=\"summary_large_image\" \/>\n<meta name=\"twitter:label1\" content=\"Est. reading time\" \/>\n\t<meta name=\"twitter:data1\" content=\"4 minutes\" \/>\n<script type=\"application\/ld+json\" class=\"yoast-schema-graph\">{\"@context\":\"https:\/\/schema.org\",\"@graph\":[{\"@type\":\"WebPage\",\"@id\":\"https:\/\/fundacion-biodiversidad.es\/en\/actualidad_home\/european-funds-a-boost-to-move-towards-the-ecological-transition\/\",\"url\":\"https:\/\/fundacion-biodiversidad.es\/en\/actualidad_home\/european-funds-a-boost-to-move-towards-the-ecological-transition\/\",\"name\":\"European funds, a boost to move towards the ecological transition - Fundaci\u00f3n Biodiversidad\",\"isPartOf\":{\"@id\":\"https:\/\/fundacion-biodiversidad.es\/en\/#website\"},\"datePublished\":\"2023-05-09T07:56:37+00:00\",\"breadcrumb\":{\"@id\":\"https:\/\/fundacion-biodiversidad.es\/en\/actualidad_home\/european-funds-a-boost-to-move-towards-the-ecological-transition\/#breadcrumb\"},\"inLanguage\":\"en-US\",\"potentialAction\":[{\"@type\":\"ReadAction\",\"target\":[\"https:\/\/fundacion-biodiversidad.es\/en\/actualidad_home\/european-funds-a-boost-to-move-towards-the-ecological-transition\/\"]}]},{\"@type\":\"BreadcrumbList\",\"@id\":\"https:\/\/fundacion-biodiversidad.es\/en\/actualidad_home\/european-funds-a-boost-to-move-towards-the-ecological-transition\/#breadcrumb\",\"itemListElement\":[{\"@type\":\"ListItem\",\"position\":1,\"name\":\"Portada\",\"item\":\"https:\/\/fundacion-biodiversidad.es\/en\/inicio\/\"},{\"@type\":\"ListItem\",\"position\":2,\"name\":\"Noticias de actualidad\",\"item\":\"https:\/\/fundacion-biodiversidad.es\/en\/actualidad_home\/\"},{\"@type\":\"ListItem\",\"position\":3,\"name\":\"European funds, a boost to move towards the ecological transition\"}]},{\"@type\":\"WebSite\",\"@id\":\"https:\/\/fundacion-biodiversidad.es\/en\/#website\",\"url\":\"https:\/\/fundacion-biodiversidad.es\/en\/\",\"name\":\"Fundaci\u00f3n Biodiversidad\",\"description\":\"Fundaci\u00f3n p\u00fablica adscrita al Ministerio para la Transici\u00f3n Ecol\u00f3gica\",\"potentialAction\":[{\"@type\":\"SearchAction\",\"target\":{\"@type\":\"EntryPoint\",\"urlTemplate\":\"https:\/\/fundacion-biodiversidad.es\/en\/?s={search_term_string}\"},\"query-input\":{\"@type\":\"PropertyValueSpecification\",\"valueRequired\":true,\"valueName\":\"search_term_string\"}}],\"inLanguage\":\"en-US\"}]}<\/script>\n<!-- \/ Yoast SEO plugin. -->","yoast_head_json":{"title":"European funds, a boost to move towards the ecological transition - Fundaci\u00f3n Biodiversidad","robots":{"index":"index","follow":"follow","max-snippet":"max-snippet:-1","max-image-preview":"max-image-preview:large","max-video-preview":"max-video-preview:-1"},"canonical":"https:\/\/fundacion-biodiversidad.es\/en\/actualidad_home\/european-funds-a-boost-to-move-towards-the-ecological-transition\/","og_locale":"en_US","og_type":"article","og_title":"European funds, a boost to move towards the ecological transition - Fundaci\u00f3n Biodiversidad","og_description":"Today, May 9, is Europe Day, which commemorates the anniversary of the signing of the Schuman Declaration (1950), the first major political cooperation agreement between [&hellip;]","og_url":"https:\/\/fundacion-biodiversidad.es\/en\/actualidad_home\/european-funds-a-boost-to-move-towards-the-ecological-transition\/","og_site_name":"Fundaci\u00f3n Biodiversidad","og_image":[{"width":720,"height":405,"url":"https:\/\/fundacion-biodiversidad.es\/wp-content\/uploads\/2023\/01\/2487661294_35330241_720x405.png","type":"image\/png"}],"twitter_card":"summary_large_image","twitter_misc":{"Est. reading time":"4 minutes"},"schema":{"@context":"https:\/\/schema.org","@graph":[{"@type":"WebPage","@id":"https:\/\/fundacion-biodiversidad.es\/en\/actualidad_home\/european-funds-a-boost-to-move-towards-the-ecological-transition\/","url":"https:\/\/fundacion-biodiversidad.es\/en\/actualidad_home\/european-funds-a-boost-to-move-towards-the-ecological-transition\/","name":"European funds, a boost to move towards the ecological transition - Fundaci\u00f3n Biodiversidad","isPartOf":{"@id":"https:\/\/fundacion-biodiversidad.es\/en\/#website"},"datePublished":"2023-05-09T07:56:37+00:00","breadcrumb":{"@id":"https:\/\/fundacion-biodiversidad.es\/en\/actualidad_home\/european-funds-a-boost-to-move-towards-the-ecological-transition\/#breadcrumb"},"inLanguage":"en-US","potentialAction":[{"@type":"ReadAction","target":["https:\/\/fundacion-biodiversidad.es\/en\/actualidad_home\/european-funds-a-boost-to-move-towards-the-ecological-transition\/"]}]},{"@type":"BreadcrumbList","@id":"https:\/\/fundacion-biodiversidad.es\/en\/actualidad_home\/european-funds-a-boost-to-move-towards-the-ecological-transition\/#breadcrumb","itemListElement":[{"@type":"ListItem","position":1,"name":"Portada","item":"https:\/\/fundacion-biodiversidad.es\/en\/inicio\/"},{"@type":"ListItem","position":2,"name":"Noticias de actualidad","item":"https:\/\/fundacion-biodiversidad.es\/en\/actualidad_home\/"},{"@type":"ListItem","position":3,"name":"European funds, a boost to move towards the ecological transition"}]},{"@type":"WebSite","@id":"https:\/\/fundacion-biodiversidad.es\/en\/#website","url":"https:\/\/fundacion-biodiversidad.es\/en\/","name":"Fundaci\u00f3n Biodiversidad","description":"Fundaci\u00f3n p\u00fablica adscrita al Ministerio para la Transici\u00f3n Ecol\u00f3gica","potentialAction":[{"@type":"SearchAction","target":{"@type":"EntryPoint","urlTemplate":"https:\/\/fundacion-biodiversidad.es\/en\/?s={search_term_string}"},"query-input":{"@type":"PropertyValueSpecification","valueRequired":true,"valueName":"search_term_string"}}],"inLanguage":"en-US"}]}},"_links":{"self":[{"href":"https:\/\/fundacion-biodiversidad.es\/en\/wp-json\/wp\/v2\/actualidad_home\/97858743","targetHints":{"allow":["GET"]}}],"collection":[{"href":"https:\/\/fundacion-biodiversidad.es\/en\/wp-json\/wp\/v2\/actualidad_home"}],"about":[{"href":"https:\/\/fundacion-biodiversidad.es\/en\/wp-json\/wp\/v2\/types\/actualidad_home"}],"author":[{"embeddable":true,"href":"https:\/\/fundacion-biodiversidad.es\/en\/wp-json\/wp\/v2\/users\/11"}],"wp:attachment":[{"href":"https:\/\/fundacion-biodiversidad.es\/en\/wp-json\/wp\/v2\/media?parent=97858743"}],"wp:term":[{"taxonomy":"palabras_clave","embeddable":true,"href":"https:\/\/fundacion-biodiversidad.es\/en\/wp-json\/wp\/v2\/palabras_clave?post=97858743"}],"curies":[{"name":"wp","href":"https:\/\/api.w.org\/{rel}","templated":true}]}}