{"id":97858748,"date":"2023-04-20T11:02:32","date_gmt":"2023-04-20T09:02:32","guid":{"rendered":"https:\/\/fundacion-biodiversidad.es\/actualidad_home\/the-biodiversity-foundation-promotes-green-entrepreneurship-opportunities-in-biosphere-reserves\/"},"modified":"2023-04-20T11:02:32","modified_gmt":"2023-04-20T09:02:32","slug":"the-biodiversity-foundation-promotes-green-entrepreneurship-opportunities-in-biosphere-reserves","status":"publish","type":"actualidad_home","link":"https:\/\/fundacion-biodiversidad.es\/en\/actualidad_home\/the-biodiversity-foundation-promotes-green-entrepreneurship-opportunities-in-biosphere-reserves\/","title":{"rendered":"The Biodiversity Foundation promotes green entrepreneurship opportunities in Biosphere Reserves"},"content":{"rendered":"<p>The Biodiversity Foundation of the Ministry for Ecological Transition and the Demographic Challenge (MITECO) has held a meeting of the Emprendeverde Network to make visible the opportunities offered by Biosphere Reserves to promote green entrepreneurship. This event has focused on the importance of green entrepreneurship for the ecological transition and how Biosphere Reserves promote the conservation of biodiversity and the economic and social development of territories. The conference was inaugurated by the director of the Biodiversity Foundation, Elena Pita, who stressed that &#8220;the promotion of SMEs and entrepreneurs who are committed to sustainable businesses play a fundamental role in the ecological transition, so support actions and policies are essential to help face the challenges they face. The success of his ideas will be a definitive step for economic and social transformation&#8221;. The meeting was held within the framework of the <a href=\"https:\/\/itinerarios.emprendeverde.es\/\" target=\"_blank\" rel=\"noopener\">#ItinerariosEmprendeverde<\/a>, the free training service of the Emprendeverde Network (REV), co-financed by the European Social Fund, thanks to which some 500 people have been trained (between April 2021 and April 2023) interested in starting a green enterprise. In addition, this conference is part <a href=\"https:\/\/www.redemprendeverde.es\/pg\/news\/admin\/read\/72473\/la-red-emprendeverde-pone-en-marcha-un-ciclo-de-actuaciones-para-impulsar-el-emprendimiento-verde-en-zonas-reservas-de-la-biosfera?utm_campaign=invitacion-encuentro-abierto-rev-itinerarios&amp;utm_medium=email&amp;utm_source=acumbamail\" target=\"_blank\" rel=\"noopener\">of the cycle Emprendeverde in Biosphere Reserves<\/a>, which the Biodiversity Foundation has carried out together with the Autonomous Agency of National Parks (OAPN) and the Spanish Network of Biosphere Reserves. In this sense, Nacho Ach\u00facarro, head of service of the OAPN, who participated in the round table, stressed that, &#8220;in a current global context in which a transition towards other development models more respectful of our environment is advocated, it is an opportunity to mobilise society in the recognition of these territories as spaces that respond to this need and in which it is evident that it is possible to live from in a sustainable way and in harmony with ecosystems&#8221;. There was also the participation of three entrepreneurs who have launched entrepreneurial projects in these territories and have served as inspiration to the participants. <strong>Bel\u00e9n<\/strong> <strong>Matilla,<\/strong> co-founder of L\u00fapulo Tecnolog\u00eda de Galicia, ( <a href=\"https:\/\/lutega.com\/\" target=\"_blank\" rel=\"noopener\">LUTEGA)<\/a> and <a href=\"https:\/\/orballo.eu\/\" target=\"_blank\" rel=\"noopener\">Orballo<\/a>, in the Mari\u00f1as Coru\u00f1esas e Terras do Mandeo Biosphere Reserve (Galicia); <strong>V\u00edctor Garc\u00eda,<\/strong> co-founder of <a href=\"http:\/\/trabauecoturismo.com\/\" target=\"_blank\" rel=\"noopener\">Trabau Ecoturismo<\/a> and <a href=\"http:\/\/laguaridadelcunqueiru.com\/\">La Guarida del Cunqueiru<\/a>, in the Muniellos Biosphere Reserve (Asturias); and <strong>Marleen Schafer, <\/strong>founder <a href=\"https:\/\/www.ladrondemiel.com\/apicultoras\/\" target=\"_blank\" rel=\"noopener\">of Ladr\u00f3n de Miel<\/a>, in the Sierra de Grazalema Biosphere Reserve (Andalusia), have described what their experience has been like in the start-up and continuity of their businesses. The conference has served to expand the network of contacts of more than 60 participants who have been able to share ideas and experiences to promote their green enterprises, carrying out participatory dynamics as tools for training skills to promote their green entrepreneurship projects. The meeting ended with a field visit to the <a href=\"https:\/\/cervezasgabarrera.com\/\" target=\"_blank\" rel=\"noopener\">La Gabarrera<\/a> organic brewery. <\/p>\n<p> There, its co-founder, M\u00f3nica Somacarrera, explained the origins and progress of this cooperative project, and another entrepreneur from the REV, Hernar Rold\u00e1n, founder of <a href=\"https:\/\/d2naturaleza.com\/\" target=\"_blank\" rel=\"noopener\">D2Naturaleza<\/a> , presented her entrepreneurial experience.<\/p>\n","protected":false},"author":11,"featured_media":45638,"template":"","meta":{"_acf_changed":false},"palabras_clave":[],"class_list":["post-97858748","actualidad_home","type-actualidad_home","status-publish","has-post-thumbnail","hentry"],"acf":[],"yoast_head":"<!-- This site is optimized with the Yoast SEO plugin v26.9 - https:\/\/yoast.com\/product\/yoast-seo-wordpress\/ -->\n<title>The Biodiversity Foundation promotes green entrepreneurship opportunities in Biosphere Reserves - Fundaci\u00f3n Biodiversidad<\/title>\n<meta name=\"robots\" content=\"index, follow, max-snippet:-1, max-image-preview:large, max-video-preview:-1\" \/>\n<link rel=\"canonical\" href=\"https:\/\/fundacion-biodiversidad.es\/en\/actualidad_home\/the-biodiversity-foundation-promotes-green-entrepreneurship-opportunities-in-biosphere-reserves\/\" \/>\n<meta property=\"og:locale\" content=\"en_US\" \/>\n<meta property=\"og:type\" content=\"article\" \/>\n<meta property=\"og:title\" content=\"The Biodiversity Foundation promotes green entrepreneurship opportunities in Biosphere Reserves - Fundaci\u00f3n Biodiversidad\" \/>\n<meta property=\"og:description\" content=\"The Biodiversity Foundation of the Ministry for Ecological Transition and the Demographic Challenge (MITECO) has held a meeting of the Emprendeverde Network to make visible [&hellip;]\" \/>\n<meta property=\"og:url\" content=\"https:\/\/fundacion-biodiversidad.es\/en\/actualidad_home\/the-biodiversity-foundation-promotes-green-entrepreneurship-opportunities-in-biosphere-reserves\/\" \/>\n<meta property=\"og:site_name\" content=\"Fundaci\u00f3n Biodiversidad\" \/>\n<meta property=\"og:image\" content=\"https:\/\/fundacion-biodiversidad.es\/wp-content\/uploads\/2023\/01\/2487661294_35330241_720x405.png\" \/>\n\t<meta property=\"og:image:width\" content=\"720\" \/>\n\t<meta property=\"og:image:height\" content=\"405\" \/>\n\t<meta property=\"og:image:type\" content=\"image\/png\" \/>\n<meta name=\"twitter:card\" content=\"summary_large_image\" \/>\n<meta name=\"twitter:label1\" content=\"Est. reading time\" \/>\n\t<meta name=\"twitter:data1\" content=\"2 minutes\" \/>\n<script type=\"application\/ld+json\" class=\"yoast-schema-graph\">{\"@context\":\"https:\/\/schema.org\",\"@graph\":[{\"@type\":\"WebPage\",\"@id\":\"https:\/\/fundacion-biodiversidad.es\/en\/actualidad_home\/the-biodiversity-foundation-promotes-green-entrepreneurship-opportunities-in-biosphere-reserves\/\",\"url\":\"https:\/\/fundacion-biodiversidad.es\/en\/actualidad_home\/the-biodiversity-foundation-promotes-green-entrepreneurship-opportunities-in-biosphere-reserves\/\",\"name\":\"The Biodiversity Foundation promotes green entrepreneurship opportunities in Biosphere Reserves - Fundaci\u00f3n Biodiversidad\",\"isPartOf\":{\"@id\":\"https:\/\/fundacion-biodiversidad.es\/en\/#website\"},\"primaryImageOfPage\":{\"@id\":\"https:\/\/fundacion-biodiversidad.es\/en\/actualidad_home\/the-biodiversity-foundation-promotes-green-entrepreneurship-opportunities-in-biosphere-reserves\/#primaryimage\"},\"image\":{\"@id\":\"https:\/\/fundacion-biodiversidad.es\/en\/actualidad_home\/the-biodiversity-foundation-promotes-green-entrepreneurship-opportunities-in-biosphere-reserves\/#primaryimage\"},\"thumbnailUrl\":\"https:\/\/fundacion-biodiversidad.es\/wp-content\/uploads\/2023\/04\/20230420_emprendimientojornada.png\",\"datePublished\":\"2023-04-20T09:02:32+00:00\",\"breadcrumb\":{\"@id\":\"https:\/\/fundacion-biodiversidad.es\/en\/actualidad_home\/the-biodiversity-foundation-promotes-green-entrepreneurship-opportunities-in-biosphere-reserves\/#breadcrumb\"},\"inLanguage\":\"en-US\",\"potentialAction\":[{\"@type\":\"ReadAction\",\"target\":[\"https:\/\/fundacion-biodiversidad.es\/en\/actualidad_home\/the-biodiversity-foundation-promotes-green-entrepreneurship-opportunities-in-biosphere-reserves\/\"]}]},{\"@type\":\"ImageObject\",\"inLanguage\":\"en-US\",\"@id\":\"https:\/\/fundacion-biodiversidad.es\/en\/actualidad_home\/the-biodiversity-foundation-promotes-green-entrepreneurship-opportunities-in-biosphere-reserves\/#primaryimage\",\"url\":\"https:\/\/fundacion-biodiversidad.es\/wp-content\/uploads\/2023\/04\/20230420_emprendimientojornada.png\",\"contentUrl\":\"https:\/\/fundacion-biodiversidad.es\/wp-content\/uploads\/2023\/04\/20230420_emprendimientojornada.png\",\"width\":1200,\"height\":628},{\"@type\":\"BreadcrumbList\",\"@id\":\"https:\/\/fundacion-biodiversidad.es\/en\/actualidad_home\/the-biodiversity-foundation-promotes-green-entrepreneurship-opportunities-in-biosphere-reserves\/#breadcrumb\",\"itemListElement\":[{\"@type\":\"ListItem\",\"position\":1,\"name\":\"Portada\",\"item\":\"https:\/\/fundacion-biodiversidad.es\/en\/inicio\/\"},{\"@type\":\"ListItem\",\"position\":2,\"name\":\"Noticias de actualidad\",\"item\":\"https:\/\/fundacion-biodiversidad.es\/en\/actualidad_home\/\"},{\"@type\":\"ListItem\",\"position\":3,\"name\":\"The Biodiversity Foundation promotes green entrepreneurship opportunities in Biosphere Reserves\"}]},{\"@type\":\"WebSite\",\"@id\":\"https:\/\/fundacion-biodiversidad.es\/en\/#website\",\"url\":\"https:\/\/fundacion-biodiversidad.es\/en\/\",\"name\":\"Fundaci\u00f3n Biodiversidad\",\"description\":\"Fundaci\u00f3n p\u00fablica adscrita al Ministerio para la Transici\u00f3n Ecol\u00f3gica\",\"potentialAction\":[{\"@type\":\"SearchAction\",\"target\":{\"@type\":\"EntryPoint\",\"urlTemplate\":\"https:\/\/fundacion-biodiversidad.es\/en\/?s={search_term_string}\"},\"query-input\":{\"@type\":\"PropertyValueSpecification\",\"valueRequired\":true,\"valueName\":\"search_term_string\"}}],\"inLanguage\":\"en-US\"}]}<\/script>\n<!-- \/ Yoast SEO plugin. -->","yoast_head_json":{"title":"The Biodiversity Foundation promotes green entrepreneurship opportunities in Biosphere Reserves - Fundaci\u00f3n Biodiversidad","robots":{"index":"index","follow":"follow","max-snippet":"max-snippet:-1","max-image-preview":"max-image-preview:large","max-video-preview":"max-video-preview:-1"},"canonical":"https:\/\/fundacion-biodiversidad.es\/en\/actualidad_home\/the-biodiversity-foundation-promotes-green-entrepreneurship-opportunities-in-biosphere-reserves\/","og_locale":"en_US","og_type":"article","og_title":"The Biodiversity Foundation promotes green entrepreneurship opportunities in Biosphere Reserves - Fundaci\u00f3n Biodiversidad","og_description":"The Biodiversity Foundation of the Ministry for Ecological Transition and the Demographic Challenge (MITECO) has held a meeting of the Emprendeverde Network to make visible [&hellip;]","og_url":"https:\/\/fundacion-biodiversidad.es\/en\/actualidad_home\/the-biodiversity-foundation-promotes-green-entrepreneurship-opportunities-in-biosphere-reserves\/","og_site_name":"Fundaci\u00f3n Biodiversidad","og_image":[{"width":720,"height":405,"url":"https:\/\/fundacion-biodiversidad.es\/wp-content\/uploads\/2023\/01\/2487661294_35330241_720x405.png","type":"image\/png"}],"twitter_card":"summary_large_image","twitter_misc":{"Est. reading time":"2 minutes"},"schema":{"@context":"https:\/\/schema.org","@graph":[{"@type":"WebPage","@id":"https:\/\/fundacion-biodiversidad.es\/en\/actualidad_home\/the-biodiversity-foundation-promotes-green-entrepreneurship-opportunities-in-biosphere-reserves\/","url":"https:\/\/fundacion-biodiversidad.es\/en\/actualidad_home\/the-biodiversity-foundation-promotes-green-entrepreneurship-opportunities-in-biosphere-reserves\/","name":"The Biodiversity Foundation promotes green entrepreneurship opportunities in Biosphere Reserves - Fundaci\u00f3n Biodiversidad","isPartOf":{"@id":"https:\/\/fundacion-biodiversidad.es\/en\/#website"},"primaryImageOfPage":{"@id":"https:\/\/fundacion-biodiversidad.es\/en\/actualidad_home\/the-biodiversity-foundation-promotes-green-entrepreneurship-opportunities-in-biosphere-reserves\/#primaryimage"},"image":{"@id":"https:\/\/fundacion-biodiversidad.es\/en\/actualidad_home\/the-biodiversity-foundation-promotes-green-entrepreneurship-opportunities-in-biosphere-reserves\/#primaryimage"},"thumbnailUrl":"https:\/\/fundacion-biodiversidad.es\/wp-content\/uploads\/2023\/04\/20230420_emprendimientojornada.png","datePublished":"2023-04-20T09:02:32+00:00","breadcrumb":{"@id":"https:\/\/fundacion-biodiversidad.es\/en\/actualidad_home\/the-biodiversity-foundation-promotes-green-entrepreneurship-opportunities-in-biosphere-reserves\/#breadcrumb"},"inLanguage":"en-US","potentialAction":[{"@type":"ReadAction","target":["https:\/\/fundacion-biodiversidad.es\/en\/actualidad_home\/the-biodiversity-foundation-promotes-green-entrepreneurship-opportunities-in-biosphere-reserves\/"]}]},{"@type":"ImageObject","inLanguage":"en-US","@id":"https:\/\/fundacion-biodiversidad.es\/en\/actualidad_home\/the-biodiversity-foundation-promotes-green-entrepreneurship-opportunities-in-biosphere-reserves\/#primaryimage","url":"https:\/\/fundacion-biodiversidad.es\/wp-content\/uploads\/2023\/04\/20230420_emprendimientojornada.png","contentUrl":"https:\/\/fundacion-biodiversidad.es\/wp-content\/uploads\/2023\/04\/20230420_emprendimientojornada.png","width":1200,"height":628},{"@type":"BreadcrumbList","@id":"https:\/\/fundacion-biodiversidad.es\/en\/actualidad_home\/the-biodiversity-foundation-promotes-green-entrepreneurship-opportunities-in-biosphere-reserves\/#breadcrumb","itemListElement":[{"@type":"ListItem","position":1,"name":"Portada","item":"https:\/\/fundacion-biodiversidad.es\/en\/inicio\/"},{"@type":"ListItem","position":2,"name":"Noticias de actualidad","item":"https:\/\/fundacion-biodiversidad.es\/en\/actualidad_home\/"},{"@type":"ListItem","position":3,"name":"The Biodiversity Foundation promotes green entrepreneurship opportunities in Biosphere Reserves"}]},{"@type":"WebSite","@id":"https:\/\/fundacion-biodiversidad.es\/en\/#website","url":"https:\/\/fundacion-biodiversidad.es\/en\/","name":"Fundaci\u00f3n Biodiversidad","description":"Fundaci\u00f3n p\u00fablica adscrita al Ministerio para la Transici\u00f3n Ecol\u00f3gica","potentialAction":[{"@type":"SearchAction","target":{"@type":"EntryPoint","urlTemplate":"https:\/\/fundacion-biodiversidad.es\/en\/?s={search_term_string}"},"query-input":{"@type":"PropertyValueSpecification","valueRequired":true,"valueName":"search_term_string"}}],"inLanguage":"en-US"}]}},"_links":{"self":[{"href":"https:\/\/fundacion-biodiversidad.es\/en\/wp-json\/wp\/v2\/actualidad_home\/97858748","targetHints":{"allow":["GET"]}}],"collection":[{"href":"https:\/\/fundacion-biodiversidad.es\/en\/wp-json\/wp\/v2\/actualidad_home"}],"about":[{"href":"https:\/\/fundacion-biodiversidad.es\/en\/wp-json\/wp\/v2\/types\/actualidad_home"}],"author":[{"embeddable":true,"href":"https:\/\/fundacion-biodiversidad.es\/en\/wp-json\/wp\/v2\/users\/11"}],"wp:featuredmedia":[{"embeddable":true,"href":"https:\/\/fundacion-biodiversidad.es\/en\/wp-json\/wp\/v2\/media\/45638"}],"wp:attachment":[{"href":"https:\/\/fundacion-biodiversidad.es\/en\/wp-json\/wp\/v2\/media?parent=97858748"}],"wp:term":[{"taxonomy":"palabras_clave","embeddable":true,"href":"https:\/\/fundacion-biodiversidad.es\/en\/wp-json\/wp\/v2\/palabras_clave?post=97858748"}],"curies":[{"name":"wp","href":"https:\/\/api.w.org\/{rel}","templated":true}]}}