{"id":97858749,"date":"2023-03-30T17:12:46","date_gmt":"2023-03-30T15:12:46","guid":{"rendered":"https:\/\/fundacion-biodiversidad.es\/actualidad_home\/the-empleverde-programme-will-focus-on-training-to-promote-the-ecological-transition-of-the-economy\/"},"modified":"2023-03-30T17:12:46","modified_gmt":"2023-03-30T15:12:46","slug":"the-empleverde-programme-will-focus-on-training-to-promote-the-ecological-transition-of-the-economy","status":"publish","type":"actualidad_home","link":"https:\/\/fundacion-biodiversidad.es\/en\/actualidad_home\/the-empleverde-programme-will-focus-on-training-to-promote-the-ecological-transition-of-the-economy\/","title":{"rendered":"The Empleverde+ Programme will focus on training to promote the ecological transition of the economy"},"content":{"rendered":"<p>Within the framework of the <a href=\"https:\/\/commission.europa.eu\/strategy-and-policy\/priorities-2019-2024\/europe-fit-digital-age\/european-year-skills-2023_es\" target=\"_blank\" rel=\"noopener\">European Year of Skills 2023<\/a>, the Biodiversity Foundation of the Ministry for the Ecological Transition and the Demographic Challenge (MITECO) has held the conference &#8220;Learning methodologies working for an ecological transition&#8221; to present the latest Empleaverde+ Programme, co-financed by the European Social Fund + (ESF+). Elena Pita, director of the Biodiversity Foundation, who inaugurated the event, highlighted how green employment and training are part of the foundational mission of the institution to work for the conservation and restoration of ecosystems. Taking into account that the National Integrated Energy and Climate Plan estimates the creation of between 253,000 and 348,000 jobs per year until 2030 in the energy transition alone, Elena Pita stressed that the ecological transition will present opportunities that must be passed on to all citizens. Data at the European level show that more than three-quarters of companies in the European Union highlight that they have difficulty finding workers with the necessary skills, and that only 37% of adults receive training on a regular basis. For this reason, Pita pointed out how lifelong learning is also part of the novelties to adapt to in this context of transformation. This was followed by a round table on success stories in entities that carry out workshop schools and learning by working methodologies, which combine theory with practice in the same work environment, with the consequent improvement of employability. \u00c1lvaro Retortillo, general director of the Santa Mar\u00eda la Real Foundation for Historical Heritage; Raquel P\u00e9rez, State Employment Coordinator of the Fundaci\u00f3n Secretariado Gitano; and Pedro Barahona, general director of EFA Castilla-La Mancha and Madrid Vocational Training Centres. \u00c1lvaro Retortillo shared the history of workshop schools and their capacity for impact. During his speech, the general director of the Santa Mar\u00eda la Real Foundation for Historical Heritage stressed that &#8220;people are tired of training without purpose&#8221;. So it is important, on the one hand, that people have a purpose while training and, on the other, that technical training is hybridized with human training. That is, &#8220;doing by learning and learning by doing and enjoying&#8221;. Next, Raquel P\u00e9rez shared the experience of the Fundaci\u00f3n Secretariado Gitano for the promotion of equal opportunities through training to learn by working. A model that is adapted to the most vulnerable groups, but which must be linked to previous work of accompaniment and involvement of companies, either because they need personnel, or because of a recent commitment to social responsibility. To conclude the dialogue, Pedro Barahona explained how the EFA Castilla-La Mancha and Madrid Training Centre provides professional guidance &#8220;so that people in rural areas are aware that they have opportunities in their region without having to go abroad&#8221; and highlighted the importance of collaboration with companies to promote employability.<\/p>\n<p>To conclude the seminar, Sonia Casta\u00f1eda, deputy director for the Green Transition of the Biodiversity Foundation, gave some progress to the new Empleaverde+ Programme, which seeks to promote the ecological transition of the economy, improving skills for employment and entrepreneurship, as well as responding to the training needs identified in sectors such as renewable energies,  the bioeconomy, green infrastructure, or connectivity and ecological restoration. This programme has an endowment of 44 million euros and <strong>it is planned to publish the first call, endowed with 22 million euros<\/strong>, in the coming months. <\/p>\n","protected":false},"author":11,"featured_media":45607,"template":"","meta":{"_acf_changed":false},"palabras_clave":[],"class_list":["post-97858749","actualidad_home","type-actualidad_home","status-publish","has-post-thumbnail","hentry"],"acf":[],"yoast_head":"<!-- This site is optimized with the Yoast SEO plugin v26.9 - https:\/\/yoast.com\/product\/yoast-seo-wordpress\/ -->\n<title>The Empleverde+ Programme will focus on training to promote the ecological transition of the economy - Fundaci\u00f3n Biodiversidad<\/title>\n<meta name=\"robots\" content=\"index, follow, max-snippet:-1, max-image-preview:large, max-video-preview:-1\" \/>\n<link rel=\"canonical\" href=\"https:\/\/fundacion-biodiversidad.es\/en\/actualidad_home\/the-empleverde-programme-will-focus-on-training-to-promote-the-ecological-transition-of-the-economy\/\" \/>\n<meta property=\"og:locale\" content=\"en_US\" \/>\n<meta property=\"og:type\" content=\"article\" \/>\n<meta property=\"og:title\" content=\"Seminar Methodologies Learning Working for an ecological transition\" \/>\n<meta property=\"og:description\" content=\"Within the framework of the European Year of Skills 2023, the Biodiversity Foundation of the Ministry for the Ecological Transition and the Demographic Challenge (MITECO) [&hellip;]\" \/>\n<meta property=\"og:url\" content=\"https:\/\/fundacion-biodiversidad.es\/en\/actualidad_home\/the-empleverde-programme-will-focus-on-training-to-promote-the-ecological-transition-of-the-economy\/\" \/>\n<meta property=\"og:site_name\" content=\"Fundaci\u00f3n Biodiversidad\" \/>\n<meta property=\"og:image\" content=\"https:\/\/fundacion-biodiversidad.es\/wp-content\/uploads\/2023\/03\/Metodologias-Aprender-Trabajando-1200-1024x536.jpg\" \/>\n<meta name=\"twitter:card\" content=\"summary_large_image\" \/>\n<meta name=\"twitter:title\" content=\"Seminar Methodologies Learning Working for an ecological transition\" \/>\n<meta name=\"twitter:image\" content=\"https:\/\/fundacion-biodiversidad.es\/wp-content\/uploads\/2023\/03\/Metodologias-Aprender-Trabajando-1200-1024x536.jpg\" \/>\n<meta name=\"twitter:label1\" content=\"Est. reading time\" \/>\n\t<meta name=\"twitter:data1\" content=\"3 minutes\" \/>\n<script type=\"application\/ld+json\" class=\"yoast-schema-graph\">{\"@context\":\"https:\/\/schema.org\",\"@graph\":[{\"@type\":\"WebPage\",\"@id\":\"https:\/\/fundacion-biodiversidad.es\/en\/actualidad_home\/the-empleverde-programme-will-focus-on-training-to-promote-the-ecological-transition-of-the-economy\/\",\"url\":\"https:\/\/fundacion-biodiversidad.es\/en\/actualidad_home\/the-empleverde-programme-will-focus-on-training-to-promote-the-ecological-transition-of-the-economy\/\",\"name\":\"The Empleverde+ Programme will focus on training to promote the ecological transition of the economy - Fundaci\u00f3n Biodiversidad\",\"isPartOf\":{\"@id\":\"https:\/\/fundacion-biodiversidad.es\/en\/#website\"},\"primaryImageOfPage\":{\"@id\":\"https:\/\/fundacion-biodiversidad.es\/en\/actualidad_home\/the-empleverde-programme-will-focus-on-training-to-promote-the-ecological-transition-of-the-economy\/#primaryimage\"},\"image\":{\"@id\":\"https:\/\/fundacion-biodiversidad.es\/en\/actualidad_home\/the-empleverde-programme-will-focus-on-training-to-promote-the-ecological-transition-of-the-economy\/#primaryimage\"},\"thumbnailUrl\":\"https:\/\/fundacion-biodiversidad.es\/wp-content\/uploads\/2023\/03\/Metodologias-Aprender-Trabajando-1200.jpg\",\"datePublished\":\"2023-03-30T15:12:46+00:00\",\"breadcrumb\":{\"@id\":\"https:\/\/fundacion-biodiversidad.es\/en\/actualidad_home\/the-empleverde-programme-will-focus-on-training-to-promote-the-ecological-transition-of-the-economy\/#breadcrumb\"},\"inLanguage\":\"en-US\",\"potentialAction\":[{\"@type\":\"ReadAction\",\"target\":[\"https:\/\/fundacion-biodiversidad.es\/en\/actualidad_home\/the-empleverde-programme-will-focus-on-training-to-promote-the-ecological-transition-of-the-economy\/\"]}]},{\"@type\":\"ImageObject\",\"inLanguage\":\"en-US\",\"@id\":\"https:\/\/fundacion-biodiversidad.es\/en\/actualidad_home\/the-empleverde-programme-will-focus-on-training-to-promote-the-ecological-transition-of-the-economy\/#primaryimage\",\"url\":\"https:\/\/fundacion-biodiversidad.es\/wp-content\/uploads\/2023\/03\/Metodologias-Aprender-Trabajando-1200.jpg\",\"contentUrl\":\"https:\/\/fundacion-biodiversidad.es\/wp-content\/uploads\/2023\/03\/Metodologias-Aprender-Trabajando-1200.jpg\",\"width\":1200,\"height\":628},{\"@type\":\"BreadcrumbList\",\"@id\":\"https:\/\/fundacion-biodiversidad.es\/en\/actualidad_home\/the-empleverde-programme-will-focus-on-training-to-promote-the-ecological-transition-of-the-economy\/#breadcrumb\",\"itemListElement\":[{\"@type\":\"ListItem\",\"position\":1,\"name\":\"Portada\",\"item\":\"https:\/\/fundacion-biodiversidad.es\/en\/inicio\/\"},{\"@type\":\"ListItem\",\"position\":2,\"name\":\"Noticias de actualidad\",\"item\":\"https:\/\/fundacion-biodiversidad.es\/en\/actualidad_home\/\"},{\"@type\":\"ListItem\",\"position\":3,\"name\":\"The Empleverde+ Programme will focus on training to promote the ecological transition of the economy\"}]},{\"@type\":\"WebSite\",\"@id\":\"https:\/\/fundacion-biodiversidad.es\/en\/#website\",\"url\":\"https:\/\/fundacion-biodiversidad.es\/en\/\",\"name\":\"Fundaci\u00f3n Biodiversidad\",\"description\":\"Fundaci\u00f3n p\u00fablica adscrita al Ministerio para la Transici\u00f3n Ecol\u00f3gica\",\"potentialAction\":[{\"@type\":\"SearchAction\",\"target\":{\"@type\":\"EntryPoint\",\"urlTemplate\":\"https:\/\/fundacion-biodiversidad.es\/en\/?s={search_term_string}\"},\"query-input\":{\"@type\":\"PropertyValueSpecification\",\"valueRequired\":true,\"valueName\":\"search_term_string\"}}],\"inLanguage\":\"en-US\"}]}<\/script>\n<!-- \/ Yoast SEO plugin. -->","yoast_head_json":{"title":"The Empleverde+ Programme will focus on training to promote the ecological transition of the economy - Fundaci\u00f3n Biodiversidad","robots":{"index":"index","follow":"follow","max-snippet":"max-snippet:-1","max-image-preview":"max-image-preview:large","max-video-preview":"max-video-preview:-1"},"canonical":"https:\/\/fundacion-biodiversidad.es\/en\/actualidad_home\/the-empleverde-programme-will-focus-on-training-to-promote-the-ecological-transition-of-the-economy\/","og_locale":"en_US","og_type":"article","og_title":"Seminar Methodologies Learning Working for an ecological transition","og_description":"Within the framework of the European Year of Skills 2023, the Biodiversity Foundation of the Ministry for the Ecological Transition and the Demographic Challenge (MITECO) [&hellip;]","og_url":"https:\/\/fundacion-biodiversidad.es\/en\/actualidad_home\/the-empleverde-programme-will-focus-on-training-to-promote-the-ecological-transition-of-the-economy\/","og_site_name":"Fundaci\u00f3n Biodiversidad","og_image":[{"url":"https:\/\/fundacion-biodiversidad.es\/wp-content\/uploads\/2023\/03\/Metodologias-Aprender-Trabajando-1200-1024x536.jpg","type":"","width":"","height":""}],"twitter_card":"summary_large_image","twitter_title":"Seminar Methodologies Learning Working for an ecological transition","twitter_image":"https:\/\/fundacion-biodiversidad.es\/wp-content\/uploads\/2023\/03\/Metodologias-Aprender-Trabajando-1200-1024x536.jpg","twitter_misc":{"Est. reading time":"3 minutes"},"schema":{"@context":"https:\/\/schema.org","@graph":[{"@type":"WebPage","@id":"https:\/\/fundacion-biodiversidad.es\/en\/actualidad_home\/the-empleverde-programme-will-focus-on-training-to-promote-the-ecological-transition-of-the-economy\/","url":"https:\/\/fundacion-biodiversidad.es\/en\/actualidad_home\/the-empleverde-programme-will-focus-on-training-to-promote-the-ecological-transition-of-the-economy\/","name":"The Empleverde+ Programme will focus on training to promote the ecological transition of the economy - Fundaci\u00f3n Biodiversidad","isPartOf":{"@id":"https:\/\/fundacion-biodiversidad.es\/en\/#website"},"primaryImageOfPage":{"@id":"https:\/\/fundacion-biodiversidad.es\/en\/actualidad_home\/the-empleverde-programme-will-focus-on-training-to-promote-the-ecological-transition-of-the-economy\/#primaryimage"},"image":{"@id":"https:\/\/fundacion-biodiversidad.es\/en\/actualidad_home\/the-empleverde-programme-will-focus-on-training-to-promote-the-ecological-transition-of-the-economy\/#primaryimage"},"thumbnailUrl":"https:\/\/fundacion-biodiversidad.es\/wp-content\/uploads\/2023\/03\/Metodologias-Aprender-Trabajando-1200.jpg","datePublished":"2023-03-30T15:12:46+00:00","breadcrumb":{"@id":"https:\/\/fundacion-biodiversidad.es\/en\/actualidad_home\/the-empleverde-programme-will-focus-on-training-to-promote-the-ecological-transition-of-the-economy\/#breadcrumb"},"inLanguage":"en-US","potentialAction":[{"@type":"ReadAction","target":["https:\/\/fundacion-biodiversidad.es\/en\/actualidad_home\/the-empleverde-programme-will-focus-on-training-to-promote-the-ecological-transition-of-the-economy\/"]}]},{"@type":"ImageObject","inLanguage":"en-US","@id":"https:\/\/fundacion-biodiversidad.es\/en\/actualidad_home\/the-empleverde-programme-will-focus-on-training-to-promote-the-ecological-transition-of-the-economy\/#primaryimage","url":"https:\/\/fundacion-biodiversidad.es\/wp-content\/uploads\/2023\/03\/Metodologias-Aprender-Trabajando-1200.jpg","contentUrl":"https:\/\/fundacion-biodiversidad.es\/wp-content\/uploads\/2023\/03\/Metodologias-Aprender-Trabajando-1200.jpg","width":1200,"height":628},{"@type":"BreadcrumbList","@id":"https:\/\/fundacion-biodiversidad.es\/en\/actualidad_home\/the-empleverde-programme-will-focus-on-training-to-promote-the-ecological-transition-of-the-economy\/#breadcrumb","itemListElement":[{"@type":"ListItem","position":1,"name":"Portada","item":"https:\/\/fundacion-biodiversidad.es\/en\/inicio\/"},{"@type":"ListItem","position":2,"name":"Noticias de actualidad","item":"https:\/\/fundacion-biodiversidad.es\/en\/actualidad_home\/"},{"@type":"ListItem","position":3,"name":"The Empleverde+ Programme will focus on training to promote the ecological transition of the economy"}]},{"@type":"WebSite","@id":"https:\/\/fundacion-biodiversidad.es\/en\/#website","url":"https:\/\/fundacion-biodiversidad.es\/en\/","name":"Fundaci\u00f3n Biodiversidad","description":"Fundaci\u00f3n p\u00fablica adscrita al Ministerio para la Transici\u00f3n Ecol\u00f3gica","potentialAction":[{"@type":"SearchAction","target":{"@type":"EntryPoint","urlTemplate":"https:\/\/fundacion-biodiversidad.es\/en\/?s={search_term_string}"},"query-input":{"@type":"PropertyValueSpecification","valueRequired":true,"valueName":"search_term_string"}}],"inLanguage":"en-US"}]}},"_links":{"self":[{"href":"https:\/\/fundacion-biodiversidad.es\/en\/wp-json\/wp\/v2\/actualidad_home\/97858749","targetHints":{"allow":["GET"]}}],"collection":[{"href":"https:\/\/fundacion-biodiversidad.es\/en\/wp-json\/wp\/v2\/actualidad_home"}],"about":[{"href":"https:\/\/fundacion-biodiversidad.es\/en\/wp-json\/wp\/v2\/types\/actualidad_home"}],"author":[{"embeddable":true,"href":"https:\/\/fundacion-biodiversidad.es\/en\/wp-json\/wp\/v2\/users\/11"}],"wp:featuredmedia":[{"embeddable":true,"href":"https:\/\/fundacion-biodiversidad.es\/en\/wp-json\/wp\/v2\/media\/45607"}],"wp:attachment":[{"href":"https:\/\/fundacion-biodiversidad.es\/en\/wp-json\/wp\/v2\/media?parent=97858749"}],"wp:term":[{"taxonomy":"palabras_clave","embeddable":true,"href":"https:\/\/fundacion-biodiversidad.es\/en\/wp-json\/wp\/v2\/palabras_clave?post=97858749"}],"curies":[{"name":"wp","href":"https:\/\/api.w.org\/{rel}","templated":true}]}}