{"id":97858750,"date":"2023-04-16T10:36:46","date_gmt":"2023-04-16T08:36:46","guid":{"rendered":"https:\/\/fundacion-biodiversidad.es\/actualidad_home\/green-entrepreneurship-an-opportunity-to-move-towards-the-ecological-transition\/"},"modified":"2023-04-16T10:36:46","modified_gmt":"2023-04-16T08:36:46","slug":"green-entrepreneurship-an-opportunity-to-move-towards-the-ecological-transition","status":"publish","type":"actualidad_home","link":"https:\/\/fundacion-biodiversidad.es\/en\/actualidad_home\/green-entrepreneurship-an-opportunity-to-move-towards-the-ecological-transition\/","title":{"rendered":"Green entrepreneurship, an opportunity to move towards the ecological transition"},"content":{"rendered":"<p><strong>World Entrepreneurship Day<\/strong> is celebrated on April 16, a date proclaimed by the Food and Agriculture Organization of the United Nations (FAO) that recognizes the work and the entrepreneurial and innovative spirit of those who develop this activity. In this sense, <strong>green entrepreneurship is a key axis<\/strong> to move towards the ecological transition, mitigate the effects of climate change and fight against territorial depopulation. For this reason, entrepreneurs have a greater specific weight in the economy and act as levers of change to respond to these global challenges. Challenges to which is added that of advancing synergistically in gender equality.<\/p>\n<p>Therefore, it is vital to promote practices that include a gender perspective in entrepreneurship. In this sense, the <a href=\"https:\/\/www.miteco.gob.es\/gl\/ministerio\/planes-estrategias\/igualdad-de-genero\/2023-03-10resumenejecutivo2023emprendimientoverdedelasmujeresyemprendimientodelasmujeresenelambitorural_tcm37-559906.pdf\" target=\"_blank\" rel=\"noopener\">report <\/a>&#8220;<strong>Women&#8217;s Green Entrepreneurship and Women&#8217;s Entrepreneurship in the Rural Sphere<\/strong>&#8221; published by the Ministry for the Ecological Transition and the Demographic Challenge (MITECO) analyzes green entrepreneurship, rural entrepreneurship and the intersection between the two from this perspective. Only one in ten entrepreneurs in green activities are women, one in three in rural entrepreneurship, and six in 100 in green and rural entrepreneurship.<\/p>\n<p> Even so, Spain is one of the leading countries in the European Union in women&#8217;s rural entrepreneurship (along with Lithuania, Austria, France, Greece and Poland) and in women&#8217;s green entrepreneurship (behind Italy).<\/p>\n<p>Based on microdata from the Active Population Survey (EPA), it is estimated that, in 2022, there were a total of 56,692 women entrepreneurs in green activities and 534,595 men in Spain, which means that women make up only 9.6% of the total green entrepreneurship. Similarly, rural women entrepreneurs only represented a third of the total rural entrepreneurship in Spain in 2022. Also, 17 out of every 100 women entrepreneurs in Spain are entrepreneurs in rural environments, compared to 19 out of every 100 entrepreneurs. The Biodiversity Foundation (MITECO) incorporates the <strong>gender perspective<\/strong> in a transversal way in its actions, materializing this aspect in several dimensions, including <strong>in the programs and projects<\/strong> it develops. In addition, it promotes green entrepreneurship through the <a href=\"https:\/\/www.redemprendeverde.es\/\" target=\"_blank\" rel=\"noopener\">Emprendeverde Network (REV),<\/a> an initiative of the <a href=\"https:\/\/www.empleaverde.es\/\" target=\"_blank\" rel=\"noopener\">Empleaverde Programme<\/a>, co-financed by the European Social Fund, which has the largest community of green entrepreneurs in Spain. This network is made up of <strong>11,000<\/strong> <strong>people interested in promoting a fairer ecological transition<\/strong> through new business models that put products and <strong>services with a greater positive environmental and social impact<\/strong> on the market. Since its inception in 2011, it has launched 28 actions to support green entrepreneurship through which more than 4,000 participants have passed. The Emprendeverde Network contributes to promoting green entrepreneurship through its free training <a href=\"https:\/\/www.redemprendeverde.es\/pg\/pages\/view\/59506\/servicios-rev\/\" target=\"_blank\" rel=\"noopener\">services<\/a> such as the <strong>Emprendeverde Itineraries<\/strong>, mentoring through <strong>Emprendeverde Mentoring<\/strong> and advice through <strong>Constitute #TuEmpresaVerde<\/strong>, with which, since 2021, it has served more than 1,000 people. Within the framework of the Emprendeverde Itineraries, the Biodiversity Foundation is organising a <a href=\"https:\/\/www.redemprendeverde.es\/pg\/news\/admin\/read\/72655\/participa-en-el-encuentro-de--oportunidades-para-impulsar-tu-emprendimiento-verde-\/\" target=\"_blank\" rel=\"noopener\"><strong>meeting<\/strong><\/a><strong> next Thursday, 20 April<\/strong> , with the aim of helping all those interested in promoting their green business.  <\/p>\n<p> This day of <em>networking<\/em> and inspiration will serve<strong> to expand the network of contacts and create synergies<\/strong> through knowledge such as the advantages of entrepreneurship in a biosphere reserve and inspiring experiences of several green enterprises, with testimonies of their protagonists. During the event, <strong>enterprises <\/strong>of the Emprendeverde Network that are <strong>led by women<\/strong> in rural territories will be announced, such as the <a href=\"https:\/\/cervezasgabarrera.com\/tienda\/cervezas\/seis-cervezas-edicion-especial-dia-de-la-mujer\/\" target=\"_blank\" rel=\"noopener\">La Gabarrera<\/a> brewery, co-founder of this <strong>social cooperative of craft and organic beers<\/strong> located in Becerril de la Sierra (Madrid). Another example is Bel\u00e9n Matilla, who during the meeting will present her experience as co-founder of L\u00fapulo Tecnolog\u00eda de Galicia, (<a href=\"https:\/\/lutega.com\/\" target=\"_blank\" rel=\"noopener\">LUTEGA)<\/a> for the <strong>recovery of hop cultivation<\/strong>, and <a href=\"https:\/\/orballo.eu\/\" target=\"_blank\" rel=\"noopener\">Orballo<\/a> , a project that offers infusions <strong>with the first certified organic tea plantation in Europe that can be visited<\/strong> , which has allowed them to develop a unique European tourism product. Both projects are located in the Mari\u00f1as Coru\u00f1esas e Terras do Mandeo biosphere reserve (Galicia). Finally, Marleen Schafer is another entrepreneur trained in the Emprendeverde Network, which has launched <a href=\"https:\/\/www.ladrondemiel.com\/apicultoras\/\" target=\"_blank\" rel=\"noopener\">Ladr\u00f3n de Miel<\/a>, dedicated to the care of the earth, <strong>promotion of biodiversity<\/strong> and the production <strong>of quality natural products<\/strong> free of pesticides (raw honey, extra virgin olive oil and almonds), located in El Gast\u00f3n (C\u00e1diz). In addition, it organizes visits and sponsorship of beehives.<\/p>\n","protected":false},"author":11,"featured_media":45633,"template":"","meta":{"_acf_changed":false},"palabras_clave":[],"class_list":["post-97858750","actualidad_home","type-actualidad_home","status-publish","has-post-thumbnail","hentry"],"acf":[],"yoast_head":"<!-- This site is optimized with the Yoast SEO plugin v26.9 - https:\/\/yoast.com\/product\/yoast-seo-wordpress\/ -->\n<title>Green entrepreneurship, an opportunity to move towards the ecological transition - Fundaci\u00f3n Biodiversidad<\/title>\n<meta name=\"robots\" content=\"index, follow, max-snippet:-1, max-image-preview:large, max-video-preview:-1\" \/>\n<link rel=\"canonical\" href=\"https:\/\/fundacion-biodiversidad.es\/en\/actualidad_home\/green-entrepreneurship-an-opportunity-to-move-towards-the-ecological-transition\/\" \/>\n<meta property=\"og:locale\" content=\"en_US\" \/>\n<meta property=\"og:type\" content=\"article\" \/>\n<meta property=\"og:title\" content=\"Green entrepreneurship, an opportunity to move towards the ecological transition - Fundaci\u00f3n Biodiversidad\" \/>\n<meta property=\"og:description\" content=\"World Entrepreneurship Day is celebrated on April 16, a date proclaimed by the Food and Agriculture Organization of the United Nations (FAO) that recognizes the [&hellip;]\" \/>\n<meta property=\"og:url\" content=\"https:\/\/fundacion-biodiversidad.es\/en\/actualidad_home\/green-entrepreneurship-an-opportunity-to-move-towards-the-ecological-transition\/\" \/>\n<meta property=\"og:site_name\" content=\"Fundaci\u00f3n Biodiversidad\" \/>\n<meta property=\"og:image\" content=\"https:\/\/fundacion-biodiversidad.es\/wp-content\/uploads\/2023\/01\/2487661294_35330241_720x405.png\" \/>\n\t<meta property=\"og:image:width\" content=\"720\" \/>\n\t<meta property=\"og:image:height\" content=\"405\" \/>\n\t<meta property=\"og:image:type\" content=\"image\/png\" \/>\n<meta name=\"twitter:card\" content=\"summary_large_image\" \/>\n<meta name=\"twitter:label1\" content=\"Est. reading time\" \/>\n\t<meta name=\"twitter:data1\" content=\"3 minutes\" \/>\n<script type=\"application\/ld+json\" class=\"yoast-schema-graph\">{\"@context\":\"https:\/\/schema.org\",\"@graph\":[{\"@type\":\"WebPage\",\"@id\":\"https:\/\/fundacion-biodiversidad.es\/en\/actualidad_home\/green-entrepreneurship-an-opportunity-to-move-towards-the-ecological-transition\/\",\"url\":\"https:\/\/fundacion-biodiversidad.es\/en\/actualidad_home\/green-entrepreneurship-an-opportunity-to-move-towards-the-ecological-transition\/\",\"name\":\"Green entrepreneurship, an opportunity to move towards the ecological transition - Fundaci\u00f3n Biodiversidad\",\"isPartOf\":{\"@id\":\"https:\/\/fundacion-biodiversidad.es\/en\/#website\"},\"primaryImageOfPage\":{\"@id\":\"https:\/\/fundacion-biodiversidad.es\/en\/actualidad_home\/green-entrepreneurship-an-opportunity-to-move-towards-the-ecological-transition\/#primaryimage\"},\"image\":{\"@id\":\"https:\/\/fundacion-biodiversidad.es\/en\/actualidad_home\/green-entrepreneurship-an-opportunity-to-move-towards-the-ecological-transition\/#primaryimage\"},\"thumbnailUrl\":\"https:\/\/fundacion-biodiversidad.es\/wp-content\/uploads\/2023\/04\/DM_Emprendimiento_web2023.png\",\"datePublished\":\"2023-04-16T08:36:46+00:00\",\"breadcrumb\":{\"@id\":\"https:\/\/fundacion-biodiversidad.es\/en\/actualidad_home\/green-entrepreneurship-an-opportunity-to-move-towards-the-ecological-transition\/#breadcrumb\"},\"inLanguage\":\"en-US\",\"potentialAction\":[{\"@type\":\"ReadAction\",\"target\":[\"https:\/\/fundacion-biodiversidad.es\/en\/actualidad_home\/green-entrepreneurship-an-opportunity-to-move-towards-the-ecological-transition\/\"]}]},{\"@type\":\"ImageObject\",\"inLanguage\":\"en-US\",\"@id\":\"https:\/\/fundacion-biodiversidad.es\/en\/actualidad_home\/green-entrepreneurship-an-opportunity-to-move-towards-the-ecological-transition\/#primaryimage\",\"url\":\"https:\/\/fundacion-biodiversidad.es\/wp-content\/uploads\/2023\/04\/DM_Emprendimiento_web2023.png\",\"contentUrl\":\"https:\/\/fundacion-biodiversidad.es\/wp-content\/uploads\/2023\/04\/DM_Emprendimiento_web2023.png\",\"width\":1200,\"height\":628},{\"@type\":\"BreadcrumbList\",\"@id\":\"https:\/\/fundacion-biodiversidad.es\/en\/actualidad_home\/green-entrepreneurship-an-opportunity-to-move-towards-the-ecological-transition\/#breadcrumb\",\"itemListElement\":[{\"@type\":\"ListItem\",\"position\":1,\"name\":\"Portada\",\"item\":\"https:\/\/fundacion-biodiversidad.es\/en\/inicio\/\"},{\"@type\":\"ListItem\",\"position\":2,\"name\":\"Noticias de actualidad\",\"item\":\"https:\/\/fundacion-biodiversidad.es\/en\/actualidad_home\/\"},{\"@type\":\"ListItem\",\"position\":3,\"name\":\"Green entrepreneurship, an opportunity to move towards the ecological transition\"}]},{\"@type\":\"WebSite\",\"@id\":\"https:\/\/fundacion-biodiversidad.es\/en\/#website\",\"url\":\"https:\/\/fundacion-biodiversidad.es\/en\/\",\"name\":\"Fundaci\u00f3n Biodiversidad\",\"description\":\"Fundaci\u00f3n p\u00fablica adscrita al Ministerio para la Transici\u00f3n Ecol\u00f3gica\",\"potentialAction\":[{\"@type\":\"SearchAction\",\"target\":{\"@type\":\"EntryPoint\",\"urlTemplate\":\"https:\/\/fundacion-biodiversidad.es\/en\/?s={search_term_string}\"},\"query-input\":{\"@type\":\"PropertyValueSpecification\",\"valueRequired\":true,\"valueName\":\"search_term_string\"}}],\"inLanguage\":\"en-US\"}]}<\/script>\n<!-- \/ Yoast SEO plugin. -->","yoast_head_json":{"title":"Green entrepreneurship, an opportunity to move towards the ecological transition - Fundaci\u00f3n Biodiversidad","robots":{"index":"index","follow":"follow","max-snippet":"max-snippet:-1","max-image-preview":"max-image-preview:large","max-video-preview":"max-video-preview:-1"},"canonical":"https:\/\/fundacion-biodiversidad.es\/en\/actualidad_home\/green-entrepreneurship-an-opportunity-to-move-towards-the-ecological-transition\/","og_locale":"en_US","og_type":"article","og_title":"Green entrepreneurship, an opportunity to move towards the ecological transition - Fundaci\u00f3n Biodiversidad","og_description":"World Entrepreneurship Day is celebrated on April 16, a date proclaimed by the Food and Agriculture Organization of the United Nations (FAO) that recognizes the [&hellip;]","og_url":"https:\/\/fundacion-biodiversidad.es\/en\/actualidad_home\/green-entrepreneurship-an-opportunity-to-move-towards-the-ecological-transition\/","og_site_name":"Fundaci\u00f3n Biodiversidad","og_image":[{"width":720,"height":405,"url":"https:\/\/fundacion-biodiversidad.es\/wp-content\/uploads\/2023\/01\/2487661294_35330241_720x405.png","type":"image\/png"}],"twitter_card":"summary_large_image","twitter_misc":{"Est. reading time":"3 minutes"},"schema":{"@context":"https:\/\/schema.org","@graph":[{"@type":"WebPage","@id":"https:\/\/fundacion-biodiversidad.es\/en\/actualidad_home\/green-entrepreneurship-an-opportunity-to-move-towards-the-ecological-transition\/","url":"https:\/\/fundacion-biodiversidad.es\/en\/actualidad_home\/green-entrepreneurship-an-opportunity-to-move-towards-the-ecological-transition\/","name":"Green entrepreneurship, an opportunity to move towards the ecological transition - Fundaci\u00f3n Biodiversidad","isPartOf":{"@id":"https:\/\/fundacion-biodiversidad.es\/en\/#website"},"primaryImageOfPage":{"@id":"https:\/\/fundacion-biodiversidad.es\/en\/actualidad_home\/green-entrepreneurship-an-opportunity-to-move-towards-the-ecological-transition\/#primaryimage"},"image":{"@id":"https:\/\/fundacion-biodiversidad.es\/en\/actualidad_home\/green-entrepreneurship-an-opportunity-to-move-towards-the-ecological-transition\/#primaryimage"},"thumbnailUrl":"https:\/\/fundacion-biodiversidad.es\/wp-content\/uploads\/2023\/04\/DM_Emprendimiento_web2023.png","datePublished":"2023-04-16T08:36:46+00:00","breadcrumb":{"@id":"https:\/\/fundacion-biodiversidad.es\/en\/actualidad_home\/green-entrepreneurship-an-opportunity-to-move-towards-the-ecological-transition\/#breadcrumb"},"inLanguage":"en-US","potentialAction":[{"@type":"ReadAction","target":["https:\/\/fundacion-biodiversidad.es\/en\/actualidad_home\/green-entrepreneurship-an-opportunity-to-move-towards-the-ecological-transition\/"]}]},{"@type":"ImageObject","inLanguage":"en-US","@id":"https:\/\/fundacion-biodiversidad.es\/en\/actualidad_home\/green-entrepreneurship-an-opportunity-to-move-towards-the-ecological-transition\/#primaryimage","url":"https:\/\/fundacion-biodiversidad.es\/wp-content\/uploads\/2023\/04\/DM_Emprendimiento_web2023.png","contentUrl":"https:\/\/fundacion-biodiversidad.es\/wp-content\/uploads\/2023\/04\/DM_Emprendimiento_web2023.png","width":1200,"height":628},{"@type":"BreadcrumbList","@id":"https:\/\/fundacion-biodiversidad.es\/en\/actualidad_home\/green-entrepreneurship-an-opportunity-to-move-towards-the-ecological-transition\/#breadcrumb","itemListElement":[{"@type":"ListItem","position":1,"name":"Portada","item":"https:\/\/fundacion-biodiversidad.es\/en\/inicio\/"},{"@type":"ListItem","position":2,"name":"Noticias de actualidad","item":"https:\/\/fundacion-biodiversidad.es\/en\/actualidad_home\/"},{"@type":"ListItem","position":3,"name":"Green entrepreneurship, an opportunity to move towards the ecological transition"}]},{"@type":"WebSite","@id":"https:\/\/fundacion-biodiversidad.es\/en\/#website","url":"https:\/\/fundacion-biodiversidad.es\/en\/","name":"Fundaci\u00f3n Biodiversidad","description":"Fundaci\u00f3n p\u00fablica adscrita al Ministerio para la Transici\u00f3n Ecol\u00f3gica","potentialAction":[{"@type":"SearchAction","target":{"@type":"EntryPoint","urlTemplate":"https:\/\/fundacion-biodiversidad.es\/en\/?s={search_term_string}"},"query-input":{"@type":"PropertyValueSpecification","valueRequired":true,"valueName":"search_term_string"}}],"inLanguage":"en-US"}]}},"_links":{"self":[{"href":"https:\/\/fundacion-biodiversidad.es\/en\/wp-json\/wp\/v2\/actualidad_home\/97858750","targetHints":{"allow":["GET"]}}],"collection":[{"href":"https:\/\/fundacion-biodiversidad.es\/en\/wp-json\/wp\/v2\/actualidad_home"}],"about":[{"href":"https:\/\/fundacion-biodiversidad.es\/en\/wp-json\/wp\/v2\/types\/actualidad_home"}],"author":[{"embeddable":true,"href":"https:\/\/fundacion-biodiversidad.es\/en\/wp-json\/wp\/v2\/users\/11"}],"wp:featuredmedia":[{"embeddable":true,"href":"https:\/\/fundacion-biodiversidad.es\/en\/wp-json\/wp\/v2\/media\/45633"}],"wp:attachment":[{"href":"https:\/\/fundacion-biodiversidad.es\/en\/wp-json\/wp\/v2\/media?parent=97858750"}],"wp:term":[{"taxonomy":"palabras_clave","embeddable":true,"href":"https:\/\/fundacion-biodiversidad.es\/en\/wp-json\/wp\/v2\/palabras_clave?post=97858750"}],"curies":[{"name":"wp","href":"https:\/\/api.w.org\/{rel}","templated":true}]}}