{"id":97858752,"date":"2023-04-11T14:43:10","date_gmt":"2023-04-11T12:43:10","guid":{"rendered":"https:\/\/fundacion-biodiversidad.es\/actualidad_home\/we-promote-a-land-stewardship-program-to-improve-the-habitat-of-the-marbled-teal\/"},"modified":"2023-04-11T14:43:10","modified_gmt":"2023-04-11T12:43:10","slug":"we-promote-a-land-stewardship-program-to-improve-the-habitat-of-the-marbled-teal","status":"publish","type":"actualidad_home","link":"https:\/\/fundacion-biodiversidad.es\/en\/actualidad_home\/we-promote-a-land-stewardship-program-to-improve-the-habitat-of-the-marbled-teal\/","title":{"rendered":"We promote a land stewardship program to improve the habitat of the marbled teal"},"content":{"rendered":"<p>The <a href=\"https:\/\/www.cerceta-pardilla.es\/\">LIFE Marbled Teal<\/a> project, coordinated by the Biodiversity Foundation of the Ministry for the Ecological Transition and the Demographic Challenge, has launched a <a href=\"https:\/\/www.cerceta-pardilla.es\/wp-content\/uploads\/2023\/03\/LIFE-Cerceta-Pardilla_Programa-Custodia-Territorio.pdf\">land stewardship programme<\/a> with the aim of <strong>achieving the commitment of owners<\/strong>, both in the private and public sectors, <strong>in the conservation of wetlands and this species in a critical situation<\/strong>. With this initiative we seek to achieve at least <strong>15 new land stewardship agreements<\/strong> in areas of the Natura 2000 Network, which would add up to more than 150 hectares. The work that this program will develop focuses on all the vital areas for the species, both in those areas that are part of the project in the Valencian Community, Region of Murcia and Andalusia, as well as in wetlands in other regions of Spain occupied by the species.<\/p>\n<p><strong><span style=\"text-decoration: underline\">The potential of land stewardship<\/span> <\/strong><\/p>\n<p>The Biodiversity Foundation, the Association of Naturalists of the Southeast (ANSE) and SEO\/BirdLife have designed the bases of this program. Based on their experience, they propose <strong>potential and priority areas of action to establish custody agreements<\/strong>, as well as the types of properties and properties likely to support them. The program also exposes the basic principles of land stewardship and compiles <strong>successful cases for the conservation of wetlands<\/strong> and the species that inhabit them based on this figure of protection in our country. This study also analyzes different parameters in order to assess the potential of land stewardship in areas of interest to the marbled teal. Finally, it <strong>proposes a series of actions to be carried out in the guarded areas<\/strong>, including actions to improve the habitat, reduce hunting pressure and disseminate the LIFE Marbled Teal project. <\/p>\n<p><strong><span style=\"text-decoration: underline\">The LIFE Cerceta Pardilla project<\/span><\/strong><\/p>\n<p>The LIFE Marbled Teal aims to improve the conservation status of <strong>3,000 hectares of wetlands<\/strong> to reverse the risk of extinction of the most endangered duck in Europe, in a critical situation in Spain. For this reason, it has undertaken a series of actions to strengthen the status of its populations in the natural environment, improve the state of wetlands and scientific knowledge of the species.<\/p>\n<p>The Ministry for Ecological Transition and the Demographic Challenge itself participates as partners in the project, through the Segura Hydrographic Confederation and Tragsatec; the Regional Government of Andalusia, through the Ministry of Sustainability, Environment and Blue Economy and the Environment and Water Agency; the Generalitat Valenciana; the Autonomous Community of the Region of Murcia, through the Ministry of the Environment, Mar Menor, Universities and Research, as well as the organizations Spanish Ornithological Society\/BirdLife International and Association of Naturalists of the Southeast. It is supported by the LIFE Program of the European Union and the Directorate General for Water.<\/p>\n<p>&nbsp;<\/p>\n<p>&nbsp;<\/p>\n","protected":false},"author":11,"featured_media":45627,"template":"","meta":{"_acf_changed":false},"palabras_clave":[],"class_list":["post-97858752","actualidad_home","type-actualidad_home","status-publish","has-post-thumbnail","hentry"],"acf":[],"yoast_head":"<!-- This site is optimized with the Yoast SEO plugin v26.9 - https:\/\/yoast.com\/product\/yoast-seo-wordpress\/ -->\n<title>We promote a land stewardship program to improve the habitat of the marbled teal - Fundaci\u00f3n Biodiversidad<\/title>\n<meta name=\"robots\" content=\"index, follow, max-snippet:-1, max-image-preview:large, max-video-preview:-1\" \/>\n<link rel=\"canonical\" href=\"https:\/\/fundacion-biodiversidad.es\/en\/actualidad_home\/we-promote-a-land-stewardship-program-to-improve-the-habitat-of-the-marbled-teal\/\" \/>\n<meta property=\"og:locale\" content=\"en_US\" \/>\n<meta property=\"og:type\" content=\"article\" \/>\n<meta property=\"og:title\" content=\"We promote a land stewardship program to improve the habitat of the marbled teal - Fundaci\u00f3n Biodiversidad\" \/>\n<meta property=\"og:description\" content=\"The LIFE Marbled Teal project, coordinated by the Biodiversity Foundation of the Ministry for the Ecological Transition and the Demographic Challenge, has launched a land [&hellip;]\" \/>\n<meta property=\"og:url\" content=\"https:\/\/fundacion-biodiversidad.es\/en\/actualidad_home\/we-promote-a-land-stewardship-program-to-improve-the-habitat-of-the-marbled-teal\/\" \/>\n<meta property=\"og:site_name\" content=\"Fundaci\u00f3n Biodiversidad\" \/>\n<meta property=\"og:image\" content=\"https:\/\/fundacion-biodiversidad.es\/wp-content\/uploads\/2023\/04\/cerceta-pardilla-1024x536.png\" \/>\n<meta name=\"twitter:card\" content=\"summary_large_image\" \/>\n<meta name=\"twitter:image\" content=\"https:\/\/fundacion-biodiversidad.es\/wp-content\/uploads\/2023\/04\/cerceta-pardilla-1024x536.png\" \/>\n<meta name=\"twitter:label1\" content=\"Est. reading time\" \/>\n\t<meta name=\"twitter:data1\" content=\"2 minutes\" \/>\n<script type=\"application\/ld+json\" class=\"yoast-schema-graph\">{\"@context\":\"https:\/\/schema.org\",\"@graph\":[{\"@type\":\"WebPage\",\"@id\":\"https:\/\/fundacion-biodiversidad.es\/en\/actualidad_home\/we-promote-a-land-stewardship-program-to-improve-the-habitat-of-the-marbled-teal\/\",\"url\":\"https:\/\/fundacion-biodiversidad.es\/en\/actualidad_home\/we-promote-a-land-stewardship-program-to-improve-the-habitat-of-the-marbled-teal\/\",\"name\":\"We promote a land stewardship program to improve the habitat of the marbled teal - Fundaci\u00f3n Biodiversidad\",\"isPartOf\":{\"@id\":\"https:\/\/fundacion-biodiversidad.es\/en\/#website\"},\"primaryImageOfPage\":{\"@id\":\"https:\/\/fundacion-biodiversidad.es\/en\/actualidad_home\/we-promote-a-land-stewardship-program-to-improve-the-habitat-of-the-marbled-teal\/#primaryimage\"},\"image\":{\"@id\":\"https:\/\/fundacion-biodiversidad.es\/en\/actualidad_home\/we-promote-a-land-stewardship-program-to-improve-the-habitat-of-the-marbled-teal\/#primaryimage\"},\"thumbnailUrl\":\"https:\/\/fundacion-biodiversidad.es\/wp-content\/uploads\/2023\/04\/cerceta-pardilla.png\",\"datePublished\":\"2023-04-11T12:43:10+00:00\",\"breadcrumb\":{\"@id\":\"https:\/\/fundacion-biodiversidad.es\/en\/actualidad_home\/we-promote-a-land-stewardship-program-to-improve-the-habitat-of-the-marbled-teal\/#breadcrumb\"},\"inLanguage\":\"en-US\",\"potentialAction\":[{\"@type\":\"ReadAction\",\"target\":[\"https:\/\/fundacion-biodiversidad.es\/en\/actualidad_home\/we-promote-a-land-stewardship-program-to-improve-the-habitat-of-the-marbled-teal\/\"]}]},{\"@type\":\"ImageObject\",\"inLanguage\":\"en-US\",\"@id\":\"https:\/\/fundacion-biodiversidad.es\/en\/actualidad_home\/we-promote-a-land-stewardship-program-to-improve-the-habitat-of-the-marbled-teal\/#primaryimage\",\"url\":\"https:\/\/fundacion-biodiversidad.es\/wp-content\/uploads\/2023\/04\/cerceta-pardilla.png\",\"contentUrl\":\"https:\/\/fundacion-biodiversidad.es\/wp-content\/uploads\/2023\/04\/cerceta-pardilla.png\",\"width\":1200,\"height\":628},{\"@type\":\"BreadcrumbList\",\"@id\":\"https:\/\/fundacion-biodiversidad.es\/en\/actualidad_home\/we-promote-a-land-stewardship-program-to-improve-the-habitat-of-the-marbled-teal\/#breadcrumb\",\"itemListElement\":[{\"@type\":\"ListItem\",\"position\":1,\"name\":\"Portada\",\"item\":\"https:\/\/fundacion-biodiversidad.es\/en\/inicio\/\"},{\"@type\":\"ListItem\",\"position\":2,\"name\":\"Noticias de actualidad\",\"item\":\"https:\/\/fundacion-biodiversidad.es\/en\/actualidad_home\/\"},{\"@type\":\"ListItem\",\"position\":3,\"name\":\"We promote a land stewardship program to improve the habitat of the marbled teal\"}]},{\"@type\":\"WebSite\",\"@id\":\"https:\/\/fundacion-biodiversidad.es\/en\/#website\",\"url\":\"https:\/\/fundacion-biodiversidad.es\/en\/\",\"name\":\"Fundaci\u00f3n Biodiversidad\",\"description\":\"Fundaci\u00f3n p\u00fablica adscrita al Ministerio para la Transici\u00f3n Ecol\u00f3gica\",\"potentialAction\":[{\"@type\":\"SearchAction\",\"target\":{\"@type\":\"EntryPoint\",\"urlTemplate\":\"https:\/\/fundacion-biodiversidad.es\/en\/?s={search_term_string}\"},\"query-input\":{\"@type\":\"PropertyValueSpecification\",\"valueRequired\":true,\"valueName\":\"search_term_string\"}}],\"inLanguage\":\"en-US\"}]}<\/script>\n<!-- \/ Yoast SEO plugin. -->","yoast_head_json":{"title":"We promote a land stewardship program to improve the habitat of the marbled teal - Fundaci\u00f3n Biodiversidad","robots":{"index":"index","follow":"follow","max-snippet":"max-snippet:-1","max-image-preview":"max-image-preview:large","max-video-preview":"max-video-preview:-1"},"canonical":"https:\/\/fundacion-biodiversidad.es\/en\/actualidad_home\/we-promote-a-land-stewardship-program-to-improve-the-habitat-of-the-marbled-teal\/","og_locale":"en_US","og_type":"article","og_title":"We promote a land stewardship program to improve the habitat of the marbled teal - Fundaci\u00f3n Biodiversidad","og_description":"The LIFE Marbled Teal project, coordinated by the Biodiversity Foundation of the Ministry for the Ecological Transition and the Demographic Challenge, has launched a land [&hellip;]","og_url":"https:\/\/fundacion-biodiversidad.es\/en\/actualidad_home\/we-promote-a-land-stewardship-program-to-improve-the-habitat-of-the-marbled-teal\/","og_site_name":"Fundaci\u00f3n Biodiversidad","og_image":[{"url":"https:\/\/fundacion-biodiversidad.es\/wp-content\/uploads\/2023\/04\/cerceta-pardilla-1024x536.png","type":"","width":"","height":""}],"twitter_card":"summary_large_image","twitter_image":"https:\/\/fundacion-biodiversidad.es\/wp-content\/uploads\/2023\/04\/cerceta-pardilla-1024x536.png","twitter_misc":{"Est. reading time":"2 minutes"},"schema":{"@context":"https:\/\/schema.org","@graph":[{"@type":"WebPage","@id":"https:\/\/fundacion-biodiversidad.es\/en\/actualidad_home\/we-promote-a-land-stewardship-program-to-improve-the-habitat-of-the-marbled-teal\/","url":"https:\/\/fundacion-biodiversidad.es\/en\/actualidad_home\/we-promote-a-land-stewardship-program-to-improve-the-habitat-of-the-marbled-teal\/","name":"We promote a land stewardship program to improve the habitat of the marbled teal - Fundaci\u00f3n Biodiversidad","isPartOf":{"@id":"https:\/\/fundacion-biodiversidad.es\/en\/#website"},"primaryImageOfPage":{"@id":"https:\/\/fundacion-biodiversidad.es\/en\/actualidad_home\/we-promote-a-land-stewardship-program-to-improve-the-habitat-of-the-marbled-teal\/#primaryimage"},"image":{"@id":"https:\/\/fundacion-biodiversidad.es\/en\/actualidad_home\/we-promote-a-land-stewardship-program-to-improve-the-habitat-of-the-marbled-teal\/#primaryimage"},"thumbnailUrl":"https:\/\/fundacion-biodiversidad.es\/wp-content\/uploads\/2023\/04\/cerceta-pardilla.png","datePublished":"2023-04-11T12:43:10+00:00","breadcrumb":{"@id":"https:\/\/fundacion-biodiversidad.es\/en\/actualidad_home\/we-promote-a-land-stewardship-program-to-improve-the-habitat-of-the-marbled-teal\/#breadcrumb"},"inLanguage":"en-US","potentialAction":[{"@type":"ReadAction","target":["https:\/\/fundacion-biodiversidad.es\/en\/actualidad_home\/we-promote-a-land-stewardship-program-to-improve-the-habitat-of-the-marbled-teal\/"]}]},{"@type":"ImageObject","inLanguage":"en-US","@id":"https:\/\/fundacion-biodiversidad.es\/en\/actualidad_home\/we-promote-a-land-stewardship-program-to-improve-the-habitat-of-the-marbled-teal\/#primaryimage","url":"https:\/\/fundacion-biodiversidad.es\/wp-content\/uploads\/2023\/04\/cerceta-pardilla.png","contentUrl":"https:\/\/fundacion-biodiversidad.es\/wp-content\/uploads\/2023\/04\/cerceta-pardilla.png","width":1200,"height":628},{"@type":"BreadcrumbList","@id":"https:\/\/fundacion-biodiversidad.es\/en\/actualidad_home\/we-promote-a-land-stewardship-program-to-improve-the-habitat-of-the-marbled-teal\/#breadcrumb","itemListElement":[{"@type":"ListItem","position":1,"name":"Portada","item":"https:\/\/fundacion-biodiversidad.es\/en\/inicio\/"},{"@type":"ListItem","position":2,"name":"Noticias de actualidad","item":"https:\/\/fundacion-biodiversidad.es\/en\/actualidad_home\/"},{"@type":"ListItem","position":3,"name":"We promote a land stewardship program to improve the habitat of the marbled teal"}]},{"@type":"WebSite","@id":"https:\/\/fundacion-biodiversidad.es\/en\/#website","url":"https:\/\/fundacion-biodiversidad.es\/en\/","name":"Fundaci\u00f3n Biodiversidad","description":"Fundaci\u00f3n p\u00fablica adscrita al Ministerio para la Transici\u00f3n Ecol\u00f3gica","potentialAction":[{"@type":"SearchAction","target":{"@type":"EntryPoint","urlTemplate":"https:\/\/fundacion-biodiversidad.es\/en\/?s={search_term_string}"},"query-input":{"@type":"PropertyValueSpecification","valueRequired":true,"valueName":"search_term_string"}}],"inLanguage":"en-US"}]}},"_links":{"self":[{"href":"https:\/\/fundacion-biodiversidad.es\/en\/wp-json\/wp\/v2\/actualidad_home\/97858752","targetHints":{"allow":["GET"]}}],"collection":[{"href":"https:\/\/fundacion-biodiversidad.es\/en\/wp-json\/wp\/v2\/actualidad_home"}],"about":[{"href":"https:\/\/fundacion-biodiversidad.es\/en\/wp-json\/wp\/v2\/types\/actualidad_home"}],"author":[{"embeddable":true,"href":"https:\/\/fundacion-biodiversidad.es\/en\/wp-json\/wp\/v2\/users\/11"}],"wp:featuredmedia":[{"embeddable":true,"href":"https:\/\/fundacion-biodiversidad.es\/en\/wp-json\/wp\/v2\/media\/45627"}],"wp:attachment":[{"href":"https:\/\/fundacion-biodiversidad.es\/en\/wp-json\/wp\/v2\/media?parent=97858752"}],"wp:term":[{"taxonomy":"palabras_clave","embeddable":true,"href":"https:\/\/fundacion-biodiversidad.es\/en\/wp-json\/wp\/v2\/palabras_clave?post=97858752"}],"curies":[{"name":"wp","href":"https:\/\/api.w.org\/{rel}","templated":true}]}}