{"id":97858757,"date":"2023-02-22T09:18:22","date_gmt":"2023-02-22T08:18:22","guid":{"rendered":"https:\/\/fundacion-biodiversidad.es\/actualidad_home\/we-launch-the-educational-project-the-school-travels-through-the-ocean-with-natura-and-marina\/"},"modified":"2023-02-22T09:18:22","modified_gmt":"2023-02-22T08:18:22","slug":"we-launch-the-educational-project-the-school-travels-through-the-ocean-with-natura-and-marina","status":"publish","type":"actualidad_home","link":"https:\/\/fundacion-biodiversidad.es\/en\/actualidad_home\/we-launch-the-educational-project-the-school-travels-through-the-ocean-with-natura-and-marina\/","title":{"rendered":"We launch the educational project &#8220;The school travels through the ocean with Natura and Marina&#8221;"},"content":{"rendered":"<p>We are launching the educational project &#8220;The school travels the ocean with Natura and Marina&#8221; aimed at primary school teachers, as well as student teachers and other groups involved in school education in order to strengthen their capacities to achieve the involvement of this group in the <strong>enhancement of the marine Natura 2000 Network in the school curriculum.<\/strong> Specifically, the first online awareness sessions &#8220;Opportunities to green schools with the integration of marine Natura 2000 Network content in the school environment&#8221; have already been carried out to present this educational project in Melilla, with the collaboration of the Ministry of Education and Vocational Training and the Ministry of Education of Melilla.<br \/>\n<strong> 34 teachers from 11 schools in the autonomous city of Melilla participated<\/strong> in this first online session and face-to-face training will soon be offered in each center. This action is <strong>aligned with the training strategy of the <a href=\"http:\/\/intemares.es\/\">LIFE INTEMARES<\/a> project<\/strong> and is part of the training plan for the public administrations responsible for the management of the marine Natura 2000 Network, which is coordinated by the Biodiversity Foundation of the Ministry for the Ecological Transition and the Demographic Challenge (MITECO) and which has the support of the Recovery Plan.  Transformation and Resilience (PRTR), financed by the European Union&#8217;s NextGeneration funds. &#8220;The school travels through the ocean with Natura y Marina&#8221; is an <strong>educational tool with a participatory methodological approach<\/strong>, which promotes the acquisition of skills and knowledge related to the conservation of the marine environment through research and play. Within this framework, a series of educational materials have been published, available on our website:<\/p>\n<p><a href=\"https:\/\/fundacion-biodiversidad.es\/wp-content\/uploads\/2023\/02\/00_Folleto-Curso-Red-Natura-2000-docentes.pdf\">Informative brochure<\/a><\/p>\n<p><a href=\"https:\/\/fundacion-biodiversidad.es\/wp-content\/uploads\/2023\/02\/01_Guia-didactica-Red-Natura-2000.pdf\">Tutorial<\/a><\/p>\n<p><a href=\"https:\/\/fundacion-biodiversidad.es\/wp-content\/uploads\/2023\/02\/02_Propuesta-didactica-RN2KM-actividades-y-retos.pdf\">Didactic proposal or itinerary<\/a><\/p>\n<p>We continue to work with the different ministries of education throughout Spain to launch the educational project in other autonomous communities. Those educational centers interested in participating in the training of the project can request it by contacting proyectoseuropeos@fundacion-biodiversidad.es. <\/p>\n<p><strong>The largest network of protected areas<\/strong><\/p>\n<p>The Natura 2000 Network is the European Union&#8217;s main commitment to <strong>the conservation of biodiversity<\/strong>. The Biodiversity Foundation of the Ministry for the Ecological Transition and the Demographic Challenge (MITECO) is working to achieve this goal, involving not only managers and agents involved but also citizens as a whole. <\/p>\n","protected":false},"author":11,"featured_media":45552,"template":"","meta":{"_acf_changed":false},"palabras_clave":[],"class_list":["post-97858757","actualidad_home","type-actualidad_home","status-publish","has-post-thumbnail","hentry"],"acf":[],"yoast_head":"<!-- This site is optimized with the Yoast SEO plugin v26.9 - https:\/\/yoast.com\/product\/yoast-seo-wordpress\/ -->\n<title>We launch the educational project &quot;The school travels through the ocean with Natura and Marina&quot; - Fundaci\u00f3n Biodiversidad<\/title>\n<meta name=\"robots\" content=\"index, follow, max-snippet:-1, max-image-preview:large, max-video-preview:-1\" \/>\n<link rel=\"canonical\" href=\"https:\/\/fundacion-biodiversidad.es\/en\/actualidad_home\/we-launch-the-educational-project-the-school-travels-through-the-ocean-with-natura-and-marina\/\" \/>\n<meta property=\"og:locale\" content=\"en_US\" \/>\n<meta property=\"og:type\" content=\"article\" \/>\n<meta property=\"og:title\" content=\"We launch the educational project &quot;The school travels through the ocean with Natura and Marina&quot; - Fundaci\u00f3n Biodiversidad\" \/>\n<meta property=\"og:description\" content=\"We are launching the educational project &#8220;The school travels the ocean with Natura and Marina&#8221; aimed at primary school teachers, as well as student teachers [&hellip;]\" \/>\n<meta property=\"og:url\" content=\"https:\/\/fundacion-biodiversidad.es\/en\/actualidad_home\/we-launch-the-educational-project-the-school-travels-through-the-ocean-with-natura-and-marina\/\" \/>\n<meta property=\"og:site_name\" content=\"Fundaci\u00f3n Biodiversidad\" \/>\n<meta property=\"og:image\" content=\"https:\/\/fundacion-biodiversidad.es\/wp-content\/uploads\/2023\/01\/2487661294_35330241_720x405.png\" \/>\n\t<meta property=\"og:image:width\" content=\"720\" \/>\n\t<meta property=\"og:image:height\" content=\"405\" \/>\n\t<meta property=\"og:image:type\" content=\"image\/png\" \/>\n<meta name=\"twitter:card\" content=\"summary_large_image\" \/>\n<meta name=\"twitter:label1\" content=\"Est. reading time\" \/>\n\t<meta name=\"twitter:data1\" content=\"2 minutes\" \/>\n<script type=\"application\/ld+json\" class=\"yoast-schema-graph\">{\"@context\":\"https:\/\/schema.org\",\"@graph\":[{\"@type\":\"WebPage\",\"@id\":\"https:\/\/fundacion-biodiversidad.es\/en\/actualidad_home\/we-launch-the-educational-project-the-school-travels-through-the-ocean-with-natura-and-marina\/\",\"url\":\"https:\/\/fundacion-biodiversidad.es\/en\/actualidad_home\/we-launch-the-educational-project-the-school-travels-through-the-ocean-with-natura-and-marina\/\",\"name\":\"We launch the educational project \\\"The school travels through the ocean with Natura and Marina\\\" - Fundaci\u00f3n Biodiversidad\",\"isPartOf\":{\"@id\":\"https:\/\/fundacion-biodiversidad.es\/en\/#website\"},\"primaryImageOfPage\":{\"@id\":\"https:\/\/fundacion-biodiversidad.es\/en\/actualidad_home\/we-launch-the-educational-project-the-school-travels-through-the-ocean-with-natura-and-marina\/#primaryimage\"},\"image\":{\"@id\":\"https:\/\/fundacion-biodiversidad.es\/en\/actualidad_home\/we-launch-the-educational-project-the-school-travels-through-the-ocean-with-natura-and-marina\/#primaryimage\"},\"thumbnailUrl\":\"https:\/\/fundacion-biodiversidad.es\/wp-content\/uploads\/2023\/02\/R6G9O40.jpg\",\"datePublished\":\"2023-02-22T08:18:22+00:00\",\"breadcrumb\":{\"@id\":\"https:\/\/fundacion-biodiversidad.es\/en\/actualidad_home\/we-launch-the-educational-project-the-school-travels-through-the-ocean-with-natura-and-marina\/#breadcrumb\"},\"inLanguage\":\"en-US\",\"potentialAction\":[{\"@type\":\"ReadAction\",\"target\":[\"https:\/\/fundacion-biodiversidad.es\/en\/actualidad_home\/we-launch-the-educational-project-the-school-travels-through-the-ocean-with-natura-and-marina\/\"]}]},{\"@type\":\"ImageObject\",\"inLanguage\":\"en-US\",\"@id\":\"https:\/\/fundacion-biodiversidad.es\/en\/actualidad_home\/we-launch-the-educational-project-the-school-travels-through-the-ocean-with-natura-and-marina\/#primaryimage\",\"url\":\"https:\/\/fundacion-biodiversidad.es\/wp-content\/uploads\/2023\/02\/R6G9O40.jpg\",\"contentUrl\":\"https:\/\/fundacion-biodiversidad.es\/wp-content\/uploads\/2023\/02\/R6G9O40.jpg\",\"width\":1200,\"height\":628},{\"@type\":\"BreadcrumbList\",\"@id\":\"https:\/\/fundacion-biodiversidad.es\/en\/actualidad_home\/we-launch-the-educational-project-the-school-travels-through-the-ocean-with-natura-and-marina\/#breadcrumb\",\"itemListElement\":[{\"@type\":\"ListItem\",\"position\":1,\"name\":\"Portada\",\"item\":\"https:\/\/fundacion-biodiversidad.es\/en\/inicio\/\"},{\"@type\":\"ListItem\",\"position\":2,\"name\":\"Noticias de actualidad\",\"item\":\"https:\/\/fundacion-biodiversidad.es\/en\/actualidad_home\/\"},{\"@type\":\"ListItem\",\"position\":3,\"name\":\"We launch the educational project &#8220;The school travels through the ocean with Natura and Marina&#8221;\"}]},{\"@type\":\"WebSite\",\"@id\":\"https:\/\/fundacion-biodiversidad.es\/en\/#website\",\"url\":\"https:\/\/fundacion-biodiversidad.es\/en\/\",\"name\":\"Fundaci\u00f3n Biodiversidad\",\"description\":\"Fundaci\u00f3n p\u00fablica adscrita al Ministerio para la Transici\u00f3n Ecol\u00f3gica\",\"potentialAction\":[{\"@type\":\"SearchAction\",\"target\":{\"@type\":\"EntryPoint\",\"urlTemplate\":\"https:\/\/fundacion-biodiversidad.es\/en\/?s={search_term_string}\"},\"query-input\":{\"@type\":\"PropertyValueSpecification\",\"valueRequired\":true,\"valueName\":\"search_term_string\"}}],\"inLanguage\":\"en-US\"}]}<\/script>\n<!-- \/ Yoast SEO plugin. -->","yoast_head_json":{"title":"We launch the educational project \"The school travels through the ocean with Natura and Marina\" - Fundaci\u00f3n Biodiversidad","robots":{"index":"index","follow":"follow","max-snippet":"max-snippet:-1","max-image-preview":"max-image-preview:large","max-video-preview":"max-video-preview:-1"},"canonical":"https:\/\/fundacion-biodiversidad.es\/en\/actualidad_home\/we-launch-the-educational-project-the-school-travels-through-the-ocean-with-natura-and-marina\/","og_locale":"en_US","og_type":"article","og_title":"We launch the educational project \"The school travels through the ocean with Natura and Marina\" - Fundaci\u00f3n Biodiversidad","og_description":"We are launching the educational project &#8220;The school travels the ocean with Natura and Marina&#8221; aimed at primary school teachers, as well as student teachers [&hellip;]","og_url":"https:\/\/fundacion-biodiversidad.es\/en\/actualidad_home\/we-launch-the-educational-project-the-school-travels-through-the-ocean-with-natura-and-marina\/","og_site_name":"Fundaci\u00f3n Biodiversidad","og_image":[{"width":720,"height":405,"url":"https:\/\/fundacion-biodiversidad.es\/wp-content\/uploads\/2023\/01\/2487661294_35330241_720x405.png","type":"image\/png"}],"twitter_card":"summary_large_image","twitter_misc":{"Est. reading time":"2 minutes"},"schema":{"@context":"https:\/\/schema.org","@graph":[{"@type":"WebPage","@id":"https:\/\/fundacion-biodiversidad.es\/en\/actualidad_home\/we-launch-the-educational-project-the-school-travels-through-the-ocean-with-natura-and-marina\/","url":"https:\/\/fundacion-biodiversidad.es\/en\/actualidad_home\/we-launch-the-educational-project-the-school-travels-through-the-ocean-with-natura-and-marina\/","name":"We launch the educational project \"The school travels through the ocean with Natura and Marina\" - Fundaci\u00f3n Biodiversidad","isPartOf":{"@id":"https:\/\/fundacion-biodiversidad.es\/en\/#website"},"primaryImageOfPage":{"@id":"https:\/\/fundacion-biodiversidad.es\/en\/actualidad_home\/we-launch-the-educational-project-the-school-travels-through-the-ocean-with-natura-and-marina\/#primaryimage"},"image":{"@id":"https:\/\/fundacion-biodiversidad.es\/en\/actualidad_home\/we-launch-the-educational-project-the-school-travels-through-the-ocean-with-natura-and-marina\/#primaryimage"},"thumbnailUrl":"https:\/\/fundacion-biodiversidad.es\/wp-content\/uploads\/2023\/02\/R6G9O40.jpg","datePublished":"2023-02-22T08:18:22+00:00","breadcrumb":{"@id":"https:\/\/fundacion-biodiversidad.es\/en\/actualidad_home\/we-launch-the-educational-project-the-school-travels-through-the-ocean-with-natura-and-marina\/#breadcrumb"},"inLanguage":"en-US","potentialAction":[{"@type":"ReadAction","target":["https:\/\/fundacion-biodiversidad.es\/en\/actualidad_home\/we-launch-the-educational-project-the-school-travels-through-the-ocean-with-natura-and-marina\/"]}]},{"@type":"ImageObject","inLanguage":"en-US","@id":"https:\/\/fundacion-biodiversidad.es\/en\/actualidad_home\/we-launch-the-educational-project-the-school-travels-through-the-ocean-with-natura-and-marina\/#primaryimage","url":"https:\/\/fundacion-biodiversidad.es\/wp-content\/uploads\/2023\/02\/R6G9O40.jpg","contentUrl":"https:\/\/fundacion-biodiversidad.es\/wp-content\/uploads\/2023\/02\/R6G9O40.jpg","width":1200,"height":628},{"@type":"BreadcrumbList","@id":"https:\/\/fundacion-biodiversidad.es\/en\/actualidad_home\/we-launch-the-educational-project-the-school-travels-through-the-ocean-with-natura-and-marina\/#breadcrumb","itemListElement":[{"@type":"ListItem","position":1,"name":"Portada","item":"https:\/\/fundacion-biodiversidad.es\/en\/inicio\/"},{"@type":"ListItem","position":2,"name":"Noticias de actualidad","item":"https:\/\/fundacion-biodiversidad.es\/en\/actualidad_home\/"},{"@type":"ListItem","position":3,"name":"We launch the educational project &#8220;The school travels through the ocean with Natura and Marina&#8221;"}]},{"@type":"WebSite","@id":"https:\/\/fundacion-biodiversidad.es\/en\/#website","url":"https:\/\/fundacion-biodiversidad.es\/en\/","name":"Fundaci\u00f3n Biodiversidad","description":"Fundaci\u00f3n p\u00fablica adscrita al Ministerio para la Transici\u00f3n Ecol\u00f3gica","potentialAction":[{"@type":"SearchAction","target":{"@type":"EntryPoint","urlTemplate":"https:\/\/fundacion-biodiversidad.es\/en\/?s={search_term_string}"},"query-input":{"@type":"PropertyValueSpecification","valueRequired":true,"valueName":"search_term_string"}}],"inLanguage":"en-US"}]}},"_links":{"self":[{"href":"https:\/\/fundacion-biodiversidad.es\/en\/wp-json\/wp\/v2\/actualidad_home\/97858757","targetHints":{"allow":["GET"]}}],"collection":[{"href":"https:\/\/fundacion-biodiversidad.es\/en\/wp-json\/wp\/v2\/actualidad_home"}],"about":[{"href":"https:\/\/fundacion-biodiversidad.es\/en\/wp-json\/wp\/v2\/types\/actualidad_home"}],"author":[{"embeddable":true,"href":"https:\/\/fundacion-biodiversidad.es\/en\/wp-json\/wp\/v2\/users\/11"}],"wp:featuredmedia":[{"embeddable":true,"href":"https:\/\/fundacion-biodiversidad.es\/en\/wp-json\/wp\/v2\/media\/45552"}],"wp:attachment":[{"href":"https:\/\/fundacion-biodiversidad.es\/en\/wp-json\/wp\/v2\/media?parent=97858757"}],"wp:term":[{"taxonomy":"palabras_clave","embeddable":true,"href":"https:\/\/fundacion-biodiversidad.es\/en\/wp-json\/wp\/v2\/palabras_clave?post=97858757"}],"curies":[{"name":"wp","href":"https:\/\/api.w.org\/{rel}","templated":true}]}}