{"id":97858765,"date":"2023-02-08T13:50:04","date_gmt":"2023-02-08T12:50:04","guid":{"rendered":"https:\/\/fundacion-biodiversidad.es\/actualidad_home\/the-biodiversity-foundation-premieres-a-play-to-raise-awareness-about-the-importance-of-the-ocean-and-its-protection\/"},"modified":"2023-02-08T13:50:04","modified_gmt":"2023-02-08T12:50:04","slug":"the-biodiversity-foundation-premieres-a-play-to-raise-awareness-about-the-importance-of-the-ocean-and-its-protection","status":"publish","type":"actualidad_home","link":"https:\/\/fundacion-biodiversidad.es\/en\/actualidad_home\/the-biodiversity-foundation-premieres-a-play-to-raise-awareness-about-the-importance-of-the-ocean-and-its-protection\/","title":{"rendered":"The Biodiversity Foundation premieres a play to raise awareness about the importance of the ocean and its protection"},"content":{"rendered":"<p>The LIFE INTEMARES project, coordinated by the Biodiversity Foundation of the Ministry for Ecological Transition and the Demographic Challenge, premieres this Saturday, January 14, the <strong>play &#8220;The Invisible Diver&#8221;,<\/strong> which uses art and emotions to convey the<strong> importance of the ocean<\/strong> and the species and habitats it houses. This work is part of the project&#8217;s awareness programme, which aims <strong>to raise awareness in society about the value and importance of the marine protected areas<\/strong> of the Natura 2000 Network in Spain. The piece, directed by the company El Gato Son\u00e1mbulo, tells the story of a sixty-year-old writer who enjoyed great influence two decades ago. One night he has a strange dream in which the sky becomes a great ocean that floods everything. In the middle of that fantasy, <strong>a strange diver will appear who has an important message for her.<\/strong> What she tells her will completely transform the woman and the course of her future. Through this meeting, concepts such as the ecosystem services provided by the ocean, its threats or the great biodiversity that we find in it are discussed. The premiere of the play will take place this Saturday, January 14, at the Sala Pangol\u00ed in Barcelona, a place that will host four other performances during the month of January. In addition, the function will soon be available in digital format on the <a href=\"http:\/\/www.descubrenatura2000marina.es\">www.descubrenatura2000marina.es<\/a> website. After the performance of the work, a colloquium will be held with the purpose of <strong>presenting in a close and informal way the process of creation of the work,<\/strong> as well as highlighting key concepts and connections that unite the scientific and artistic fields. Representatives of the MITECO Biodiversity Foundation, the theatre company El Gato Son\u00e1mbulo and Submon, a collaborating organisation in the development of the different tools that make up the awareness programme of the LIFE project, will participate in this dialogue. In addition, with the aim of bringing the different resources developed closer to society, an event will be held <strong>to present the awareness programme in five Spanish cities,<\/strong> a unique opportunity to learn about the set of resources and try some of the experiences proposed, such as an <em>escape room<\/em> or virtual reality videos. The first of these events took place today in Barcelona, which will be followed by those in <a href=\"https:\/\/www.eventbrite.es\/e\/entradas-mision-natura-2000-marina-487466765217\">Valencia<\/a>, on January 16; <a href=\"https:\/\/www.eventbrite.es\/e\/entradas-mision-natura-2000-marina-487470215537\">Bilbao<\/a>, on 19 January; <a href=\"https:\/\/www.eventbrite.es\/e\/entradas-mision-natura-2000-marina-487471589647\">Tenerife<\/a>, on January 26; and <a href=\"https:\/\/www.eventbrite.es\/e\/entradas-mision-natura-2000-marina-487474528437\">C\u00e1diz<\/a>, on March 3. To attend, it is necessary to register at the corresponding link. <strong>EFFECTIVE MANAGEMENT OF PROTECTED AREAS<\/strong> The LIFE INTEMARES project advances towards the objective of achieving <strong>an effective management of the marine areas of the Natura 2000 Network<\/strong>, with the active participation of the sectors involved and with research as basic tools.             The Biodiversity Foundation of the Ministry for Ecological Transition and the Demographic Challenge coordinates the project. The Ministry itself, through the Directorate-General for Biodiversity, Forests and Desertification and the Sub-Directorate for the Protection of the Sea; the Regional Government of Andalusia, through the Ministry of Sustainability, Environment and Blue Economy, as well as the Environment and Water Agency; the Spanish Institute of Oceanography (IEO-CSIC); AZTI; the University of Alicante; the Polytechnic University of Valencia; the Spanish Fisheries Confederation, SEO\/BirdLife and WWF Spain. It is supported by the LIFE Program of the European Union.<\/p>\n","protected":false},"author":11,"featured_media":45389,"template":"","meta":{"_acf_changed":false},"palabras_clave":[],"class_list":["post-97858765","actualidad_home","type-actualidad_home","status-publish","has-post-thumbnail","hentry"],"acf":[],"yoast_head":"<!-- This site is optimized with the Yoast SEO plugin v26.9 - https:\/\/yoast.com\/product\/yoast-seo-wordpress\/ -->\n<title>The Biodiversity Foundation premieres a play to raise awareness about the importance of the ocean and its protection - Fundaci\u00f3n Biodiversidad<\/title>\n<meta name=\"robots\" content=\"index, follow, max-snippet:-1, max-image-preview:large, max-video-preview:-1\" \/>\n<link rel=\"canonical\" href=\"https:\/\/fundacion-biodiversidad.es\/en\/actualidad_home\/the-biodiversity-foundation-premieres-a-play-to-raise-awareness-about-the-importance-of-the-ocean-and-its-protection\/\" \/>\n<meta property=\"og:locale\" content=\"en_US\" \/>\n<meta property=\"og:type\" content=\"article\" \/>\n<meta property=\"og:title\" content=\"The Biodiversity Foundation premieres a play to raise awareness about the importance of the ocean and its protection - Fundaci\u00f3n Biodiversidad\" \/>\n<meta property=\"og:description\" content=\"The LIFE INTEMARES project, coordinated by the Biodiversity Foundation of the Ministry for Ecological Transition and the Demographic Challenge, premieres this Saturday, January 14, the [&hellip;]\" \/>\n<meta property=\"og:url\" content=\"https:\/\/fundacion-biodiversidad.es\/en\/actualidad_home\/the-biodiversity-foundation-premieres-a-play-to-raise-awareness-about-the-importance-of-the-ocean-and-its-protection\/\" \/>\n<meta property=\"og:site_name\" content=\"Fundaci\u00f3n Biodiversidad\" \/>\n<meta property=\"og:image\" content=\"https:\/\/fundacion-biodiversidad.es\/wp-content\/uploads\/2023\/01\/el-Buzo-Invisible-300x300.jpg\" \/>\n<meta name=\"twitter:card\" content=\"summary_large_image\" \/>\n<meta name=\"twitter:image\" content=\"https:\/\/fundacion-biodiversidad.es\/wp-content\/uploads\/2023\/01\/el-Buzo-Invisible-1024x1024.jpg\" \/>\n<meta name=\"twitter:label1\" content=\"Est. reading time\" \/>\n\t<meta name=\"twitter:data1\" content=\"3 minutes\" \/>\n<script type=\"application\/ld+json\" class=\"yoast-schema-graph\">{\"@context\":\"https:\/\/schema.org\",\"@graph\":[{\"@type\":\"WebPage\",\"@id\":\"https:\/\/fundacion-biodiversidad.es\/en\/actualidad_home\/the-biodiversity-foundation-premieres-a-play-to-raise-awareness-about-the-importance-of-the-ocean-and-its-protection\/\",\"url\":\"https:\/\/fundacion-biodiversidad.es\/en\/actualidad_home\/the-biodiversity-foundation-premieres-a-play-to-raise-awareness-about-the-importance-of-the-ocean-and-its-protection\/\",\"name\":\"The Biodiversity Foundation premieres a play to raise awareness about the importance of the ocean and its protection - Fundaci\u00f3n Biodiversidad\",\"isPartOf\":{\"@id\":\"https:\/\/fundacion-biodiversidad.es\/en\/#website\"},\"primaryImageOfPage\":{\"@id\":\"https:\/\/fundacion-biodiversidad.es\/en\/actualidad_home\/the-biodiversity-foundation-premieres-a-play-to-raise-awareness-about-the-importance-of-the-ocean-and-its-protection\/#primaryimage\"},\"image\":{\"@id\":\"https:\/\/fundacion-biodiversidad.es\/en\/actualidad_home\/the-biodiversity-foundation-premieres-a-play-to-raise-awareness-about-the-importance-of-the-ocean-and-its-protection\/#primaryimage\"},\"thumbnailUrl\":\"https:\/\/fundacion-biodiversidad.es\/wp-content\/uploads\/2023\/01\/el-Buzo-Invisible.jpg\",\"datePublished\":\"2023-02-08T12:50:04+00:00\",\"breadcrumb\":{\"@id\":\"https:\/\/fundacion-biodiversidad.es\/en\/actualidad_home\/the-biodiversity-foundation-premieres-a-play-to-raise-awareness-about-the-importance-of-the-ocean-and-its-protection\/#breadcrumb\"},\"inLanguage\":\"en-US\",\"potentialAction\":[{\"@type\":\"ReadAction\",\"target\":[\"https:\/\/fundacion-biodiversidad.es\/en\/actualidad_home\/the-biodiversity-foundation-premieres-a-play-to-raise-awareness-about-the-importance-of-the-ocean-and-its-protection\/\"]}]},{\"@type\":\"ImageObject\",\"inLanguage\":\"en-US\",\"@id\":\"https:\/\/fundacion-biodiversidad.es\/en\/actualidad_home\/the-biodiversity-foundation-premieres-a-play-to-raise-awareness-about-the-importance-of-the-ocean-and-its-protection\/#primaryimage\",\"url\":\"https:\/\/fundacion-biodiversidad.es\/wp-content\/uploads\/2023\/01\/el-Buzo-Invisible.jpg\",\"contentUrl\":\"https:\/\/fundacion-biodiversidad.es\/wp-content\/uploads\/2023\/01\/el-Buzo-Invisible.jpg\",\"width\":2480,\"height\":2480},{\"@type\":\"BreadcrumbList\",\"@id\":\"https:\/\/fundacion-biodiversidad.es\/en\/actualidad_home\/the-biodiversity-foundation-premieres-a-play-to-raise-awareness-about-the-importance-of-the-ocean-and-its-protection\/#breadcrumb\",\"itemListElement\":[{\"@type\":\"ListItem\",\"position\":1,\"name\":\"Portada\",\"item\":\"https:\/\/fundacion-biodiversidad.es\/en\/inicio\/\"},{\"@type\":\"ListItem\",\"position\":2,\"name\":\"Noticias de actualidad\",\"item\":\"https:\/\/fundacion-biodiversidad.es\/en\/actualidad_home\/\"},{\"@type\":\"ListItem\",\"position\":3,\"name\":\"The Biodiversity Foundation premieres a play to raise awareness about the importance of the ocean and its protection\"}]},{\"@type\":\"WebSite\",\"@id\":\"https:\/\/fundacion-biodiversidad.es\/en\/#website\",\"url\":\"https:\/\/fundacion-biodiversidad.es\/en\/\",\"name\":\"Fundaci\u00f3n Biodiversidad\",\"description\":\"Fundaci\u00f3n p\u00fablica adscrita al Ministerio para la Transici\u00f3n Ecol\u00f3gica\",\"potentialAction\":[{\"@type\":\"SearchAction\",\"target\":{\"@type\":\"EntryPoint\",\"urlTemplate\":\"https:\/\/fundacion-biodiversidad.es\/en\/?s={search_term_string}\"},\"query-input\":{\"@type\":\"PropertyValueSpecification\",\"valueRequired\":true,\"valueName\":\"search_term_string\"}}],\"inLanguage\":\"en-US\"}]}<\/script>\n<!-- \/ Yoast SEO plugin. -->","yoast_head_json":{"title":"The Biodiversity Foundation premieres a play to raise awareness about the importance of the ocean and its protection - Fundaci\u00f3n Biodiversidad","robots":{"index":"index","follow":"follow","max-snippet":"max-snippet:-1","max-image-preview":"max-image-preview:large","max-video-preview":"max-video-preview:-1"},"canonical":"https:\/\/fundacion-biodiversidad.es\/en\/actualidad_home\/the-biodiversity-foundation-premieres-a-play-to-raise-awareness-about-the-importance-of-the-ocean-and-its-protection\/","og_locale":"en_US","og_type":"article","og_title":"The Biodiversity Foundation premieres a play to raise awareness about the importance of the ocean and its protection - Fundaci\u00f3n Biodiversidad","og_description":"The LIFE INTEMARES project, coordinated by the Biodiversity Foundation of the Ministry for Ecological Transition and the Demographic Challenge, premieres this Saturday, January 14, the [&hellip;]","og_url":"https:\/\/fundacion-biodiversidad.es\/en\/actualidad_home\/the-biodiversity-foundation-premieres-a-play-to-raise-awareness-about-the-importance-of-the-ocean-and-its-protection\/","og_site_name":"Fundaci\u00f3n Biodiversidad","og_image":[{"url":"https:\/\/fundacion-biodiversidad.es\/wp-content\/uploads\/2023\/01\/el-Buzo-Invisible-300x300.jpg","type":"","width":"","height":""}],"twitter_card":"summary_large_image","twitter_image":"https:\/\/fundacion-biodiversidad.es\/wp-content\/uploads\/2023\/01\/el-Buzo-Invisible-1024x1024.jpg","twitter_misc":{"Est. reading time":"3 minutes"},"schema":{"@context":"https:\/\/schema.org","@graph":[{"@type":"WebPage","@id":"https:\/\/fundacion-biodiversidad.es\/en\/actualidad_home\/the-biodiversity-foundation-premieres-a-play-to-raise-awareness-about-the-importance-of-the-ocean-and-its-protection\/","url":"https:\/\/fundacion-biodiversidad.es\/en\/actualidad_home\/the-biodiversity-foundation-premieres-a-play-to-raise-awareness-about-the-importance-of-the-ocean-and-its-protection\/","name":"The Biodiversity Foundation premieres a play to raise awareness about the importance of the ocean and its protection - Fundaci\u00f3n Biodiversidad","isPartOf":{"@id":"https:\/\/fundacion-biodiversidad.es\/en\/#website"},"primaryImageOfPage":{"@id":"https:\/\/fundacion-biodiversidad.es\/en\/actualidad_home\/the-biodiversity-foundation-premieres-a-play-to-raise-awareness-about-the-importance-of-the-ocean-and-its-protection\/#primaryimage"},"image":{"@id":"https:\/\/fundacion-biodiversidad.es\/en\/actualidad_home\/the-biodiversity-foundation-premieres-a-play-to-raise-awareness-about-the-importance-of-the-ocean-and-its-protection\/#primaryimage"},"thumbnailUrl":"https:\/\/fundacion-biodiversidad.es\/wp-content\/uploads\/2023\/01\/el-Buzo-Invisible.jpg","datePublished":"2023-02-08T12:50:04+00:00","breadcrumb":{"@id":"https:\/\/fundacion-biodiversidad.es\/en\/actualidad_home\/the-biodiversity-foundation-premieres-a-play-to-raise-awareness-about-the-importance-of-the-ocean-and-its-protection\/#breadcrumb"},"inLanguage":"en-US","potentialAction":[{"@type":"ReadAction","target":["https:\/\/fundacion-biodiversidad.es\/en\/actualidad_home\/the-biodiversity-foundation-premieres-a-play-to-raise-awareness-about-the-importance-of-the-ocean-and-its-protection\/"]}]},{"@type":"ImageObject","inLanguage":"en-US","@id":"https:\/\/fundacion-biodiversidad.es\/en\/actualidad_home\/the-biodiversity-foundation-premieres-a-play-to-raise-awareness-about-the-importance-of-the-ocean-and-its-protection\/#primaryimage","url":"https:\/\/fundacion-biodiversidad.es\/wp-content\/uploads\/2023\/01\/el-Buzo-Invisible.jpg","contentUrl":"https:\/\/fundacion-biodiversidad.es\/wp-content\/uploads\/2023\/01\/el-Buzo-Invisible.jpg","width":2480,"height":2480},{"@type":"BreadcrumbList","@id":"https:\/\/fundacion-biodiversidad.es\/en\/actualidad_home\/the-biodiversity-foundation-premieres-a-play-to-raise-awareness-about-the-importance-of-the-ocean-and-its-protection\/#breadcrumb","itemListElement":[{"@type":"ListItem","position":1,"name":"Portada","item":"https:\/\/fundacion-biodiversidad.es\/en\/inicio\/"},{"@type":"ListItem","position":2,"name":"Noticias de actualidad","item":"https:\/\/fundacion-biodiversidad.es\/en\/actualidad_home\/"},{"@type":"ListItem","position":3,"name":"The Biodiversity Foundation premieres a play to raise awareness about the importance of the ocean and its protection"}]},{"@type":"WebSite","@id":"https:\/\/fundacion-biodiversidad.es\/en\/#website","url":"https:\/\/fundacion-biodiversidad.es\/en\/","name":"Fundaci\u00f3n Biodiversidad","description":"Fundaci\u00f3n p\u00fablica adscrita al Ministerio para la Transici\u00f3n Ecol\u00f3gica","potentialAction":[{"@type":"SearchAction","target":{"@type":"EntryPoint","urlTemplate":"https:\/\/fundacion-biodiversidad.es\/en\/?s={search_term_string}"},"query-input":{"@type":"PropertyValueSpecification","valueRequired":true,"valueName":"search_term_string"}}],"inLanguage":"en-US"}]}},"_links":{"self":[{"href":"https:\/\/fundacion-biodiversidad.es\/en\/wp-json\/wp\/v2\/actualidad_home\/97858765","targetHints":{"allow":["GET"]}}],"collection":[{"href":"https:\/\/fundacion-biodiversidad.es\/en\/wp-json\/wp\/v2\/actualidad_home"}],"about":[{"href":"https:\/\/fundacion-biodiversidad.es\/en\/wp-json\/wp\/v2\/types\/actualidad_home"}],"author":[{"embeddable":true,"href":"https:\/\/fundacion-biodiversidad.es\/en\/wp-json\/wp\/v2\/users\/11"}],"wp:featuredmedia":[{"embeddable":true,"href":"https:\/\/fundacion-biodiversidad.es\/en\/wp-json\/wp\/v2\/media\/45389"}],"wp:attachment":[{"href":"https:\/\/fundacion-biodiversidad.es\/en\/wp-json\/wp\/v2\/media?parent=97858765"}],"wp:term":[{"taxonomy":"palabras_clave","embeddable":true,"href":"https:\/\/fundacion-biodiversidad.es\/en\/wp-json\/wp\/v2\/palabras_clave?post=97858765"}],"curies":[{"name":"wp","href":"https:\/\/api.w.org\/{rel}","templated":true}]}}