{"id":97858767,"date":"2022-12-22T10:41:29","date_gmt":"2022-12-22T09:41:29","guid":{"rendered":"https:\/\/fundacion-biodiversidad.es\/actualidad_home\/the-biodiversity-foundation-and-the-autonomous-national-parks-agency-launch-a-series-of-actions-to-promote-green-entrepreneurship-in-biosphere-reserves\/"},"modified":"2022-12-22T10:41:29","modified_gmt":"2022-12-22T09:41:29","slug":"the-biodiversity-foundation-and-the-autonomous-national-parks-agency-launch-a-series-of-actions-to-promote-green-entrepreneurship-in-biosphere-reserves","status":"publish","type":"actualidad_home","link":"https:\/\/fundacion-biodiversidad.es\/en\/actualidad_home\/the-biodiversity-foundation-and-the-autonomous-national-parks-agency-launch-a-series-of-actions-to-promote-green-entrepreneurship-in-biosphere-reserves\/","title":{"rendered":"The Biodiversity Foundation and the Autonomous National Parks Agency launch a series of actions to promote green entrepreneurship in Biosphere Reserves"},"content":{"rendered":"<p>The Biodiversity Foundation of the Ministry for the Ecological Transition and the Demographic Challenge, with the collaboration of the <a href=\"https:\/\/www.miteco.gob.es\/es\/parques-nacionales-oapn\/default.aspx\" target=\"_blank\" rel=\"noopener\">Autonomous Agency for National Parks (OAPN)<\/a> and the Spanish Network of Biosphere Reserves (RERB), is launching &#8220;Emprendeverde en Reservas de la Biosfera&#8221;, a cycle of actions to support the creation of new green enterprises in these territories. This training cycle of the Emprendeverde Network, co-financed by the European Social Fund, is aimed at people interested in increasing their entrepreneurial skills and taking advantage of all the opportunities for entrepreneurship offered by Biosphere Reserves. &#8220;Emprendeverde en Reservas de la Biosfera&#8221; consists <b>of seven online training and advice actions <\/b><i><b><\/b> aimed at entrepreneurs<\/i> <\/p>\n<p> <span lang=\"es-ES-u-co-trad\">who want to create a new venture that contributes to green recovery, the conservation of biodiversity, and to promote a fair ecological transition. Priority will be given to people who want to start a green business in towns located in Biosphere Reserves. <\/span><\/p>\n<p>&nbsp;<\/p>\n<p><b>The seven actions are differentiated according to the level of maturity of the participating entrepreneurial projects<\/b> or their proximity to the time of incorporation\/creation of the company or registration of self-employed workers:<\/p>\n<ul>\n<li><b>Training itinerary <\/b><a href=\"https:\/\/eur03.safelinks.protection.outlook.com\/?url=https%3A%2F%2Fitinerarios.emprendeverde.es%2Fitinerario-ideacion%2F&amp;data=05%7C01%7Cbruiz%40fundacion-biodiversidad.es%7C5e91fb317f8f4d3a126408dad2a6ae0c%7C3436f042c14a43a983aa80b7c420a3f3%7C0%7C0%7C638053910567644827%7CUnknown%7CTWFpbGZsb3d8eyJWIjoiMC4wLjAwMDAiLCJQIjoiV2luMzIiLCJBTiI6Ik1haWwiLCJXVCI6Mn0%3D%7C3000%7C%7C%7C&amp;sdata=j0PLpfK2FEwuHRNARGf%2FI7mOfCE1zhq%2FfMbdQpmnDr0%3D&amp;reserved=0\"><u><b>Ideation<\/b><\/u><\/a><b> &#8220;Entrepreneurship in Biosphere Reserves&#8221; <\/b>aimed at people who want to start a green business in towns located in Biosphere Reserves and who need to generate or define a business idea. The itinerary consists of 15 hours of live webinars in the afternoon and 6 hours of <i>networwing<\/i> and <b>will start at the end of January 2023<\/b>. <\/li>\n<\/ul>\n<p><u><a href=\"https:\/\/itinerarios.emprendeverde.es\/itinerario-ideacion\/\">How to participate.  <\/a><\/u><\/p>\n<ul>\n<li><a href=\"https:\/\/docs.google.com\/forms\/d\/e\/1FAIpQLSdqqjPTseUAK-j8WDqlUxtb9rmJrT_gMTWROsPj_lbiuBs-iw\/viewform\"><u><b>Open webinar<\/b><\/u><u><i><b> <\/b><\/i><\/u><u><b><\/b><\/u><b> &#8220;Entrepreneurship in Biosphere Reserves&#8221;,<\/b> which will take place on <b>January 13, 2023 at 11:00 a.m<\/b>. During this meeting, where entrepreneurs with inspiring projects underway in Biosphere Reserves will take part, the cycle of actions to support the creation of new green enterprises in Biosphere Reserves &#8220;Emprendeverde en Reservas de la Biosfera&#8221; and the services it offers depending on the degree of maturity of the company or business idea will be presented.<\/a> <\/li>\n<\/ul>\n<p><u><a href=\"https:\/\/docs.google.com\/forms\/d\/e\/1FAIpQLSdqqjPTseUAK-j8WDqlUxtb9rmJrT_gMTWROsPj_lbiuBs-iw\/viewform\">How to participate<\/a><\/u>.<\/p>\n<ul>\n<li><b>The <\/b><u><a href=\"https:\/\/itinerarios.emprendeverde.es\/\"><b>Emprendeverde training itineraries<\/b><\/a><\/u> service, which adapts to the needs of entrepreneurs and consists of webinars, training modules, <i>networking<\/i> sessions and an <i>online<\/i> learning management system for the development of entrepreneurial skills and to consolidate key theoretical and practical knowledge in the launch of socially and economically sustainable enterprises.<\/li>\n<\/ul>\n<p><u><a href=\"https:\/\/itinerarios.emprendeverde.es\/\">How to participate<\/a><\/u>. Among the options offered in this service is the <u><a href=\"https:\/\/itinerarios.emprendeverde.es\/itinerario-ideacion\/\"><b>Ideation Itinerary<\/b><\/a><\/u>, designed for those who are in a very early phase of entrepreneurship and need support to generate or define their business idea. There are two modalities of participation: live face-to-face in the morning, which consists of 15 hours of live webinars and 6 hours of <i>networwing<\/i>; and without schedules through self-guided modules in the virtual classroom, it is divided into 8 hours of virtual classroom and 6 hours of<i> networking.<\/i> <u><a href=\"https:\/\/itinerarios.emprendeverde.es\/itinerario-ideacion\/\">How to participate<\/a><\/u>. For people who already have a defined business idea, but need to mature and validate it before launching into the market, they can choose the <u><a href=\"https:\/\/itinerarios.emprendeverde.es\/itinerario-creacion\/\"><b>Creation Itinerary<\/b><\/a><\/u><b>,<\/b> focused on testing and planning future ventures. It is a group without schedules through self-guided modules in a virtual classroom, consisting of 36 hours of virtual classroom and 6 hours of <i>networking<\/i>.<\/p>\n<p><u><a href=\"https:\/\/itinerarios.emprendeverde.es\/itinerario-creacion\/\">How to participate<\/a><\/u>. Finally, for business ideas at a more advanced stage, there is the <u><a href=\"https:\/\/itinerarios.emprendeverde.es\/itinerario-de-alumni\/\"><b>Alumni Itinerary<\/b><\/a><\/u>, aimed exclusively at those who have previously participated in other entrepreneurship or business creation programs and need an action plan or final impulse to launch their business on the market. It consists of training without schedules through self-guided modules in a virtual classroom, it is divided into 12 hours of virtual classroom and 6 hours of <i>networking<\/i>. <u><a href=\"https:\/\/itinerarios.emprendeverde.es\/itinerario-de-alumni\/\">How to participate<\/a><\/u>. The three modalities of these training itineraries <b>will begin at the end of January 2023, and the registration period is open until January 22, 2023.<\/b><\/p>\n<ul>\n<li><b>The training service <\/b><u><a href=\"https:\/\/itinerarios.emprendeverde.es\/itinerario-de-alumni\/\"><b>is #TuEmpresaVerde<\/b><\/a><\/u><u><b> <\/b><\/u>It is aimed at fairly mature ventures, close to the incorporation of a company or registration as a self-employed person. The training consists of 8 hours of live webinars in the afternoon and a <i>networwing<\/i> session, which will take place between March and April 2023. <b>The registration period is open until March 1, 2023.<\/b> <\/li>\n<\/ul>\n<p><u><a href=\"https:\/\/constituye.emprendeverde.es\/\">How to participate<\/a><\/u>.<\/p>\n<ul>\n<li><a name=\"_Hlk121836357\"><\/a> <b>The advisory service <\/b><a href=\"https:\/\/itinerarios.emprendeverde.es\/itinerario-de-alumni\/\"><b>is #TuEmpresaVerde<\/b><\/a><b> <\/b>It is aimed at fairly mature ventures, close to the incorporation of a company or registration as a self-employed person. It consists of personalised advice on how to process the incorporation of green companies or register as self-employed in an optimal way, through a PAE Point (entrepreneur service point). <b>Registrations for the advisory service will be available continuously until March 2023 <\/b>and will be given individually within a few days of receiving each application for participation. <\/li>\n<\/ul>\n<p><u><a href=\"https:\/\/constituye.emprendeverde.es\/\">How to participate<\/a><\/u>.<\/p>\n<p>&nbsp;<\/p>\n","protected":false},"author":11,"featured_media":45019,"template":"","meta":{"_acf_changed":false},"palabras_clave":[],"class_list":["post-97858767","actualidad_home","type-actualidad_home","status-publish","has-post-thumbnail","hentry"],"acf":[],"yoast_head":"<!-- This site is optimized with the Yoast SEO plugin v26.9 - https:\/\/yoast.com\/product\/yoast-seo-wordpress\/ -->\n<title>The Biodiversity Foundation and the Autonomous National Parks Agency launch a series of actions to promote green entrepreneurship in Biosphere Reserves - Fundaci\u00f3n Biodiversidad<\/title>\n<meta name=\"robots\" content=\"index, follow, max-snippet:-1, max-image-preview:large, max-video-preview:-1\" \/>\n<link rel=\"canonical\" href=\"https:\/\/fundacion-biodiversidad.es\/en\/actualidad_home\/the-biodiversity-foundation-and-the-autonomous-national-parks-agency-launch-a-series-of-actions-to-promote-green-entrepreneurship-in-biosphere-reserves\/\" \/>\n<meta property=\"og:locale\" content=\"en_US\" \/>\n<meta property=\"og:type\" content=\"article\" \/>\n<meta property=\"og:title\" content=\"The Biodiversity Foundation and the Autonomous National Parks Agency launch a series of actions to promote green entrepreneurship in Biosphere Reserves - Fundaci\u00f3n Biodiversidad\" \/>\n<meta property=\"og:description\" content=\"The Biodiversity Foundation of the Ministry for the Ecological Transition and the Demographic Challenge, with the collaboration of the Autonomous Agency for National Parks (OAPN) [&hellip;]\" \/>\n<meta property=\"og:url\" content=\"https:\/\/fundacion-biodiversidad.es\/en\/actualidad_home\/the-biodiversity-foundation-and-the-autonomous-national-parks-agency-launch-a-series-of-actions-to-promote-green-entrepreneurship-in-biosphere-reserves\/\" \/>\n<meta property=\"og:site_name\" content=\"Fundaci\u00f3n Biodiversidad\" \/>\n<meta property=\"og:image\" content=\"https:\/\/fundacion-biodiversidad.es\/wp-content\/uploads\/2023\/01\/2487661294_35330241_720x405.png\" \/>\n\t<meta property=\"og:image:width\" content=\"720\" \/>\n\t<meta property=\"og:image:height\" content=\"405\" \/>\n\t<meta property=\"og:image:type\" content=\"image\/png\" \/>\n<meta name=\"twitter:card\" content=\"summary_large_image\" \/>\n<meta name=\"twitter:label1\" content=\"Est. reading time\" \/>\n\t<meta name=\"twitter:data1\" content=\"4 minutes\" \/>\n<script type=\"application\/ld+json\" class=\"yoast-schema-graph\">{\"@context\":\"https:\/\/schema.org\",\"@graph\":[{\"@type\":\"WebPage\",\"@id\":\"https:\/\/fundacion-biodiversidad.es\/en\/actualidad_home\/the-biodiversity-foundation-and-the-autonomous-national-parks-agency-launch-a-series-of-actions-to-promote-green-entrepreneurship-in-biosphere-reserves\/\",\"url\":\"https:\/\/fundacion-biodiversidad.es\/en\/actualidad_home\/the-biodiversity-foundation-and-the-autonomous-national-parks-agency-launch-a-series-of-actions-to-promote-green-entrepreneurship-in-biosphere-reserves\/\",\"name\":\"The Biodiversity Foundation and the Autonomous National Parks Agency launch a series of actions to promote green entrepreneurship in Biosphere Reserves - Fundaci\u00f3n Biodiversidad\",\"isPartOf\":{\"@id\":\"https:\/\/fundacion-biodiversidad.es\/en\/#website\"},\"primaryImageOfPage\":{\"@id\":\"https:\/\/fundacion-biodiversidad.es\/en\/actualidad_home\/the-biodiversity-foundation-and-the-autonomous-national-parks-agency-launch-a-series-of-actions-to-promote-green-entrepreneurship-in-biosphere-reserves\/#primaryimage\"},\"image\":{\"@id\":\"https:\/\/fundacion-biodiversidad.es\/en\/actualidad_home\/the-biodiversity-foundation-and-the-autonomous-national-parks-agency-launch-a-series-of-actions-to-promote-green-entrepreneurship-in-biosphere-reserves\/#primaryimage\"},\"thumbnailUrl\":\"https:\/\/fundacion-biodiversidad.es\/wp-content\/uploads\/2022\/12\/Emprendeverde-en-RB-02-scaled.jpg\",\"datePublished\":\"2022-12-22T09:41:29+00:00\",\"breadcrumb\":{\"@id\":\"https:\/\/fundacion-biodiversidad.es\/en\/actualidad_home\/the-biodiversity-foundation-and-the-autonomous-national-parks-agency-launch-a-series-of-actions-to-promote-green-entrepreneurship-in-biosphere-reserves\/#breadcrumb\"},\"inLanguage\":\"en-US\",\"potentialAction\":[{\"@type\":\"ReadAction\",\"target\":[\"https:\/\/fundacion-biodiversidad.es\/en\/actualidad_home\/the-biodiversity-foundation-and-the-autonomous-national-parks-agency-launch-a-series-of-actions-to-promote-green-entrepreneurship-in-biosphere-reserves\/\"]}]},{\"@type\":\"ImageObject\",\"inLanguage\":\"en-US\",\"@id\":\"https:\/\/fundacion-biodiversidad.es\/en\/actualidad_home\/the-biodiversity-foundation-and-the-autonomous-national-parks-agency-launch-a-series-of-actions-to-promote-green-entrepreneurship-in-biosphere-reserves\/#primaryimage\",\"url\":\"https:\/\/fundacion-biodiversidad.es\/wp-content\/uploads\/2022\/12\/Emprendeverde-en-RB-02-scaled.jpg\",\"contentUrl\":\"https:\/\/fundacion-biodiversidad.es\/wp-content\/uploads\/2022\/12\/Emprendeverde-en-RB-02-scaled.jpg\",\"width\":2560,\"height\":1138},{\"@type\":\"BreadcrumbList\",\"@id\":\"https:\/\/fundacion-biodiversidad.es\/en\/actualidad_home\/the-biodiversity-foundation-and-the-autonomous-national-parks-agency-launch-a-series-of-actions-to-promote-green-entrepreneurship-in-biosphere-reserves\/#breadcrumb\",\"itemListElement\":[{\"@type\":\"ListItem\",\"position\":1,\"name\":\"Portada\",\"item\":\"https:\/\/fundacion-biodiversidad.es\/en\/inicio\/\"},{\"@type\":\"ListItem\",\"position\":2,\"name\":\"Noticias de actualidad\",\"item\":\"https:\/\/fundacion-biodiversidad.es\/en\/actualidad_home\/\"},{\"@type\":\"ListItem\",\"position\":3,\"name\":\"The Biodiversity Foundation and the Autonomous National Parks Agency launch a series of actions to promote green entrepreneurship in Biosphere Reserves\"}]},{\"@type\":\"WebSite\",\"@id\":\"https:\/\/fundacion-biodiversidad.es\/en\/#website\",\"url\":\"https:\/\/fundacion-biodiversidad.es\/en\/\",\"name\":\"Fundaci\u00f3n Biodiversidad\",\"description\":\"Fundaci\u00f3n p\u00fablica adscrita al Ministerio para la Transici\u00f3n Ecol\u00f3gica\",\"potentialAction\":[{\"@type\":\"SearchAction\",\"target\":{\"@type\":\"EntryPoint\",\"urlTemplate\":\"https:\/\/fundacion-biodiversidad.es\/en\/?s={search_term_string}\"},\"query-input\":{\"@type\":\"PropertyValueSpecification\",\"valueRequired\":true,\"valueName\":\"search_term_string\"}}],\"inLanguage\":\"en-US\"}]}<\/script>\n<!-- \/ Yoast SEO plugin. -->","yoast_head_json":{"title":"The Biodiversity Foundation and the Autonomous National Parks Agency launch a series of actions to promote green entrepreneurship in Biosphere Reserves - Fundaci\u00f3n Biodiversidad","robots":{"index":"index","follow":"follow","max-snippet":"max-snippet:-1","max-image-preview":"max-image-preview:large","max-video-preview":"max-video-preview:-1"},"canonical":"https:\/\/fundacion-biodiversidad.es\/en\/actualidad_home\/the-biodiversity-foundation-and-the-autonomous-national-parks-agency-launch-a-series-of-actions-to-promote-green-entrepreneurship-in-biosphere-reserves\/","og_locale":"en_US","og_type":"article","og_title":"The Biodiversity Foundation and the Autonomous National Parks Agency launch a series of actions to promote green entrepreneurship in Biosphere Reserves - Fundaci\u00f3n Biodiversidad","og_description":"The Biodiversity Foundation of the Ministry for the Ecological Transition and the Demographic Challenge, with the collaboration of the Autonomous Agency for National Parks (OAPN) [&hellip;]","og_url":"https:\/\/fundacion-biodiversidad.es\/en\/actualidad_home\/the-biodiversity-foundation-and-the-autonomous-national-parks-agency-launch-a-series-of-actions-to-promote-green-entrepreneurship-in-biosphere-reserves\/","og_site_name":"Fundaci\u00f3n Biodiversidad","og_image":[{"width":720,"height":405,"url":"https:\/\/fundacion-biodiversidad.es\/wp-content\/uploads\/2023\/01\/2487661294_35330241_720x405.png","type":"image\/png"}],"twitter_card":"summary_large_image","twitter_misc":{"Est. reading time":"4 minutes"},"schema":{"@context":"https:\/\/schema.org","@graph":[{"@type":"WebPage","@id":"https:\/\/fundacion-biodiversidad.es\/en\/actualidad_home\/the-biodiversity-foundation-and-the-autonomous-national-parks-agency-launch-a-series-of-actions-to-promote-green-entrepreneurship-in-biosphere-reserves\/","url":"https:\/\/fundacion-biodiversidad.es\/en\/actualidad_home\/the-biodiversity-foundation-and-the-autonomous-national-parks-agency-launch-a-series-of-actions-to-promote-green-entrepreneurship-in-biosphere-reserves\/","name":"The Biodiversity Foundation and the Autonomous National Parks Agency launch a series of actions to promote green entrepreneurship in Biosphere Reserves - Fundaci\u00f3n Biodiversidad","isPartOf":{"@id":"https:\/\/fundacion-biodiversidad.es\/en\/#website"},"primaryImageOfPage":{"@id":"https:\/\/fundacion-biodiversidad.es\/en\/actualidad_home\/the-biodiversity-foundation-and-the-autonomous-national-parks-agency-launch-a-series-of-actions-to-promote-green-entrepreneurship-in-biosphere-reserves\/#primaryimage"},"image":{"@id":"https:\/\/fundacion-biodiversidad.es\/en\/actualidad_home\/the-biodiversity-foundation-and-the-autonomous-national-parks-agency-launch-a-series-of-actions-to-promote-green-entrepreneurship-in-biosphere-reserves\/#primaryimage"},"thumbnailUrl":"https:\/\/fundacion-biodiversidad.es\/wp-content\/uploads\/2022\/12\/Emprendeverde-en-RB-02-scaled.jpg","datePublished":"2022-12-22T09:41:29+00:00","breadcrumb":{"@id":"https:\/\/fundacion-biodiversidad.es\/en\/actualidad_home\/the-biodiversity-foundation-and-the-autonomous-national-parks-agency-launch-a-series-of-actions-to-promote-green-entrepreneurship-in-biosphere-reserves\/#breadcrumb"},"inLanguage":"en-US","potentialAction":[{"@type":"ReadAction","target":["https:\/\/fundacion-biodiversidad.es\/en\/actualidad_home\/the-biodiversity-foundation-and-the-autonomous-national-parks-agency-launch-a-series-of-actions-to-promote-green-entrepreneurship-in-biosphere-reserves\/"]}]},{"@type":"ImageObject","inLanguage":"en-US","@id":"https:\/\/fundacion-biodiversidad.es\/en\/actualidad_home\/the-biodiversity-foundation-and-the-autonomous-national-parks-agency-launch-a-series-of-actions-to-promote-green-entrepreneurship-in-biosphere-reserves\/#primaryimage","url":"https:\/\/fundacion-biodiversidad.es\/wp-content\/uploads\/2022\/12\/Emprendeverde-en-RB-02-scaled.jpg","contentUrl":"https:\/\/fundacion-biodiversidad.es\/wp-content\/uploads\/2022\/12\/Emprendeverde-en-RB-02-scaled.jpg","width":2560,"height":1138},{"@type":"BreadcrumbList","@id":"https:\/\/fundacion-biodiversidad.es\/en\/actualidad_home\/the-biodiversity-foundation-and-the-autonomous-national-parks-agency-launch-a-series-of-actions-to-promote-green-entrepreneurship-in-biosphere-reserves\/#breadcrumb","itemListElement":[{"@type":"ListItem","position":1,"name":"Portada","item":"https:\/\/fundacion-biodiversidad.es\/en\/inicio\/"},{"@type":"ListItem","position":2,"name":"Noticias de actualidad","item":"https:\/\/fundacion-biodiversidad.es\/en\/actualidad_home\/"},{"@type":"ListItem","position":3,"name":"The Biodiversity Foundation and the Autonomous National Parks Agency launch a series of actions to promote green entrepreneurship in Biosphere Reserves"}]},{"@type":"WebSite","@id":"https:\/\/fundacion-biodiversidad.es\/en\/#website","url":"https:\/\/fundacion-biodiversidad.es\/en\/","name":"Fundaci\u00f3n Biodiversidad","description":"Fundaci\u00f3n p\u00fablica adscrita al Ministerio para la Transici\u00f3n Ecol\u00f3gica","potentialAction":[{"@type":"SearchAction","target":{"@type":"EntryPoint","urlTemplate":"https:\/\/fundacion-biodiversidad.es\/en\/?s={search_term_string}"},"query-input":{"@type":"PropertyValueSpecification","valueRequired":true,"valueName":"search_term_string"}}],"inLanguage":"en-US"}]}},"_links":{"self":[{"href":"https:\/\/fundacion-biodiversidad.es\/en\/wp-json\/wp\/v2\/actualidad_home\/97858767","targetHints":{"allow":["GET"]}}],"collection":[{"href":"https:\/\/fundacion-biodiversidad.es\/en\/wp-json\/wp\/v2\/actualidad_home"}],"about":[{"href":"https:\/\/fundacion-biodiversidad.es\/en\/wp-json\/wp\/v2\/types\/actualidad_home"}],"author":[{"embeddable":true,"href":"https:\/\/fundacion-biodiversidad.es\/en\/wp-json\/wp\/v2\/users\/11"}],"wp:featuredmedia":[{"embeddable":true,"href":"https:\/\/fundacion-biodiversidad.es\/en\/wp-json\/wp\/v2\/media\/45019"}],"wp:attachment":[{"href":"https:\/\/fundacion-biodiversidad.es\/en\/wp-json\/wp\/v2\/media?parent=97858767"}],"wp:term":[{"taxonomy":"palabras_clave","embeddable":true,"href":"https:\/\/fundacion-biodiversidad.es\/en\/wp-json\/wp\/v2\/palabras_clave?post=97858767"}],"curies":[{"name":"wp","href":"https:\/\/api.w.org\/{rel}","templated":true}]}}