{"id":97858768,"date":"2022-12-20T16:59:58","date_gmt":"2022-12-20T15:59:58","guid":{"rendered":"https:\/\/fundacion-biodiversidad.es\/actualidad_home\/biodiversity-and-science-strategy-approved\/"},"modified":"2022-12-20T16:59:58","modified_gmt":"2022-12-20T15:59:58","slug":"biodiversity-and-science-strategy-approved","status":"publish","type":"actualidad_home","link":"https:\/\/fundacion-biodiversidad.es\/en\/actualidad_home\/biodiversity-and-science-strategy-approved\/","title":{"rendered":"Biodiversity and Science Strategy approved"},"content":{"rendered":"<p>The Council of Ministers today approved the <u><a href=\"https:\/\/fundacion-biodiversidad.es\/en\/proyectos_ficha\/biodiversity-and-science-strategy\/\">Biodiversity and Science Strategy (2023-2027),<\/a><\/u> promoted by the Ministry of Science and Innovation and the Ministry for the Ecological Transition and the Demographic Challenge, which seeks to constitute itself as an integrating tool that highlights the contribution of science to the conservation of biodiversity, in such a way that it is the link between national initiatives in biodiversity and natural heritage and those of science,  Technology and innovation. The Biodiversity and Science Strategy is included in the Recovery, Transformation and Resilience Plan, financed by the European Union&#8217;s NextGenerationEU funds. For its preparation, the MITECO Biodiversity Foundation has carried out an international diagnosis and has organized three participatory workshops that have had the involvement of 86 participants from administrations, scientific entities and civil society. In addition, the text has been exposed to public information for comment. As a result, this tool lays the foundations for organising, within the framework and as an application of the Spanish Strategy and the State Plan for Science, Technology and Innovation (<u><a href=\"https:\/\/www.ciencia.gob.es\/Estrategias-y-Planes\/Estrategias\/Estrategia-Espanola-de-Ciencia-Tecnologia-e-Innovacion-2021-2027.html\">EECTI<\/a><\/u> and <u><a href=\"https:\/\/www.ciencia.gob.es\/Estrategias-y-Planes\/Planes-y-programas\/PEICTI.html\">PECTI),<\/a><\/u> a system that favours the generation and transfer of knowledge on biodiversity and ecosystem services, of quality, coordinated and integrative, inclusive and effective.  that covers the needs of planning and management to achieve their protection, conservation, sustainable use, restoration and their economic and social value. To meet these challenges in the coming years, six lines of action and a series of key actions are included to be developed by the general administration and different bodies of the state public sector. Specifically, the lines of action are aimed at improving the identification of scientific needs for the monitoring and management of biodiversity, promoting coordination mechanisms for the generation of knowledge, involving society in the generation of knowledge, promoting Spanish science in the international context, communicating the strategy and transferring scientific knowledge.<\/p>\n","protected":false},"author":11,"featured_media":45001,"template":"","meta":{"_acf_changed":false},"palabras_clave":[],"class_list":["post-97858768","actualidad_home","type-actualidad_home","status-publish","has-post-thumbnail","hentry"],"acf":[],"yoast_head":"<!-- This site is optimized with the Yoast SEO plugin v26.9 - https:\/\/yoast.com\/product\/yoast-seo-wordpress\/ -->\n<title>Biodiversity and Science Strategy approved - Fundaci\u00f3n Biodiversidad<\/title>\n<meta name=\"robots\" content=\"index, follow, max-snippet:-1, max-image-preview:large, max-video-preview:-1\" \/>\n<link rel=\"canonical\" href=\"https:\/\/fundacion-biodiversidad.es\/en\/actualidad_home\/biodiversity-and-science-strategy-approved\/\" \/>\n<meta property=\"og:locale\" content=\"en_US\" \/>\n<meta property=\"og:type\" content=\"article\" \/>\n<meta property=\"og:title\" content=\"Biodiversity and Science Strategy approved - Fundaci\u00f3n Biodiversidad\" \/>\n<meta property=\"og:description\" content=\"The Council of Ministers today approved the Biodiversity and Science Strategy (2023-2027), promoted by the Ministry of Science and Innovation and the Ministry for the [&hellip;]\" \/>\n<meta property=\"og:url\" content=\"https:\/\/fundacion-biodiversidad.es\/en\/actualidad_home\/biodiversity-and-science-strategy-approved\/\" \/>\n<meta property=\"og:site_name\" content=\"Fundaci\u00f3n Biodiversidad\" \/>\n<meta property=\"og:image\" content=\"https:\/\/fundacion-biodiversidad.es\/wp-content\/uploads\/2023\/01\/2487661294_35330241_720x405.png\" \/>\n\t<meta property=\"og:image:width\" content=\"720\" \/>\n\t<meta property=\"og:image:height\" content=\"405\" \/>\n\t<meta property=\"og:image:type\" content=\"image\/png\" \/>\n<meta name=\"twitter:card\" content=\"summary_large_image\" \/>\n<meta name=\"twitter:label1\" content=\"Est. reading time\" \/>\n\t<meta name=\"twitter:data1\" content=\"2 minutes\" \/>\n<script type=\"application\/ld+json\" class=\"yoast-schema-graph\">{\"@context\":\"https:\/\/schema.org\",\"@graph\":[{\"@type\":\"WebPage\",\"@id\":\"https:\/\/fundacion-biodiversidad.es\/en\/actualidad_home\/biodiversity-and-science-strategy-approved\/\",\"url\":\"https:\/\/fundacion-biodiversidad.es\/en\/actualidad_home\/biodiversity-and-science-strategy-approved\/\",\"name\":\"Biodiversity and Science Strategy approved - Fundaci\u00f3n Biodiversidad\",\"isPartOf\":{\"@id\":\"https:\/\/fundacion-biodiversidad.es\/en\/#website\"},\"primaryImageOfPage\":{\"@id\":\"https:\/\/fundacion-biodiversidad.es\/en\/actualidad_home\/biodiversity-and-science-strategy-approved\/#primaryimage\"},\"image\":{\"@id\":\"https:\/\/fundacion-biodiversidad.es\/en\/actualidad_home\/biodiversity-and-science-strategy-approved\/#primaryimage\"},\"thumbnailUrl\":\"https:\/\/fundacion-biodiversidad.es\/wp-content\/uploads\/2022\/12\/Foto-EByC.jpeg\",\"datePublished\":\"2022-12-20T15:59:58+00:00\",\"breadcrumb\":{\"@id\":\"https:\/\/fundacion-biodiversidad.es\/en\/actualidad_home\/biodiversity-and-science-strategy-approved\/#breadcrumb\"},\"inLanguage\":\"en-US\",\"potentialAction\":[{\"@type\":\"ReadAction\",\"target\":[\"https:\/\/fundacion-biodiversidad.es\/en\/actualidad_home\/biodiversity-and-science-strategy-approved\/\"]}]},{\"@type\":\"ImageObject\",\"inLanguage\":\"en-US\",\"@id\":\"https:\/\/fundacion-biodiversidad.es\/en\/actualidad_home\/biodiversity-and-science-strategy-approved\/#primaryimage\",\"url\":\"https:\/\/fundacion-biodiversidad.es\/wp-content\/uploads\/2022\/12\/Foto-EByC.jpeg\",\"contentUrl\":\"https:\/\/fundacion-biodiversidad.es\/wp-content\/uploads\/2022\/12\/Foto-EByC.jpeg\",\"width\":2560,\"height\":1401},{\"@type\":\"BreadcrumbList\",\"@id\":\"https:\/\/fundacion-biodiversidad.es\/en\/actualidad_home\/biodiversity-and-science-strategy-approved\/#breadcrumb\",\"itemListElement\":[{\"@type\":\"ListItem\",\"position\":1,\"name\":\"Portada\",\"item\":\"https:\/\/fundacion-biodiversidad.es\/en\/inicio\/\"},{\"@type\":\"ListItem\",\"position\":2,\"name\":\"Noticias de actualidad\",\"item\":\"https:\/\/fundacion-biodiversidad.es\/en\/actualidad_home\/\"},{\"@type\":\"ListItem\",\"position\":3,\"name\":\"Biodiversity and Science Strategy approved\"}]},{\"@type\":\"WebSite\",\"@id\":\"https:\/\/fundacion-biodiversidad.es\/en\/#website\",\"url\":\"https:\/\/fundacion-biodiversidad.es\/en\/\",\"name\":\"Fundaci\u00f3n Biodiversidad\",\"description\":\"Fundaci\u00f3n p\u00fablica adscrita al Ministerio para la Transici\u00f3n Ecol\u00f3gica\",\"potentialAction\":[{\"@type\":\"SearchAction\",\"target\":{\"@type\":\"EntryPoint\",\"urlTemplate\":\"https:\/\/fundacion-biodiversidad.es\/en\/?s={search_term_string}\"},\"query-input\":{\"@type\":\"PropertyValueSpecification\",\"valueRequired\":true,\"valueName\":\"search_term_string\"}}],\"inLanguage\":\"en-US\"}]}<\/script>\n<!-- \/ Yoast SEO plugin. -->","yoast_head_json":{"title":"Biodiversity and Science Strategy approved - Fundaci\u00f3n Biodiversidad","robots":{"index":"index","follow":"follow","max-snippet":"max-snippet:-1","max-image-preview":"max-image-preview:large","max-video-preview":"max-video-preview:-1"},"canonical":"https:\/\/fundacion-biodiversidad.es\/en\/actualidad_home\/biodiversity-and-science-strategy-approved\/","og_locale":"en_US","og_type":"article","og_title":"Biodiversity and Science Strategy approved - Fundaci\u00f3n Biodiversidad","og_description":"The Council of Ministers today approved the Biodiversity and Science Strategy (2023-2027), promoted by the Ministry of Science and Innovation and the Ministry for the [&hellip;]","og_url":"https:\/\/fundacion-biodiversidad.es\/en\/actualidad_home\/biodiversity-and-science-strategy-approved\/","og_site_name":"Fundaci\u00f3n Biodiversidad","og_image":[{"width":720,"height":405,"url":"https:\/\/fundacion-biodiversidad.es\/wp-content\/uploads\/2023\/01\/2487661294_35330241_720x405.png","type":"image\/png"}],"twitter_card":"summary_large_image","twitter_misc":{"Est. reading time":"2 minutes"},"schema":{"@context":"https:\/\/schema.org","@graph":[{"@type":"WebPage","@id":"https:\/\/fundacion-biodiversidad.es\/en\/actualidad_home\/biodiversity-and-science-strategy-approved\/","url":"https:\/\/fundacion-biodiversidad.es\/en\/actualidad_home\/biodiversity-and-science-strategy-approved\/","name":"Biodiversity and Science Strategy approved - Fundaci\u00f3n Biodiversidad","isPartOf":{"@id":"https:\/\/fundacion-biodiversidad.es\/en\/#website"},"primaryImageOfPage":{"@id":"https:\/\/fundacion-biodiversidad.es\/en\/actualidad_home\/biodiversity-and-science-strategy-approved\/#primaryimage"},"image":{"@id":"https:\/\/fundacion-biodiversidad.es\/en\/actualidad_home\/biodiversity-and-science-strategy-approved\/#primaryimage"},"thumbnailUrl":"https:\/\/fundacion-biodiversidad.es\/wp-content\/uploads\/2022\/12\/Foto-EByC.jpeg","datePublished":"2022-12-20T15:59:58+00:00","breadcrumb":{"@id":"https:\/\/fundacion-biodiversidad.es\/en\/actualidad_home\/biodiversity-and-science-strategy-approved\/#breadcrumb"},"inLanguage":"en-US","potentialAction":[{"@type":"ReadAction","target":["https:\/\/fundacion-biodiversidad.es\/en\/actualidad_home\/biodiversity-and-science-strategy-approved\/"]}]},{"@type":"ImageObject","inLanguage":"en-US","@id":"https:\/\/fundacion-biodiversidad.es\/en\/actualidad_home\/biodiversity-and-science-strategy-approved\/#primaryimage","url":"https:\/\/fundacion-biodiversidad.es\/wp-content\/uploads\/2022\/12\/Foto-EByC.jpeg","contentUrl":"https:\/\/fundacion-biodiversidad.es\/wp-content\/uploads\/2022\/12\/Foto-EByC.jpeg","width":2560,"height":1401},{"@type":"BreadcrumbList","@id":"https:\/\/fundacion-biodiversidad.es\/en\/actualidad_home\/biodiversity-and-science-strategy-approved\/#breadcrumb","itemListElement":[{"@type":"ListItem","position":1,"name":"Portada","item":"https:\/\/fundacion-biodiversidad.es\/en\/inicio\/"},{"@type":"ListItem","position":2,"name":"Noticias de actualidad","item":"https:\/\/fundacion-biodiversidad.es\/en\/actualidad_home\/"},{"@type":"ListItem","position":3,"name":"Biodiversity and Science Strategy approved"}]},{"@type":"WebSite","@id":"https:\/\/fundacion-biodiversidad.es\/en\/#website","url":"https:\/\/fundacion-biodiversidad.es\/en\/","name":"Fundaci\u00f3n Biodiversidad","description":"Fundaci\u00f3n p\u00fablica adscrita al Ministerio para la Transici\u00f3n Ecol\u00f3gica","potentialAction":[{"@type":"SearchAction","target":{"@type":"EntryPoint","urlTemplate":"https:\/\/fundacion-biodiversidad.es\/en\/?s={search_term_string}"},"query-input":{"@type":"PropertyValueSpecification","valueRequired":true,"valueName":"search_term_string"}}],"inLanguage":"en-US"}]}},"_links":{"self":[{"href":"https:\/\/fundacion-biodiversidad.es\/en\/wp-json\/wp\/v2\/actualidad_home\/97858768","targetHints":{"allow":["GET"]}}],"collection":[{"href":"https:\/\/fundacion-biodiversidad.es\/en\/wp-json\/wp\/v2\/actualidad_home"}],"about":[{"href":"https:\/\/fundacion-biodiversidad.es\/en\/wp-json\/wp\/v2\/types\/actualidad_home"}],"author":[{"embeddable":true,"href":"https:\/\/fundacion-biodiversidad.es\/en\/wp-json\/wp\/v2\/users\/11"}],"wp:featuredmedia":[{"embeddable":true,"href":"https:\/\/fundacion-biodiversidad.es\/en\/wp-json\/wp\/v2\/media\/45001"}],"wp:attachment":[{"href":"https:\/\/fundacion-biodiversidad.es\/en\/wp-json\/wp\/v2\/media?parent=97858768"}],"wp:term":[{"taxonomy":"palabras_clave","embeddable":true,"href":"https:\/\/fundacion-biodiversidad.es\/en\/wp-json\/wp\/v2\/palabras_clave?post=97858768"}],"curies":[{"name":"wp","href":"https:\/\/api.w.org\/{rel}","templated":true}]}}