{"id":97862191,"date":"2025-03-08T08:00:38","date_gmt":"2025-03-08T07:00:38","guid":{"rendered":"https:\/\/fundacion-biodiversidad.es\/actualidad_home\/international-womens-day-for-a-more-equal-and-sustainable-future\/"},"modified":"2025-03-08T08:00:38","modified_gmt":"2025-03-08T07:00:38","slug":"international-womens-day-for-a-more-equal-and-sustainable-future","status":"publish","type":"actualidad_home","link":"https:\/\/fundacion-biodiversidad.es\/en\/actualidad_home\/international-womens-day-for-a-more-equal-and-sustainable-future\/","title":{"rendered":"International Women&#8217;s Day: for a more equal and sustainable future"},"content":{"rendered":"<p>Every March 8, <a href=\"https:\/\/www.un.org\/es\/observances\/womens-day\/background\">International Women&#8217;s Day<\/a> is celebrated, an event that the United Nations began to commemorate in 1975 and that has its origin in the demonstrations of women who demanded the right to vote, better working conditions and equality between the sexes at the beginning of the twentieth century.<\/p>\n<p>This year, under the slogan &#8220;For all women and girls: Rights. Equality. Empowerment&#8221;, the <a href=\"https:\/\/www.un.org\/es\/observances\/womens-day\">UN<\/a> invites us to reflect on the progress made, but also on the challenges that still persist in the fight for gender equality.<\/p>\n<p>In this context, the Biodiversity Foundation of the Ministry for the Ecological Transition and the Demographic Challenge (<strong>MITECO)<\/strong> reaffirms its commitment to <strong>the inclusion of women in biodiversity management and in the ecological transition<\/strong>, two of the fundamental axes to achieve a sustainable future.<\/p>\n<p><strong><u>GENDER EQUALITY IN THE ECOLOGICAL TRANSITION<\/u><\/strong><\/p>\n<p>In recent years, there has been evidence of a growing participation of women in the fight against <strong>climate change<\/strong> and in the promotion of a greener and more inclusive economic model. However, there are still great inequalities that hinder progress in gender equality in key sectors such as <strong>energy<\/strong>, <strong>biodiversity<\/strong> or <strong>natural resource management<\/strong>. <\/p>\n<p>Within the framework of <strong>COP29<\/strong>, held in <a href=\"https:\/\/www.un.org\/es\/climatechange\/cop29\">Baku<\/a> (Azerbaijan) in 2024, Spain, in collaboration with various international organizations, reaffirmed its firm commitment to climate justice from a feminist perspective. In this context, key <a href=\"https:\/\/cop29.spainpavilion.es\/events\/gender_responsive_climate_finance\/?occurrence=2024-11-12\">events<\/a> such as the <strong>Dialogue on Climate Finance with a Gender Focus<\/strong> were held, which addressed the structural barriers faced by women, particularly young women and girls, to participate equitably in the energy transition. <\/p>\n<p>In addition, Spain also formalised in 2023 its adhesion to the <a href=\"https:\/\/www.miteco.gob.es\/es\/ministerio\/planes-estrategias\/igualdad-de-genero\/actividades-2023\/equalby.html\">Equal by 30 Campaign<\/a>, a global initiative whose objective is <strong>to achieve equal pay, leadership and opportunities for women in the clean energy sector<\/strong> by 2030.<\/p>\n<p><strong><u>GREEN AND RURAL ENTREPRENEURSHIP AS A DRIVER OF CHANGE<\/u><\/strong><\/p>\n<p><strong>Green and rural entrepreneurship<\/strong> is also presented as a key way for the inclusion of women in the transformation of our economy. However, the statistics still reflect a large disparity. In Spain, only <strong>one in ten entrepreneurs in green activities is a woman<\/strong>, and <strong>rural women entrepreneurs<\/strong> represent only a <strong>third of the total<\/strong> in rural areas, according to the report <a href=\"https:\/\/www.miteco.gob.es\/content\/dam\/miteco\/es\/ministerio\/planes-estrategias\/igualdad-de-genero\/archivos-base\/2023-03-10presentacion_principalesresultados_infome_miteco_2023_emprendimiento_mujeres_verde_rural_tcm30-560304.pdf\">Women&#8217;s Green Entrepreneurship and Women&#8217;s Entrepreneurship in Rural Areas<\/a> by the Ministry for Ecological Transition and the Demographic Challenge  <\/p>\n<p>These sectors are essential to address problems such as depopulation and masculinization of rural territories, and women have a critical role to play. In fact, according to <a href=\"https:\/\/observatorioeconomiasocial.es\/uatae-destaca-el-aumento-de-autonomas-en-2024-pero-alerta-sobre-la-persistente-desigualdad-en-el-trabajo-por-cuenta-propia\/\">data<\/a> from the Union of Associations of Self-Employed Workers and Entrepreneurs <strong>(UATAE) <\/strong>for 2024, self-employment in Spain gained 42,396 people in 2024, of which 22,239 were women, representing a <strong>significant increase<\/strong> in female participation in self-employment. However, women still represent only <strong>36.9%<\/strong> of the total number of self-employed, which highlights the persistent inequality in access and opportunities in this sector.  <\/p>\n<p>Through initiatives such as the <a href=\"https:\/\/empleaverde.es\/\">Empleaverde+<\/a> Program and the <a href=\"https:\/\/www.redemprendeverde.es\/\"><strong>Emprendeverde Network<\/strong><\/a>, the Biodiversity Foundation works to <strong>strengthen female entrepreneurship in the green economy<\/strong>. These programs not only provide support to women entrepreneurs, but also encourage access to resources and specific training, promoting the <strong>inclusion<\/strong> of women in the <strong>sustainable management<\/strong> of natural resources and in biodiversity conservation projects. <\/p>\n<p><strong><u>PERSISTENT CHALLENGES AND GLOBAL ENGAGEMENT<\/u><\/strong><\/p>\n<p>Despite progress, women continue to face barriers, including <strong>limited access<\/strong> to finance, <strong>lack of representation<\/strong> in leadership positions, and structural discrimination in key sectors, from clean energy to <strong>climate planning<\/strong>. According to a study by <a href=\"https:\/\/europeanwomeninvc.idcinteractive.net\/8\/\">European Women in VC,<\/a> <strong>less than 2% <\/strong>of <em>startup<\/em> investment is directed to companies founded exclusively by women, limiting their ability to develop in high-investment sectors, such as renewable energy. <\/p>\n<p>In addition, women in rural and vulnerable areas face <strong>additional obstacles<\/strong> in terms of access to land, financing and technology to address climate change.<\/p>\n<p>The <strong>Biodiversity Foundation<\/strong>, in collaboration with national and international organizations, promotes projects that integrate the <strong>gender perspective<\/strong> in <strong>environmental management<\/strong>, working so that <strong>women and girls<\/strong> of all ages and contexts can be agents of change in the creation of a fairer world for all. To this end, it has the Guide <strong>to include the gender perspective in projects<\/strong>, to guide the entities with which it collaborates in integrating the gender perspective in all phases of projects. It also organises different <a href=\"https:\/\/www.youtube.com\/watch?v=lyUaeZ6JoAo\">events<\/a> such as the <strong>Forum on Cities, Environment and Gender<\/strong>, to exchange experiences and proposals that <strong>guarantee greater participation of women<\/strong> in the management of biodiversity and climate change.  <\/p>\n<p><strong>International Women&#8217;s Day <\/strong>reminds us of the importance of continuing to move towards a <strong>more egalitarian society<\/strong> in which <strong>women&#8217;s empowerment<\/strong> is a priority in all sectors, including those most strategic for the future of the planet such as <strong>biodiversity<\/strong> and the <strong>green economy<\/strong>. On this path, the participation of women in the ecological transition and the strengthening of their capacities in entrepreneurship are key to achieving <strong>a sustainable, inclusive and egalitarian future<\/strong>. <\/p>\n","protected":false},"author":11,"featured_media":97856553,"template":"","meta":{"_acf_changed":false},"palabras_clave":[],"class_list":["post-97862191","actualidad_home","type-actualidad_home","status-publish","has-post-thumbnail","hentry"],"acf":[],"yoast_head":"<!-- This site is optimized with the Yoast SEO plugin v26.9 - https:\/\/yoast.com\/product\/yoast-seo-wordpress\/ -->\n<title>International Women&#039;s Day: for a more equal and sustainable future - Fundaci\u00f3n Biodiversidad<\/title>\n<meta name=\"robots\" content=\"index, follow, max-snippet:-1, max-image-preview:large, max-video-preview:-1\" \/>\n<link rel=\"canonical\" href=\"https:\/\/fundacion-biodiversidad.es\/en\/actualidad_home\/international-womens-day-for-a-more-equal-and-sustainable-future\/\" \/>\n<meta property=\"og:locale\" content=\"en_US\" \/>\n<meta property=\"og:type\" content=\"article\" \/>\n<meta property=\"og:title\" content=\"International Women&#039;s Day: for a more equal and sustainable future - Fundaci\u00f3n Biodiversidad\" \/>\n<meta property=\"og:description\" content=\"Every March 8, International Women&#8217;s Day is celebrated, an event that the United Nations began to commemorate in 1975 and that has its origin in [&hellip;]\" \/>\n<meta property=\"og:url\" content=\"https:\/\/fundacion-biodiversidad.es\/en\/actualidad_home\/international-womens-day-for-a-more-equal-and-sustainable-future\/\" \/>\n<meta property=\"og:site_name\" content=\"Fundaci\u00f3n Biodiversidad\" \/>\n<meta property=\"og:image\" content=\"https:\/\/fundacion-biodiversidad.es\/wp-content\/uploads\/2025\/03\/smiling-asian-little-girl-is-hug-the-tree-with-lov-2024-12-02-17-28-17-utc-1024x536.png\" \/>\n<meta name=\"twitter:card\" content=\"summary_large_image\" \/>\n<meta name=\"twitter:label1\" content=\"Est. reading time\" \/>\n\t<meta name=\"twitter:data1\" content=\"4 minutes\" \/>\n<script type=\"application\/ld+json\" class=\"yoast-schema-graph\">{\"@context\":\"https:\/\/schema.org\",\"@graph\":[{\"@type\":\"WebPage\",\"@id\":\"https:\/\/fundacion-biodiversidad.es\/en\/actualidad_home\/international-womens-day-for-a-more-equal-and-sustainable-future\/\",\"url\":\"https:\/\/fundacion-biodiversidad.es\/en\/actualidad_home\/international-womens-day-for-a-more-equal-and-sustainable-future\/\",\"name\":\"International Women's Day: for a more equal and sustainable future - Fundaci\u00f3n Biodiversidad\",\"isPartOf\":{\"@id\":\"https:\/\/fundacion-biodiversidad.es\/en\/#website\"},\"primaryImageOfPage\":{\"@id\":\"https:\/\/fundacion-biodiversidad.es\/en\/actualidad_home\/international-womens-day-for-a-more-equal-and-sustainable-future\/#primaryimage\"},\"image\":{\"@id\":\"https:\/\/fundacion-biodiversidad.es\/en\/actualidad_home\/international-womens-day-for-a-more-equal-and-sustainable-future\/#primaryimage\"},\"thumbnailUrl\":\"https:\/\/fundacion-biodiversidad.es\/wp-content\/uploads\/2025\/03\/smiling-asian-little-girl-is-hug-the-tree-with-lov-2024-12-02-17-28-17-utc.png\",\"datePublished\":\"2025-03-08T07:00:38+00:00\",\"breadcrumb\":{\"@id\":\"https:\/\/fundacion-biodiversidad.es\/en\/actualidad_home\/international-womens-day-for-a-more-equal-and-sustainable-future\/#breadcrumb\"},\"inLanguage\":\"en-US\",\"potentialAction\":[{\"@type\":\"ReadAction\",\"target\":[\"https:\/\/fundacion-biodiversidad.es\/en\/actualidad_home\/international-womens-day-for-a-more-equal-and-sustainable-future\/\"]}]},{\"@type\":\"ImageObject\",\"inLanguage\":\"en-US\",\"@id\":\"https:\/\/fundacion-biodiversidad.es\/en\/actualidad_home\/international-womens-day-for-a-more-equal-and-sustainable-future\/#primaryimage\",\"url\":\"https:\/\/fundacion-biodiversidad.es\/wp-content\/uploads\/2025\/03\/smiling-asian-little-girl-is-hug-the-tree-with-lov-2024-12-02-17-28-17-utc.png\",\"contentUrl\":\"https:\/\/fundacion-biodiversidad.es\/wp-content\/uploads\/2025\/03\/smiling-asian-little-girl-is-hug-the-tree-with-lov-2024-12-02-17-28-17-utc.png\",\"width\":1200,\"height\":628},{\"@type\":\"BreadcrumbList\",\"@id\":\"https:\/\/fundacion-biodiversidad.es\/en\/actualidad_home\/international-womens-day-for-a-more-equal-and-sustainable-future\/#breadcrumb\",\"itemListElement\":[{\"@type\":\"ListItem\",\"position\":1,\"name\":\"Portada\",\"item\":\"https:\/\/fundacion-biodiversidad.es\/en\/inicio\/\"},{\"@type\":\"ListItem\",\"position\":2,\"name\":\"Noticias de actualidad\",\"item\":\"https:\/\/fundacion-biodiversidad.es\/en\/actualidad_home\/\"},{\"@type\":\"ListItem\",\"position\":3,\"name\":\"International Women&#8217;s Day: for a more equal and sustainable future\"}]},{\"@type\":\"WebSite\",\"@id\":\"https:\/\/fundacion-biodiversidad.es\/en\/#website\",\"url\":\"https:\/\/fundacion-biodiversidad.es\/en\/\",\"name\":\"Fundaci\u00f3n Biodiversidad\",\"description\":\"Fundaci\u00f3n p\u00fablica adscrita al Ministerio para la Transici\u00f3n Ecol\u00f3gica\",\"potentialAction\":[{\"@type\":\"SearchAction\",\"target\":{\"@type\":\"EntryPoint\",\"urlTemplate\":\"https:\/\/fundacion-biodiversidad.es\/en\/?s={search_term_string}\"},\"query-input\":{\"@type\":\"PropertyValueSpecification\",\"valueRequired\":true,\"valueName\":\"search_term_string\"}}],\"inLanguage\":\"en-US\"}]}<\/script>\n<!-- \/ Yoast SEO plugin. -->","yoast_head_json":{"title":"International Women's Day: for a more equal and sustainable future - Fundaci\u00f3n Biodiversidad","robots":{"index":"index","follow":"follow","max-snippet":"max-snippet:-1","max-image-preview":"max-image-preview:large","max-video-preview":"max-video-preview:-1"},"canonical":"https:\/\/fundacion-biodiversidad.es\/en\/actualidad_home\/international-womens-day-for-a-more-equal-and-sustainable-future\/","og_locale":"en_US","og_type":"article","og_title":"International Women's Day: for a more equal and sustainable future - Fundaci\u00f3n Biodiversidad","og_description":"Every March 8, International Women&#8217;s Day is celebrated, an event that the United Nations began to commemorate in 1975 and that has its origin in [&hellip;]","og_url":"https:\/\/fundacion-biodiversidad.es\/en\/actualidad_home\/international-womens-day-for-a-more-equal-and-sustainable-future\/","og_site_name":"Fundaci\u00f3n Biodiversidad","og_image":[{"url":"https:\/\/fundacion-biodiversidad.es\/wp-content\/uploads\/2025\/03\/smiling-asian-little-girl-is-hug-the-tree-with-lov-2024-12-02-17-28-17-utc-1024x536.png","type":"","width":"","height":""}],"twitter_card":"summary_large_image","twitter_misc":{"Est. reading time":"4 minutes"},"schema":{"@context":"https:\/\/schema.org","@graph":[{"@type":"WebPage","@id":"https:\/\/fundacion-biodiversidad.es\/en\/actualidad_home\/international-womens-day-for-a-more-equal-and-sustainable-future\/","url":"https:\/\/fundacion-biodiversidad.es\/en\/actualidad_home\/international-womens-day-for-a-more-equal-and-sustainable-future\/","name":"International Women's Day: for a more equal and sustainable future - Fundaci\u00f3n Biodiversidad","isPartOf":{"@id":"https:\/\/fundacion-biodiversidad.es\/en\/#website"},"primaryImageOfPage":{"@id":"https:\/\/fundacion-biodiversidad.es\/en\/actualidad_home\/international-womens-day-for-a-more-equal-and-sustainable-future\/#primaryimage"},"image":{"@id":"https:\/\/fundacion-biodiversidad.es\/en\/actualidad_home\/international-womens-day-for-a-more-equal-and-sustainable-future\/#primaryimage"},"thumbnailUrl":"https:\/\/fundacion-biodiversidad.es\/wp-content\/uploads\/2025\/03\/smiling-asian-little-girl-is-hug-the-tree-with-lov-2024-12-02-17-28-17-utc.png","datePublished":"2025-03-08T07:00:38+00:00","breadcrumb":{"@id":"https:\/\/fundacion-biodiversidad.es\/en\/actualidad_home\/international-womens-day-for-a-more-equal-and-sustainable-future\/#breadcrumb"},"inLanguage":"en-US","potentialAction":[{"@type":"ReadAction","target":["https:\/\/fundacion-biodiversidad.es\/en\/actualidad_home\/international-womens-day-for-a-more-equal-and-sustainable-future\/"]}]},{"@type":"ImageObject","inLanguage":"en-US","@id":"https:\/\/fundacion-biodiversidad.es\/en\/actualidad_home\/international-womens-day-for-a-more-equal-and-sustainable-future\/#primaryimage","url":"https:\/\/fundacion-biodiversidad.es\/wp-content\/uploads\/2025\/03\/smiling-asian-little-girl-is-hug-the-tree-with-lov-2024-12-02-17-28-17-utc.png","contentUrl":"https:\/\/fundacion-biodiversidad.es\/wp-content\/uploads\/2025\/03\/smiling-asian-little-girl-is-hug-the-tree-with-lov-2024-12-02-17-28-17-utc.png","width":1200,"height":628},{"@type":"BreadcrumbList","@id":"https:\/\/fundacion-biodiversidad.es\/en\/actualidad_home\/international-womens-day-for-a-more-equal-and-sustainable-future\/#breadcrumb","itemListElement":[{"@type":"ListItem","position":1,"name":"Portada","item":"https:\/\/fundacion-biodiversidad.es\/en\/inicio\/"},{"@type":"ListItem","position":2,"name":"Noticias de actualidad","item":"https:\/\/fundacion-biodiversidad.es\/en\/actualidad_home\/"},{"@type":"ListItem","position":3,"name":"International Women&#8217;s Day: for a more equal and sustainable future"}]},{"@type":"WebSite","@id":"https:\/\/fundacion-biodiversidad.es\/en\/#website","url":"https:\/\/fundacion-biodiversidad.es\/en\/","name":"Fundaci\u00f3n Biodiversidad","description":"Fundaci\u00f3n p\u00fablica adscrita al Ministerio para la Transici\u00f3n Ecol\u00f3gica","potentialAction":[{"@type":"SearchAction","target":{"@type":"EntryPoint","urlTemplate":"https:\/\/fundacion-biodiversidad.es\/en\/?s={search_term_string}"},"query-input":{"@type":"PropertyValueSpecification","valueRequired":true,"valueName":"search_term_string"}}],"inLanguage":"en-US"}]}},"_links":{"self":[{"href":"https:\/\/fundacion-biodiversidad.es\/en\/wp-json\/wp\/v2\/actualidad_home\/97862191","targetHints":{"allow":["GET"]}}],"collection":[{"href":"https:\/\/fundacion-biodiversidad.es\/en\/wp-json\/wp\/v2\/actualidad_home"}],"about":[{"href":"https:\/\/fundacion-biodiversidad.es\/en\/wp-json\/wp\/v2\/types\/actualidad_home"}],"author":[{"embeddable":true,"href":"https:\/\/fundacion-biodiversidad.es\/en\/wp-json\/wp\/v2\/users\/11"}],"wp:featuredmedia":[{"embeddable":true,"href":"https:\/\/fundacion-biodiversidad.es\/en\/wp-json\/wp\/v2\/media\/97856553"}],"wp:attachment":[{"href":"https:\/\/fundacion-biodiversidad.es\/en\/wp-json\/wp\/v2\/media?parent=97862191"}],"wp:term":[{"taxonomy":"palabras_clave","embeddable":true,"href":"https:\/\/fundacion-biodiversidad.es\/en\/wp-json\/wp\/v2\/palabras_clave?post=97862191"}],"curies":[{"name":"wp","href":"https:\/\/api.w.org\/{rel}","templated":true}]}}