{"id":97862196,"date":"2025-02-13T12:34:00","date_gmt":"2025-02-13T11:34:00","guid":{"rendered":"https:\/\/fundacion-biodiversidad.es\/actualidad_home\/almost-17000-people-have-visited-the-exhibition-jorge-camacho-christian-vinck-round-trip\/"},"modified":"2025-02-13T12:34:00","modified_gmt":"2025-02-13T11:34:00","slug":"almost-17000-people-have-visited-the-exhibition-jorge-camacho-christian-vinck-round-trip","status":"publish","type":"actualidad_home","link":"https:\/\/fundacion-biodiversidad.es\/en\/actualidad_home\/almost-17000-people-have-visited-the-exhibition-jorge-camacho-christian-vinck-round-trip\/","title":{"rendered":"Almost 17,000 people have visited the exhibition &#8220;Jorge Camacho + Christian Vinck: Round trip&#8221;"},"content":{"rendered":"<p>The <strong>AVE Do\u00f1ana<\/strong> project has successfully completed a first cultural phase in which, since last October 2024, it has promoted different activities with the aim of raising awareness and merging <strong>art<\/strong>, <strong>science<\/strong> and <strong>nature<\/strong>. This project, which will run until 2026, has captured the essence of the challenge posed by the conservation <strong>of Do\u00f1ana National Park<\/strong>, a unique space in the world. In this initial stage, the exhibition <em>Jorge Camacho + Christian Vinck: Round trip, the artists with Do\u00f1ana<\/em> has brought together nearly 17,000 visitors, while the program of parallel activities has been attended by more than 700 people, inviting them to reflect on the intersection between science and art.  <\/p>\n<p>Within the framework of the <strong>60th anniversary<\/strong> of the <strong>Do\u00f1ana Biological Station<\/strong> and the <strong>30th anniversary<\/strong> of the declaration of Do\u00f1ana as a <strong>World Heritage Site<\/strong>, <strong>AVE Do\u00f1ana<\/strong> has established itself as a space for synergies between disciplines, where <strong>scientists<\/strong>, <strong>artists<\/strong> and <strong>experts<\/strong> have worked together to explore, from different perspectives, the challenges facing this ecosystem. Promoted by the <strong>Maldonado Education Through Art Foundation<\/strong> (META Miami), the <strong>Biodiversity Foundation<\/strong> (MITECO) and the <strong>Do\u00f1ana Biological Station<\/strong> &#8211; <strong>CSIC,<\/strong> this first edition of the project has had the collaboration of renowned professionals in the fields of <strong>biology<\/strong>, <strong>photography<\/strong>, <strong>cinema<\/strong>, <strong>law<\/strong> or <strong>history<\/strong>.<\/p>\n<p><span style=\"text-decoration: underline\"><strong>An exhibition of great impact: Jorge Camacho and Christian Vinck<\/strong><\/span><\/p>\n<p>The exhibition <em>Jorge Camacho + Christian Vinck: Round trip, the artists with Do\u00f1ana<\/em> served as the starting point for this project, addressing the relationship between Do\u00f1ana&#8217;s <strong>biodiversity<\/strong> and <strong>bird migration<\/strong>, and underlining the relevance of <strong>wetlands<\/strong> in the <strong>conservation<\/strong> of the global <strong>ecosystem<\/strong> .<\/p>\n<p>In the exhibition, which has been very well received during its itinerancy at the Seville headquarters of the Biodiversity Foundation, the <strong>Do\u00f1ana Biological Station \u2013 CSIC <\/strong>has collaborated to integrate the <strong>scientific<\/strong> approach into aesthetic reflection. It is also worth highlighting the work of <strong>Camacho<\/strong>, with his study <strong>of the ecosystem of the dunes <\/strong>with the meeting of the series he made on Do\u00f1ana when he lived in Almonte; <strong>Vinck<\/strong>, for his part, highlighted the crucial role of <strong>biologists<\/strong> in the <strong>preservation<\/strong> of the park, the study of migratory birds and how <strong>historical documents<\/strong> can be turned into <strong>art<\/strong>, narrating the creation of the <strong>Hato El Fr\u00edo Biological Station <\/strong>in <strong>Venezuela<\/strong>. <\/p>\n<p><span style=\"text-decoration: underline\"><strong>The film series: an audiovisual look at the evolution of Do\u00f1ana<\/strong><\/span><\/p>\n<p>Another of the most innovative components of the project has been the <em>Do\u00f1ana<\/em> <strong>film series<\/strong> as inspiration, in collaboration with <strong>Cine Club Vida<\/strong>. Through a series of films and documentaries that have covered from 1941 to the present day, attendees have been able to understand the evolution of Do\u00f1ana from a unique audiovisual perspective. Among the outstanding screenings are titles such as <em>El corcho<\/em> (1941), <em>La Primavera en Do\u00f1ana<\/em> (1970) and <em>Guadalquivir<\/em> (2013), which show both the beauty of Do\u00f1ana and the deterioration that the ecosystem faces due to human activity.  <\/p>\n<p>The <strong>film series<\/strong> has not only allowed us to appreciate the magnificence of this natural landscape, but has also been an excellent platform for experts such as <strong>Jos\u00e9 Mar\u00eda Morales<\/strong>, producer of <em>Wanda Vision<\/em>, or Joaqu\u00edn Guti\u00e9rrez Acha, one of the most important directors in nature cinema, to discuss the fundamental role of <strong>audiovisual media<\/strong> in raising awareness about the conservation of the environment and degraded spaces.<\/p>\n<p><span style=\"text-decoration: underline\"><strong>The Wealth of Approaches: Art and Science in Dialogue<\/strong><\/span><\/p>\n<p><strong>Roundtables<\/strong> have played a key role in the project, offering a unique space for the exchange of knowledge between international experts from various disciplines. Through these conversations, participants have been able to explore the impact of art on environmental conservation and understand how different approaches can contribute to a comprehensive vision of Do\u00f1ana. <strong>Zo\u00e9 Vald\u00e9s<\/strong>, <strong>Juan Carlos Gonz\u00e1lez Faraco<\/strong>, <strong>Miguel Delibes, Juan Villa, Juan Lacomba, Alberto Donaire<\/strong> and <strong>Javier Castroviejo<\/strong> were just some of the speakers who enriched these round tables, addressing topics such as the relationship between art and nature, the legal problems faced by Do\u00f1ana and the scientific perspectives on the park&#8217;s biodiversity. <\/p>\n<p>A highlight was the conference by <strong>Marta S\u00e1nchez<\/strong>, who, based on her research on <strong>foreign crabs<\/strong>, managed to turn this scientific challenge into a <strong>contemporary dance<\/strong>, establishing a bridge between <strong>science<\/strong> and <strong>art<\/strong>. His proposal has been a clear example of how disciplines can converge to convey the importance of conservation in a creative and accessible way. <\/p>\n<p><span style=\"text-decoration: underline\"><strong>Diversity of perspectives: from photography to contemporary art<\/strong><\/span><\/p>\n<p>The project has been a platform for a melting pot of approaches ranging from <strong>the history of photography<\/strong> to the avant-garde of <strong>contemporary art<\/strong>. One of the highlights has been the contribution of <strong>H\u00e9ctor Garrido<\/strong>, who has provided a historical vision from photography since 1870, capturing the evolution of the landscape and biodiversity of Do\u00f1ana through his lens. In addition, <strong>Juan Lacomba<\/strong> has offered a <strong>historical and pictorial<\/strong> approach that has helped visitors to contextualize Do\u00f1ana in the history of the <strong>artistic representation<\/strong> of nature.  <\/p>\n<p><span style=\"text-decoration: underline\"><strong>Biology as Art: The Work of Carmen D\u00edaz Paniagua and Christian Vinck<\/strong><\/span><\/p>\n<p>Among the most relevant contributions of this first phase are the <strong>artistic residencies<\/strong> of biologists and artists, who have collaborated to offer a multidisciplinary vision of Do\u00f1ana. <strong>Carmen D\u00edaz Paniagua<\/strong>, one of the most prominent biologists of the <strong>Do\u00f1ana water system<\/strong> together with Celsi Signaris, provided a valuable scientific perspective that has helped the artists to better understand the impact of water on the park&#8217;s ecosystem. His contribution has been key in the artistic residency, as his in-depth knowledge of the <strong>hydrology<\/strong> of Do\u00f1ana has informed the creations of the artists who have worked on the project. His vision of the relationship between human beings and their natural environment has been translated into a work that invites us to reflect on the <strong>preservation<\/strong> of natural heritage through <strong>art<\/strong>.  <\/p>\n<p><strong>The president and founder of META Miami<\/strong>, <strong>Milagros Maldonado<\/strong>, has underlined the power of art to generate <strong>environmental awareness<\/strong>: <em>&#8220;The AVE Do\u00f1ana project is a clear example of how art can be a powerful tool to raise awareness in society about the urgency of conserving our most valuable ecosystems. This first cultural cycle has shown us that, through the collaboration between <strong>science<\/strong> and <strong>art<\/strong>, it is possible to generate a real change in the perception and protection of the environment&#8221; <\/em>.<\/p>\n<p><span style=\"text-decoration: underline\"><strong>Next artistic residency: Adri\u00e1n Pujol<\/strong><\/span><\/p>\n<p>The AVE Do\u00f1ana project is moving forward with new objectives towards its next phase, scheduled for the end of 2025, which will include the <strong>artistic residency<\/strong> of the <strong>renowned artist Adri\u00e1n Pujol<\/strong>. Pujol, known for his unique style of outdoor painting, will offer an in-depth perspective on Do\u00f1ana&#8217;s ecosystem. Through his work, which captures the atmospheric and temporal variations of the landscape, the artist will seek to portray the essence of the <strong>wetland<\/strong> and its <strong>ecosystems<\/strong>.  <\/p>\n<p><strong>AVE Do\u00f1ana<\/strong> will continue with more <strong>artistic residencies<\/strong> and <strong>complementary activities<\/strong> that will continue to explore the interaction between <strong>art<\/strong> and <strong>science<\/strong>. In the coming months, new initiatives and creative proposals will invite the public to become aware of the <strong>conservation<\/strong> of this invaluable ecosystem. For more information about the project and future activities, visit the official website  <a href=\"https:\/\/eur03.safelinks.protection.outlook.com\/?url=https%3A%2F%2Fwww.google.com%2Furl%3Fq%3Dhttps%3A%2F%2Fwww.google.com%2Furl%3Fq%253Dhttp%3A%2F%2Fwww.metamiami.org%2526amp%3Bsa%253DD%2526amp%3Bsource%253Deditors%2526amp%3Bust%253D1739305083586577%2526amp%3Busg%253DAOvVaw2aylLAQeVbx_vwTDmpNdpB%26sa%3DD%26source%3Ddocs%26ust%3D1739305083591461%26usg%3DAOvVaw3IRsTanfshbC135r2Kn4VW&amp;data=05%7C02%7Csfernandez%40fundacion-biodiversidad.es%7C02217ddd7eda44ead7a508dd4b52873e%7C3436f042c14a43a983aa80b7c420a3f3%7C0%7C0%7C638749540047652284%7CUnknown%7CTWFpbGZsb3d8eyJFbXB0eU1hcGkiOnRydWUsIlYiOiIwLjAuMDAwMCIsIlAiOiJXaW4zMiIsIkFOIjoiTWFpbCIsIldUIjoyfQ%3D%3D%7C0%7C%7C%7C&amp;sdata=b23Xeg4lDjyjXqyUZ3yDuRisNWr4i7IMHnaAFqbKaH0%3D&amp;reserved=0\"> <\/a><a href=\"https:\/\/eur03.safelinks.protection.outlook.com\/?url=https%3A%2F%2Fwww.google.com%2Furl%3Fq%3Dhttps%3A%2F%2Fwww.google.com%2Furl%3Fq%253Dhttp%3A%2F%2Fwww.metamiami.org%2526amp%3Bsa%253DD%2526amp%3Bsource%253Deditors%2526amp%3Bust%253D1739305083586649%2526amp%3Busg%253DAOvVaw0qTB-lQpRyipEwGfxX_VQX%26sa%3DD%26source%3Ddocs%26ust%3D1739305083591621%26usg%3DAOvVaw1e9SiLTeWvOYDSPukfMpT4&amp;data=05%7C02%7Csfernandez%40fundacion-biodiversidad.es%7C02217ddd7eda44ead7a508dd4b52873e%7C3436f042c14a43a983aa80b7c420a3f3%7C0%7C0%7C638749540047671654%7CUnknown%7CTWFpbGZsb3d8eyJFbXB0eU1hcGkiOnRydWUsIlYiOiIwLjAuMDAwMCIsIlAiOiJXaW4zMiIsIkFOIjoiTWFpbCIsIldUIjoyfQ%3D%3D%7C0%7C%7C%7C&amp;sdata=4F63xSQRZJ2beLq%2FT5khOWv2vZnMbGUuhcucAaMSA2Y%3D&amp;reserved=0\">www.metamiami.org<\/a>.<\/p>\n","protected":false},"author":11,"featured_media":97856424,"template":"","meta":{"_acf_changed":false},"palabras_clave":[],"class_list":["post-97862196","actualidad_home","type-actualidad_home","status-publish","has-post-thumbnail","hentry"],"acf":[],"yoast_head":"<!-- This site is optimized with the Yoast SEO plugin v26.9 - https:\/\/yoast.com\/product\/yoast-seo-wordpress\/ -->\n<title>Almost 17,000 people have visited the exhibition &quot;Jorge Camacho + Christian Vinck: Round trip&quot; - Fundaci\u00f3n Biodiversidad<\/title>\n<meta name=\"robots\" content=\"index, follow, max-snippet:-1, max-image-preview:large, max-video-preview:-1\" \/>\n<link rel=\"canonical\" href=\"https:\/\/fundacion-biodiversidad.es\/en\/actualidad_home\/almost-17000-people-have-visited-the-exhibition-jorge-camacho-christian-vinck-round-trip\/\" \/>\n<meta property=\"og:locale\" content=\"en_US\" \/>\n<meta property=\"og:type\" content=\"article\" \/>\n<meta property=\"og:title\" content=\"Almost 17,000 people have visited the exhibition &quot;Jorge Camacho + Christian Vinck: Round trip&quot; - Fundaci\u00f3n Biodiversidad\" \/>\n<meta property=\"og:description\" content=\"The AVE Do\u00f1ana project has successfully completed a first cultural phase in which, since last October 2024, it has promoted different activities with the aim [&hellip;]\" \/>\n<meta property=\"og:url\" content=\"https:\/\/fundacion-biodiversidad.es\/en\/actualidad_home\/almost-17000-people-have-visited-the-exhibition-jorge-camacho-christian-vinck-round-trip\/\" \/>\n<meta property=\"og:site_name\" content=\"Fundaci\u00f3n Biodiversidad\" \/>\n<meta property=\"og:image\" content=\"https:\/\/fundacion-biodiversidad.es\/wp-content\/uploads\/2025\/02\/expo-AVE-DonZana-scaled-e1739445582912-1024x536.jpeg\" \/>\n<meta name=\"twitter:card\" content=\"summary_large_image\" \/>\n<meta name=\"twitter:label1\" content=\"Est. reading time\" \/>\n\t<meta name=\"twitter:data1\" content=\"6 minutes\" \/>\n<script type=\"application\/ld+json\" class=\"yoast-schema-graph\">{\"@context\":\"https:\/\/schema.org\",\"@graph\":[{\"@type\":\"WebPage\",\"@id\":\"https:\/\/fundacion-biodiversidad.es\/en\/actualidad_home\/almost-17000-people-have-visited-the-exhibition-jorge-camacho-christian-vinck-round-trip\/\",\"url\":\"https:\/\/fundacion-biodiversidad.es\/en\/actualidad_home\/almost-17000-people-have-visited-the-exhibition-jorge-camacho-christian-vinck-round-trip\/\",\"name\":\"Almost 17,000 people have visited the exhibition \\\"Jorge Camacho + Christian Vinck: Round trip\\\" - Fundaci\u00f3n Biodiversidad\",\"isPartOf\":{\"@id\":\"https:\/\/fundacion-biodiversidad.es\/en\/#website\"},\"primaryImageOfPage\":{\"@id\":\"https:\/\/fundacion-biodiversidad.es\/en\/actualidad_home\/almost-17000-people-have-visited-the-exhibition-jorge-camacho-christian-vinck-round-trip\/#primaryimage\"},\"image\":{\"@id\":\"https:\/\/fundacion-biodiversidad.es\/en\/actualidad_home\/almost-17000-people-have-visited-the-exhibition-jorge-camacho-christian-vinck-round-trip\/#primaryimage\"},\"thumbnailUrl\":\"https:\/\/fundacion-biodiversidad.es\/wp-content\/uploads\/2025\/02\/expo-Ave-DonZana-1-1-e1739446366222.jpeg\",\"datePublished\":\"2025-02-13T11:34:00+00:00\",\"breadcrumb\":{\"@id\":\"https:\/\/fundacion-biodiversidad.es\/en\/actualidad_home\/almost-17000-people-have-visited-the-exhibition-jorge-camacho-christian-vinck-round-trip\/#breadcrumb\"},\"inLanguage\":\"en-US\",\"potentialAction\":[{\"@type\":\"ReadAction\",\"target\":[\"https:\/\/fundacion-biodiversidad.es\/en\/actualidad_home\/almost-17000-people-have-visited-the-exhibition-jorge-camacho-christian-vinck-round-trip\/\"]}]},{\"@type\":\"ImageObject\",\"inLanguage\":\"en-US\",\"@id\":\"https:\/\/fundacion-biodiversidad.es\/en\/actualidad_home\/almost-17000-people-have-visited-the-exhibition-jorge-camacho-christian-vinck-round-trip\/#primaryimage\",\"url\":\"https:\/\/fundacion-biodiversidad.es\/wp-content\/uploads\/2025\/02\/expo-Ave-DonZana-1-1-e1739446366222.jpeg\",\"contentUrl\":\"https:\/\/fundacion-biodiversidad.es\/wp-content\/uploads\/2025\/02\/expo-Ave-DonZana-1-1-e1739446366222.jpeg\",\"width\":4032,\"height\":3024},{\"@type\":\"BreadcrumbList\",\"@id\":\"https:\/\/fundacion-biodiversidad.es\/en\/actualidad_home\/almost-17000-people-have-visited-the-exhibition-jorge-camacho-christian-vinck-round-trip\/#breadcrumb\",\"itemListElement\":[{\"@type\":\"ListItem\",\"position\":1,\"name\":\"Portada\",\"item\":\"https:\/\/fundacion-biodiversidad.es\/en\/inicio\/\"},{\"@type\":\"ListItem\",\"position\":2,\"name\":\"Noticias de actualidad\",\"item\":\"https:\/\/fundacion-biodiversidad.es\/en\/actualidad_home\/\"},{\"@type\":\"ListItem\",\"position\":3,\"name\":\"Almost 17,000 people have visited the exhibition &#8220;Jorge Camacho + Christian Vinck: Round trip&#8221;\"}]},{\"@type\":\"WebSite\",\"@id\":\"https:\/\/fundacion-biodiversidad.es\/en\/#website\",\"url\":\"https:\/\/fundacion-biodiversidad.es\/en\/\",\"name\":\"Fundaci\u00f3n Biodiversidad\",\"description\":\"Fundaci\u00f3n p\u00fablica adscrita al Ministerio para la Transici\u00f3n Ecol\u00f3gica\",\"potentialAction\":[{\"@type\":\"SearchAction\",\"target\":{\"@type\":\"EntryPoint\",\"urlTemplate\":\"https:\/\/fundacion-biodiversidad.es\/en\/?s={search_term_string}\"},\"query-input\":{\"@type\":\"PropertyValueSpecification\",\"valueRequired\":true,\"valueName\":\"search_term_string\"}}],\"inLanguage\":\"en-US\"}]}<\/script>\n<!-- \/ Yoast SEO plugin. -->","yoast_head_json":{"title":"Almost 17,000 people have visited the exhibition \"Jorge Camacho + Christian Vinck: Round trip\" - Fundaci\u00f3n Biodiversidad","robots":{"index":"index","follow":"follow","max-snippet":"max-snippet:-1","max-image-preview":"max-image-preview:large","max-video-preview":"max-video-preview:-1"},"canonical":"https:\/\/fundacion-biodiversidad.es\/en\/actualidad_home\/almost-17000-people-have-visited-the-exhibition-jorge-camacho-christian-vinck-round-trip\/","og_locale":"en_US","og_type":"article","og_title":"Almost 17,000 people have visited the exhibition \"Jorge Camacho + Christian Vinck: Round trip\" - Fundaci\u00f3n Biodiversidad","og_description":"The AVE Do\u00f1ana project has successfully completed a first cultural phase in which, since last October 2024, it has promoted different activities with the aim [&hellip;]","og_url":"https:\/\/fundacion-biodiversidad.es\/en\/actualidad_home\/almost-17000-people-have-visited-the-exhibition-jorge-camacho-christian-vinck-round-trip\/","og_site_name":"Fundaci\u00f3n Biodiversidad","og_image":[{"url":"https:\/\/fundacion-biodiversidad.es\/wp-content\/uploads\/2025\/02\/expo-AVE-DonZana-scaled-e1739445582912-1024x536.jpeg","type":"","width":"","height":""}],"twitter_card":"summary_large_image","twitter_misc":{"Est. reading time":"6 minutes"},"schema":{"@context":"https:\/\/schema.org","@graph":[{"@type":"WebPage","@id":"https:\/\/fundacion-biodiversidad.es\/en\/actualidad_home\/almost-17000-people-have-visited-the-exhibition-jorge-camacho-christian-vinck-round-trip\/","url":"https:\/\/fundacion-biodiversidad.es\/en\/actualidad_home\/almost-17000-people-have-visited-the-exhibition-jorge-camacho-christian-vinck-round-trip\/","name":"Almost 17,000 people have visited the exhibition \"Jorge Camacho + Christian Vinck: Round trip\" - Fundaci\u00f3n Biodiversidad","isPartOf":{"@id":"https:\/\/fundacion-biodiversidad.es\/en\/#website"},"primaryImageOfPage":{"@id":"https:\/\/fundacion-biodiversidad.es\/en\/actualidad_home\/almost-17000-people-have-visited-the-exhibition-jorge-camacho-christian-vinck-round-trip\/#primaryimage"},"image":{"@id":"https:\/\/fundacion-biodiversidad.es\/en\/actualidad_home\/almost-17000-people-have-visited-the-exhibition-jorge-camacho-christian-vinck-round-trip\/#primaryimage"},"thumbnailUrl":"https:\/\/fundacion-biodiversidad.es\/wp-content\/uploads\/2025\/02\/expo-Ave-DonZana-1-1-e1739446366222.jpeg","datePublished":"2025-02-13T11:34:00+00:00","breadcrumb":{"@id":"https:\/\/fundacion-biodiversidad.es\/en\/actualidad_home\/almost-17000-people-have-visited-the-exhibition-jorge-camacho-christian-vinck-round-trip\/#breadcrumb"},"inLanguage":"en-US","potentialAction":[{"@type":"ReadAction","target":["https:\/\/fundacion-biodiversidad.es\/en\/actualidad_home\/almost-17000-people-have-visited-the-exhibition-jorge-camacho-christian-vinck-round-trip\/"]}]},{"@type":"ImageObject","inLanguage":"en-US","@id":"https:\/\/fundacion-biodiversidad.es\/en\/actualidad_home\/almost-17000-people-have-visited-the-exhibition-jorge-camacho-christian-vinck-round-trip\/#primaryimage","url":"https:\/\/fundacion-biodiversidad.es\/wp-content\/uploads\/2025\/02\/expo-Ave-DonZana-1-1-e1739446366222.jpeg","contentUrl":"https:\/\/fundacion-biodiversidad.es\/wp-content\/uploads\/2025\/02\/expo-Ave-DonZana-1-1-e1739446366222.jpeg","width":4032,"height":3024},{"@type":"BreadcrumbList","@id":"https:\/\/fundacion-biodiversidad.es\/en\/actualidad_home\/almost-17000-people-have-visited-the-exhibition-jorge-camacho-christian-vinck-round-trip\/#breadcrumb","itemListElement":[{"@type":"ListItem","position":1,"name":"Portada","item":"https:\/\/fundacion-biodiversidad.es\/en\/inicio\/"},{"@type":"ListItem","position":2,"name":"Noticias de actualidad","item":"https:\/\/fundacion-biodiversidad.es\/en\/actualidad_home\/"},{"@type":"ListItem","position":3,"name":"Almost 17,000 people have visited the exhibition &#8220;Jorge Camacho + Christian Vinck: Round trip&#8221;"}]},{"@type":"WebSite","@id":"https:\/\/fundacion-biodiversidad.es\/en\/#website","url":"https:\/\/fundacion-biodiversidad.es\/en\/","name":"Fundaci\u00f3n Biodiversidad","description":"Fundaci\u00f3n p\u00fablica adscrita al Ministerio para la Transici\u00f3n Ecol\u00f3gica","potentialAction":[{"@type":"SearchAction","target":{"@type":"EntryPoint","urlTemplate":"https:\/\/fundacion-biodiversidad.es\/en\/?s={search_term_string}"},"query-input":{"@type":"PropertyValueSpecification","valueRequired":true,"valueName":"search_term_string"}}],"inLanguage":"en-US"}]}},"_links":{"self":[{"href":"https:\/\/fundacion-biodiversidad.es\/en\/wp-json\/wp\/v2\/actualidad_home\/97862196","targetHints":{"allow":["GET"]}}],"collection":[{"href":"https:\/\/fundacion-biodiversidad.es\/en\/wp-json\/wp\/v2\/actualidad_home"}],"about":[{"href":"https:\/\/fundacion-biodiversidad.es\/en\/wp-json\/wp\/v2\/types\/actualidad_home"}],"author":[{"embeddable":true,"href":"https:\/\/fundacion-biodiversidad.es\/en\/wp-json\/wp\/v2\/users\/11"}],"wp:featuredmedia":[{"embeddable":true,"href":"https:\/\/fundacion-biodiversidad.es\/en\/wp-json\/wp\/v2\/media\/97856424"}],"wp:attachment":[{"href":"https:\/\/fundacion-biodiversidad.es\/en\/wp-json\/wp\/v2\/media?parent=97862196"}],"wp:term":[{"taxonomy":"palabras_clave","embeddable":true,"href":"https:\/\/fundacion-biodiversidad.es\/en\/wp-json\/wp\/v2\/palabras_clave?post=97862196"}],"curies":[{"name":"wp","href":"https:\/\/api.w.org\/{rel}","templated":true}]}}