{"id":97862699,"date":"2017-03-10T13:01:47","date_gmt":"2017-03-10T12:01:47","guid":{"rendered":"https:\/\/fundacion-biodiversidad.es\/actualidad_home\/isabel-garcia-tejerina-celebrates-the-progress-made-in-conservation-at-the-end-of-the-activa-red-natura-2000-project\/"},"modified":"2017-03-10T13:01:47","modified_gmt":"2017-03-10T12:01:47","slug":"isabel-garcia-tejerina-celebrates-the-progress-made-in-conservation-at-the-end-of-the-activa-red-natura-2000-project","status":"publish","type":"actualidad_home","link":"https:\/\/fundacion-biodiversidad.es\/en\/actualidad_home\/isabel-garcia-tejerina-celebrates-the-progress-made-in-conservation-at-the-end-of-the-activa-red-natura-2000-project\/","title":{"rendered":"Isabel Garc\u00eda Tejerina celebrates the progress made in conservation at the end of the Activa Red Natura 2000 project"},"content":{"rendered":"<p style=\"text-align:justify\">The Minister of Agriculture and Fisheries, Food and the Environment, Isabel Garc\u00eda Tejerina, highlighted the value of the <a href=\"http:\/\/activarednatura2000.com\/\">Activa Red Natura 2000<\/a> initiative during her speech at the project completion ceremony held today at the ministry&#8217;s headquarters. The initiative, which has had the participation of different NGOs, public administrations, companies and the co-financing of the Ministry of Agriculture and Fisheries, Food and Environment with 500,000 euros, <strong>has served to make millions of Spaniards aware of the importance of the<\/strong> <a href=\"http:\/\/www.mapama.gob.es\/es\/biodiversidad\/temas\/espacios-protegidos\/red-natura-2000\/rn_espana.aspx\">Natura 2000 Network<\/a>, a European ecological network for the conservation of biodiversity. <\/p>\n<p style=\"text-align:justify\">Activa Red Natura 2000 has shown the need to conserve the natural capital of <strong>Spain, the richest country in biodiversity in the European Union<\/strong>, through the <a href=\"http:\/\/www.rtve.es\/alacarta\/videos\/red-natura-2000\/\">documentary series<\/a> &#8220;Red Natura 2000&#8221; on TVE 2, the news on the website of the Efe Agency or the campaign of the European Day of the Natura 2000 Network.<\/p>\n<p style=\"text-align:justify\">Isabel Garc\u00eda Tejerina stressed the importance of continuing with this awareness-raising work in order for citizens to know the Natura 2000 Network. In the 25 years it has been in existence, the Network has managed to protect 27% of the land surface in Spain and 8% of the marine environment, which represents <strong>19% of the total protected area in the EU.<\/strong> In addition, three out of four of the areas protected by the Network already have a management plan.  <\/p>\n<p style=\"text-align:justify\">&#8220;This firm commitment of our country to the protection of its biodiversity through the Network has allowed the creation of 1,467 Sites of Community Importance (SCI) and 643 Special Protection Areas for Birds (SPAs), two figures that are a reason for special satisfaction for this Government,&#8221; added the minister.<\/p>\n<p style=\"text-align:justify\">Together with the <a href=\"http:\/\/www.mapama.gob.es\/es\/biodiversidad\/temas\/espacios-protegidos\/red-natura-2000\/rn_pres_leg_dir_habitat_info_basica.aspx\">Habitats Directive<\/a>, <strong>the Natura 2000 Network has served to unify conservation policies within the EU without forgetting economic development<\/strong>, thus creating a binomial that improves the environmental quality and the economy of the region.<\/p>\n<p>&nbsp;<\/p>\n","protected":false},"author":11,"featured_media":35801,"template":"","meta":{"_acf_changed":false},"palabras_clave":[],"class_list":["post-97862699","actualidad_home","type-actualidad_home","status-publish","has-post-thumbnail","hentry"],"acf":[],"yoast_head":"<!-- This site is optimized with the Yoast SEO plugin v26.9 - https:\/\/yoast.com\/product\/yoast-seo-wordpress\/ -->\n<title>Isabel Garc\u00eda Tejerina celebrates the progress made in conservation at the end of the Activa Red Natura 2000 project - Fundaci\u00f3n Biodiversidad<\/title>\n<meta name=\"robots\" content=\"index, follow, max-snippet:-1, max-image-preview:large, max-video-preview:-1\" \/>\n<link rel=\"canonical\" href=\"https:\/\/fundacion-biodiversidad.es\/en\/actualidad_home\/isabel-garcia-tejerina-celebrates-the-progress-made-in-conservation-at-the-end-of-the-activa-red-natura-2000-project\/\" \/>\n<meta property=\"og:locale\" content=\"en_US\" \/>\n<meta property=\"og:type\" content=\"article\" \/>\n<meta property=\"og:title\" content=\"Isabel Garc\u00eda Tejerina celebrates the progress made in conservation at the end of the Activa Red Natura 2000 project - Fundaci\u00f3n Biodiversidad\" \/>\n<meta property=\"og:description\" content=\"The Minister of Agriculture and Fisheries, Food and the Environment, Isabel Garc\u00eda Tejerina, highlighted the value of the Activa Red Natura 2000 initiative during her [&hellip;]\" \/>\n<meta property=\"og:url\" content=\"https:\/\/fundacion-biodiversidad.es\/en\/actualidad_home\/isabel-garcia-tejerina-celebrates-the-progress-made-in-conservation-at-the-end-of-the-activa-red-natura-2000-project\/\" \/>\n<meta property=\"og:site_name\" content=\"Fundaci\u00f3n Biodiversidad\" \/>\n<meta property=\"og:image\" content=\"https:\/\/fundacion-biodiversidad.es\/wp-content\/uploads\/2023\/01\/2487661294_35330241_720x405.png\" \/>\n\t<meta property=\"og:image:width\" content=\"720\" \/>\n\t<meta property=\"og:image:height\" content=\"405\" \/>\n\t<meta property=\"og:image:type\" content=\"image\/png\" \/>\n<meta name=\"twitter:card\" content=\"summary_large_image\" \/>\n<meta name=\"twitter:label1\" content=\"Est. reading time\" \/>\n\t<meta name=\"twitter:data1\" content=\"1 minute\" \/>\n<script type=\"application\/ld+json\" class=\"yoast-schema-graph\">{\"@context\":\"https:\/\/schema.org\",\"@graph\":[{\"@type\":\"WebPage\",\"@id\":\"https:\/\/fundacion-biodiversidad.es\/en\/actualidad_home\/isabel-garcia-tejerina-celebrates-the-progress-made-in-conservation-at-the-end-of-the-activa-red-natura-2000-project\/\",\"url\":\"https:\/\/fundacion-biodiversidad.es\/en\/actualidad_home\/isabel-garcia-tejerina-celebrates-the-progress-made-in-conservation-at-the-end-of-the-activa-red-natura-2000-project\/\",\"name\":\"Isabel Garc\u00eda Tejerina celebrates the progress made in conservation at the end of the Activa Red Natura 2000 project - Fundaci\u00f3n Biodiversidad\",\"isPartOf\":{\"@id\":\"https:\/\/fundacion-biodiversidad.es\/en\/#website\"},\"primaryImageOfPage\":{\"@id\":\"https:\/\/fundacion-biodiversidad.es\/en\/actualidad_home\/isabel-garcia-tejerina-celebrates-the-progress-made-in-conservation-at-the-end-of-the-activa-red-natura-2000-project\/#primaryimage\"},\"image\":{\"@id\":\"https:\/\/fundacion-biodiversidad.es\/en\/actualidad_home\/isabel-garcia-tejerina-celebrates-the-progress-made-in-conservation-at-the-end-of-the-activa-red-natura-2000-project\/#primaryimage\"},\"thumbnailUrl\":\"https:\/\/fundacion-biodiversidad.es\/wp-content\/uploads\/2017\/03\/activarednatura-scaled.jpg\",\"datePublished\":\"2017-03-10T12:01:47+00:00\",\"breadcrumb\":{\"@id\":\"https:\/\/fundacion-biodiversidad.es\/en\/actualidad_home\/isabel-garcia-tejerina-celebrates-the-progress-made-in-conservation-at-the-end-of-the-activa-red-natura-2000-project\/#breadcrumb\"},\"inLanguage\":\"en-US\",\"potentialAction\":[{\"@type\":\"ReadAction\",\"target\":[\"https:\/\/fundacion-biodiversidad.es\/en\/actualidad_home\/isabel-garcia-tejerina-celebrates-the-progress-made-in-conservation-at-the-end-of-the-activa-red-natura-2000-project\/\"]}]},{\"@type\":\"ImageObject\",\"inLanguage\":\"en-US\",\"@id\":\"https:\/\/fundacion-biodiversidad.es\/en\/actualidad_home\/isabel-garcia-tejerina-celebrates-the-progress-made-in-conservation-at-the-end-of-the-activa-red-natura-2000-project\/#primaryimage\",\"url\":\"https:\/\/fundacion-biodiversidad.es\/wp-content\/uploads\/2017\/03\/activarednatura-scaled.jpg\",\"contentUrl\":\"https:\/\/fundacion-biodiversidad.es\/wp-content\/uploads\/2017\/03\/activarednatura-scaled.jpg\",\"width\":2560,\"height\":1704},{\"@type\":\"BreadcrumbList\",\"@id\":\"https:\/\/fundacion-biodiversidad.es\/en\/actualidad_home\/isabel-garcia-tejerina-celebrates-the-progress-made-in-conservation-at-the-end-of-the-activa-red-natura-2000-project\/#breadcrumb\",\"itemListElement\":[{\"@type\":\"ListItem\",\"position\":1,\"name\":\"Portada\",\"item\":\"https:\/\/fundacion-biodiversidad.es\/en\/inicio\/\"},{\"@type\":\"ListItem\",\"position\":2,\"name\":\"Noticias de actualidad\",\"item\":\"https:\/\/fundacion-biodiversidad.es\/en\/actualidad_home\/\"},{\"@type\":\"ListItem\",\"position\":3,\"name\":\"Isabel Garc\u00eda Tejerina celebrates the progress made in conservation at the end of the Activa Red Natura 2000 project\"}]},{\"@type\":\"WebSite\",\"@id\":\"https:\/\/fundacion-biodiversidad.es\/en\/#website\",\"url\":\"https:\/\/fundacion-biodiversidad.es\/en\/\",\"name\":\"Fundaci\u00f3n Biodiversidad\",\"description\":\"Fundaci\u00f3n p\u00fablica adscrita al Ministerio para la Transici\u00f3n Ecol\u00f3gica\",\"potentialAction\":[{\"@type\":\"SearchAction\",\"target\":{\"@type\":\"EntryPoint\",\"urlTemplate\":\"https:\/\/fundacion-biodiversidad.es\/en\/?s={search_term_string}\"},\"query-input\":{\"@type\":\"PropertyValueSpecification\",\"valueRequired\":true,\"valueName\":\"search_term_string\"}}],\"inLanguage\":\"en-US\"}]}<\/script>\n<!-- \/ Yoast SEO plugin. -->","yoast_head_json":{"title":"Isabel Garc\u00eda Tejerina celebrates the progress made in conservation at the end of the Activa Red Natura 2000 project - Fundaci\u00f3n Biodiversidad","robots":{"index":"index","follow":"follow","max-snippet":"max-snippet:-1","max-image-preview":"max-image-preview:large","max-video-preview":"max-video-preview:-1"},"canonical":"https:\/\/fundacion-biodiversidad.es\/en\/actualidad_home\/isabel-garcia-tejerina-celebrates-the-progress-made-in-conservation-at-the-end-of-the-activa-red-natura-2000-project\/","og_locale":"en_US","og_type":"article","og_title":"Isabel Garc\u00eda Tejerina celebrates the progress made in conservation at the end of the Activa Red Natura 2000 project - Fundaci\u00f3n Biodiversidad","og_description":"The Minister of Agriculture and Fisheries, Food and the Environment, Isabel Garc\u00eda Tejerina, highlighted the value of the Activa Red Natura 2000 initiative during her [&hellip;]","og_url":"https:\/\/fundacion-biodiversidad.es\/en\/actualidad_home\/isabel-garcia-tejerina-celebrates-the-progress-made-in-conservation-at-the-end-of-the-activa-red-natura-2000-project\/","og_site_name":"Fundaci\u00f3n Biodiversidad","og_image":[{"width":720,"height":405,"url":"https:\/\/fundacion-biodiversidad.es\/wp-content\/uploads\/2023\/01\/2487661294_35330241_720x405.png","type":"image\/png"}],"twitter_card":"summary_large_image","twitter_misc":{"Est. reading time":"1 minute"},"schema":{"@context":"https:\/\/schema.org","@graph":[{"@type":"WebPage","@id":"https:\/\/fundacion-biodiversidad.es\/en\/actualidad_home\/isabel-garcia-tejerina-celebrates-the-progress-made-in-conservation-at-the-end-of-the-activa-red-natura-2000-project\/","url":"https:\/\/fundacion-biodiversidad.es\/en\/actualidad_home\/isabel-garcia-tejerina-celebrates-the-progress-made-in-conservation-at-the-end-of-the-activa-red-natura-2000-project\/","name":"Isabel Garc\u00eda Tejerina celebrates the progress made in conservation at the end of the Activa Red Natura 2000 project - Fundaci\u00f3n Biodiversidad","isPartOf":{"@id":"https:\/\/fundacion-biodiversidad.es\/en\/#website"},"primaryImageOfPage":{"@id":"https:\/\/fundacion-biodiversidad.es\/en\/actualidad_home\/isabel-garcia-tejerina-celebrates-the-progress-made-in-conservation-at-the-end-of-the-activa-red-natura-2000-project\/#primaryimage"},"image":{"@id":"https:\/\/fundacion-biodiversidad.es\/en\/actualidad_home\/isabel-garcia-tejerina-celebrates-the-progress-made-in-conservation-at-the-end-of-the-activa-red-natura-2000-project\/#primaryimage"},"thumbnailUrl":"https:\/\/fundacion-biodiversidad.es\/wp-content\/uploads\/2017\/03\/activarednatura-scaled.jpg","datePublished":"2017-03-10T12:01:47+00:00","breadcrumb":{"@id":"https:\/\/fundacion-biodiversidad.es\/en\/actualidad_home\/isabel-garcia-tejerina-celebrates-the-progress-made-in-conservation-at-the-end-of-the-activa-red-natura-2000-project\/#breadcrumb"},"inLanguage":"en-US","potentialAction":[{"@type":"ReadAction","target":["https:\/\/fundacion-biodiversidad.es\/en\/actualidad_home\/isabel-garcia-tejerina-celebrates-the-progress-made-in-conservation-at-the-end-of-the-activa-red-natura-2000-project\/"]}]},{"@type":"ImageObject","inLanguage":"en-US","@id":"https:\/\/fundacion-biodiversidad.es\/en\/actualidad_home\/isabel-garcia-tejerina-celebrates-the-progress-made-in-conservation-at-the-end-of-the-activa-red-natura-2000-project\/#primaryimage","url":"https:\/\/fundacion-biodiversidad.es\/wp-content\/uploads\/2017\/03\/activarednatura-scaled.jpg","contentUrl":"https:\/\/fundacion-biodiversidad.es\/wp-content\/uploads\/2017\/03\/activarednatura-scaled.jpg","width":2560,"height":1704},{"@type":"BreadcrumbList","@id":"https:\/\/fundacion-biodiversidad.es\/en\/actualidad_home\/isabel-garcia-tejerina-celebrates-the-progress-made-in-conservation-at-the-end-of-the-activa-red-natura-2000-project\/#breadcrumb","itemListElement":[{"@type":"ListItem","position":1,"name":"Portada","item":"https:\/\/fundacion-biodiversidad.es\/en\/inicio\/"},{"@type":"ListItem","position":2,"name":"Noticias de actualidad","item":"https:\/\/fundacion-biodiversidad.es\/en\/actualidad_home\/"},{"@type":"ListItem","position":3,"name":"Isabel Garc\u00eda Tejerina celebrates the progress made in conservation at the end of the Activa Red Natura 2000 project"}]},{"@type":"WebSite","@id":"https:\/\/fundacion-biodiversidad.es\/en\/#website","url":"https:\/\/fundacion-biodiversidad.es\/en\/","name":"Fundaci\u00f3n Biodiversidad","description":"Fundaci\u00f3n p\u00fablica adscrita al Ministerio para la Transici\u00f3n Ecol\u00f3gica","potentialAction":[{"@type":"SearchAction","target":{"@type":"EntryPoint","urlTemplate":"https:\/\/fundacion-biodiversidad.es\/en\/?s={search_term_string}"},"query-input":{"@type":"PropertyValueSpecification","valueRequired":true,"valueName":"search_term_string"}}],"inLanguage":"en-US"}]}},"_links":{"self":[{"href":"https:\/\/fundacion-biodiversidad.es\/en\/wp-json\/wp\/v2\/actualidad_home\/97862699","targetHints":{"allow":["GET"]}}],"collection":[{"href":"https:\/\/fundacion-biodiversidad.es\/en\/wp-json\/wp\/v2\/actualidad_home"}],"about":[{"href":"https:\/\/fundacion-biodiversidad.es\/en\/wp-json\/wp\/v2\/types\/actualidad_home"}],"author":[{"embeddable":true,"href":"https:\/\/fundacion-biodiversidad.es\/en\/wp-json\/wp\/v2\/users\/11"}],"wp:featuredmedia":[{"embeddable":true,"href":"https:\/\/fundacion-biodiversidad.es\/en\/wp-json\/wp\/v2\/media\/35801"}],"wp:attachment":[{"href":"https:\/\/fundacion-biodiversidad.es\/en\/wp-json\/wp\/v2\/media?parent=97862699"}],"wp:term":[{"taxonomy":"palabras_clave","embeddable":true,"href":"https:\/\/fundacion-biodiversidad.es\/en\/wp-json\/wp\/v2\/palabras_clave?post=97862699"}],"curies":[{"name":"wp","href":"https:\/\/api.w.org\/{rel}","templated":true}]}}