{"id":97871167,"date":"2025-10-28T13:18:38","date_gmt":"2025-10-28T12:18:38","guid":{"rendered":"https:\/\/fundacion-biodiversidad.es\/notas_de_prensa_mite\/miteco-publishes-the-call-to-promote-the-renaturation-of-crops-in-the-donana-area-with-more-than-28-million-in-aid\/"},"modified":"2025-10-28T13:18:38","modified_gmt":"2025-10-28T12:18:38","slug":"miteco-publishes-the-call-to-promote-the-renaturation-of-crops-in-the-donana-area-with-more-than-28-million-in-aid","status":"publish","type":"notas_de_prensa_mite","link":"https:\/\/fundacion-biodiversidad.es\/en\/notas_de_prensa_mite\/miteco-publishes-the-call-to-promote-the-renaturation-of-crops-in-the-donana-area-with-more-than-28-million-in-aid\/","title":{"rendered":"MITECO publishes the call to promote the renaturation of crops in the Do\u00f1ana area, with more than 28 million in aid"},"content":{"rendered":"<ul>\n<li><strong>The Biodiversity Foundation of the Ministry for the Ecological Transition and the Demographic Challenge will coordinate these grants, on a competitive basis, for the renaturation and ecological restoration in the agricultural area of Do\u00f1ana<\/strong><\/li>\n<li><strong>These 28.5 million euros are in addition to the 11.5 million for innovative projects for sustainability in the agricultural and forestry field, which are already being executed in the territory, bringing the total to 40 million euros that MITECO is managing in aid to the sector in the Do\u00f1ana area<\/strong><\/li>\n<\/ul>\n<p>The Biodiversity Foundation of the Ministry for the Ecological Transition and the Demographic Challenge (MITECO) has published the call for grants to promote ecological renaturation and restoration in the agricultural and forestry field in the Do\u00f1ana area of influence. These grants are part of the measures to support the agri-food sector in the surroundings of the natural area of the Socioeconomic Framework of Actions for Do\u00f1ana of the Government of Spain. MITECO will allocate 28.5 million euros to this call, whose application period will be open until January 15, 2026.  <\/p>\n<p>This call is intended to support the agricultural sector to accompany it in the ecological transition through the renaturalization, reforestation and maintenance of forest uses in the agricultural environment of Do\u00f1ana, which will be essential to contribute to the recovery of this enclave and adapt the uses of the territory to the existing water resources.<\/p>\n<p>Beneficiaries may be natural or legal persons who are holders of rights in rem over the land on which the activity subject to the aid is carried out, as well as those who are owners of an area for agricultural use registered in the corresponding registers; and the town councils of municipalities located in the area of influence of the Do\u00f1ana Natural Area. These entities must comply with the legal requirements, maintain the conditions of renaturalization during the established periods and allow the monitoring of the actions. <\/p>\n<p>The scope of application is limited to irrigated agricultural plots located in the 14 municipalities around Do\u00f1ana, provided that the agricultural use had been consolidated since the entry into force of the 2004 territorial planning regulations (POTAD) and they are not areas incorporated into irrigation after November 2022.  date on which the Framework of Actions for Do\u00f1ana was announced.<\/p>\n<p><span style=\"text-decoration: underline\"><strong>UP TO 400 HECTARES BENEFITED<\/strong><\/span><br \/>\nThe amount of the aid may cover up to 100% of the costs, with a maximum of 70,000 euros per hectare, distributed in ten annuities of up to 7,000 euros per hectare and year. For areas of less than one hectare, the aid will be proportional. The aid is compatible with other public or private subsidies, provided that the total cost of the action is not exceeded.  <\/p>\n<p>The selection of projects will be made on a competitive basis, according to the assessment of the applications, until the available funds are exhausted. The aid may reach just over 400 hectares. Renaturalizations or reforestations must be proposed that comply with the technical guide prepared for this call and adapted to the conditions of the territory, as well as guaranteeing the maintenance of natural or forest use and its good condition, including replacements in case of losses., MITECO proposes future calls to integrate a greater number of hectares into these aids.<\/p>\n<p><span style=\"text-decoration: underline\"><strong>FRAMEWORK FOR INTER-MINISTERIAL<\/strong><\/span><br \/>\n ACTIONSThe Government of Spain has designed, through MITECO, two Action Frameworks for Do\u00f1ana that are pioneers in their application and that combine environmental restoration and social sensitivity, seeking to safeguard the ecological values of the entire area and contribute to economic development that is sustainable and integrated with the needs of the environment. In total, 745.3 million will be invested directly until 2028 from a multidisciplinary perspective that involves 13 Ministries of the Government of Spain. <\/p>\n<p>The Do\u00f1ana Technical Office is in charge of coordinating and promoting the execution of this investment from the territory. Regarding the Socio-Economic Framework of Actions, endowed with 350 million, it is worth highlighting the development of lines dedicated to the agri-food, livestock and forestry sector; industry; training and improvement of employability; to support local initiatives; and a line focused on improving the living conditions of seasonal workers, among others. <\/p>\n","protected":false},"author":17,"featured_media":0,"template":"","meta":{"_acf_changed":false},"class_list":["post-97871167","notas_de_prensa_mite","type-notas_de_prensa_mite","status-publish","hentry"],"acf":[],"yoast_head":"<!-- This site is optimized with the Yoast SEO plugin v26.9 - https:\/\/yoast.com\/product\/yoast-seo-wordpress\/ -->\n<title>MITECO publishes the call to promote the renaturation of crops in the Do\u00f1ana area, with more than 28 million in aid - Fundaci\u00f3n Biodiversidad<\/title>\n<meta name=\"robots\" content=\"index, follow, max-snippet:-1, max-image-preview:large, max-video-preview:-1\" \/>\n<link rel=\"canonical\" href=\"https:\/\/fundacion-biodiversidad.es\/en\/notas_de_prensa_mite\/miteco-publishes-the-call-to-promote-the-renaturation-of-crops-in-the-donana-area-with-more-than-28-million-in-aid\/\" \/>\n<meta property=\"og:locale\" content=\"en_US\" \/>\n<meta property=\"og:type\" content=\"article\" \/>\n<meta property=\"og:title\" content=\"MITECO publishes the call to promote the renaturation of crops in the Do\u00f1ana area, with more than 28 million in aid - Fundaci\u00f3n Biodiversidad\" \/>\n<meta property=\"og:description\" content=\"The Biodiversity Foundation of the Ministry for the Ecological Transition and the Demographic Challenge will coordinate these grants, on a competitive basis, for the renaturation [&hellip;]\" \/>\n<meta property=\"og:url\" content=\"https:\/\/fundacion-biodiversidad.es\/en\/notas_de_prensa_mite\/miteco-publishes-the-call-to-promote-the-renaturation-of-crops-in-the-donana-area-with-more-than-28-million-in-aid\/\" \/>\n<meta property=\"og:site_name\" content=\"Fundaci\u00f3n Biodiversidad\" \/>\n<meta property=\"og:image\" content=\"https:\/\/fundacion-biodiversidad.es\/wp-content\/uploads\/2024\/05\/DM-Diversidad-biologica-scaled-e1716289184437-1024x536.jpeg\" \/>\n<meta name=\"twitter:card\" content=\"summary_large_image\" \/>\n<meta name=\"twitter:label1\" content=\"Est. reading time\" \/>\n\t<meta name=\"twitter:data1\" content=\"3 minutes\" \/>\n<script type=\"application\/ld+json\" class=\"yoast-schema-graph\">{\"@context\":\"https:\/\/schema.org\",\"@graph\":[{\"@type\":\"WebPage\",\"@id\":\"https:\/\/fundacion-biodiversidad.es\/en\/notas_de_prensa_mite\/miteco-publishes-the-call-to-promote-the-renaturation-of-crops-in-the-donana-area-with-more-than-28-million-in-aid\/\",\"url\":\"https:\/\/fundacion-biodiversidad.es\/en\/notas_de_prensa_mite\/miteco-publishes-the-call-to-promote-the-renaturation-of-crops-in-the-donana-area-with-more-than-28-million-in-aid\/\",\"name\":\"MITECO publishes the call to promote the renaturation of crops in the Do\u00f1ana area, with more than 28 million in aid - Fundaci\u00f3n Biodiversidad\",\"isPartOf\":{\"@id\":\"https:\/\/fundacion-biodiversidad.es\/en\/#website\"},\"datePublished\":\"2025-10-28T12:18:38+00:00\",\"breadcrumb\":{\"@id\":\"https:\/\/fundacion-biodiversidad.es\/en\/notas_de_prensa_mite\/miteco-publishes-the-call-to-promote-the-renaturation-of-crops-in-the-donana-area-with-more-than-28-million-in-aid\/#breadcrumb\"},\"inLanguage\":\"en-US\",\"potentialAction\":[{\"@type\":\"ReadAction\",\"target\":[\"https:\/\/fundacion-biodiversidad.es\/en\/notas_de_prensa_mite\/miteco-publishes-the-call-to-promote-the-renaturation-of-crops-in-the-donana-area-with-more-than-28-million-in-aid\/\"]}]},{\"@type\":\"BreadcrumbList\",\"@id\":\"https:\/\/fundacion-biodiversidad.es\/en\/notas_de_prensa_mite\/miteco-publishes-the-call-to-promote-the-renaturation-of-crops-in-the-donana-area-with-more-than-28-million-in-aid\/#breadcrumb\",\"itemListElement\":[{\"@type\":\"ListItem\",\"position\":1,\"name\":\"Portada\",\"item\":\"https:\/\/fundacion-biodiversidad.es\/en\/inicio\/\"},{\"@type\":\"ListItem\",\"position\":2,\"name\":\"Press releases MITECO\",\"item\":\"https:\/\/fundacion-biodiversidad.es\/en\/notas_de_prensa_mite\/\"},{\"@type\":\"ListItem\",\"position\":3,\"name\":\"MITECO publishes the call to promote the renaturation of crops in the Do\u00f1ana area, with more than 28 million in aid\"}]},{\"@type\":\"WebSite\",\"@id\":\"https:\/\/fundacion-biodiversidad.es\/en\/#website\",\"url\":\"https:\/\/fundacion-biodiversidad.es\/en\/\",\"name\":\"Fundaci\u00f3n Biodiversidad\",\"description\":\"Fundaci\u00f3n p\u00fablica adscrita al Ministerio para la Transici\u00f3n Ecol\u00f3gica\",\"potentialAction\":[{\"@type\":\"SearchAction\",\"target\":{\"@type\":\"EntryPoint\",\"urlTemplate\":\"https:\/\/fundacion-biodiversidad.es\/en\/?s={search_term_string}\"},\"query-input\":{\"@type\":\"PropertyValueSpecification\",\"valueRequired\":true,\"valueName\":\"search_term_string\"}}],\"inLanguage\":\"en-US\"}]}<\/script>\n<!-- \/ Yoast SEO plugin. -->","yoast_head_json":{"title":"MITECO publishes the call to promote the renaturation of crops in the Do\u00f1ana area, with more than 28 million in aid - Fundaci\u00f3n Biodiversidad","robots":{"index":"index","follow":"follow","max-snippet":"max-snippet:-1","max-image-preview":"max-image-preview:large","max-video-preview":"max-video-preview:-1"},"canonical":"https:\/\/fundacion-biodiversidad.es\/en\/notas_de_prensa_mite\/miteco-publishes-the-call-to-promote-the-renaturation-of-crops-in-the-donana-area-with-more-than-28-million-in-aid\/","og_locale":"en_US","og_type":"article","og_title":"MITECO publishes the call to promote the renaturation of crops in the Do\u00f1ana area, with more than 28 million in aid - Fundaci\u00f3n Biodiversidad","og_description":"The Biodiversity Foundation of the Ministry for the Ecological Transition and the Demographic Challenge will coordinate these grants, on a competitive basis, for the renaturation [&hellip;]","og_url":"https:\/\/fundacion-biodiversidad.es\/en\/notas_de_prensa_mite\/miteco-publishes-the-call-to-promote-the-renaturation-of-crops-in-the-donana-area-with-more-than-28-million-in-aid\/","og_site_name":"Fundaci\u00f3n Biodiversidad","og_image":[{"url":"https:\/\/fundacion-biodiversidad.es\/wp-content\/uploads\/2024\/05\/DM-Diversidad-biologica-scaled-e1716289184437-1024x536.jpeg","type":"","width":"","height":""}],"twitter_card":"summary_large_image","twitter_misc":{"Est. reading time":"3 minutes"},"schema":{"@context":"https:\/\/schema.org","@graph":[{"@type":"WebPage","@id":"https:\/\/fundacion-biodiversidad.es\/en\/notas_de_prensa_mite\/miteco-publishes-the-call-to-promote-the-renaturation-of-crops-in-the-donana-area-with-more-than-28-million-in-aid\/","url":"https:\/\/fundacion-biodiversidad.es\/en\/notas_de_prensa_mite\/miteco-publishes-the-call-to-promote-the-renaturation-of-crops-in-the-donana-area-with-more-than-28-million-in-aid\/","name":"MITECO publishes the call to promote the renaturation of crops in the Do\u00f1ana area, with more than 28 million in aid - Fundaci\u00f3n Biodiversidad","isPartOf":{"@id":"https:\/\/fundacion-biodiversidad.es\/en\/#website"},"datePublished":"2025-10-28T12:18:38+00:00","breadcrumb":{"@id":"https:\/\/fundacion-biodiversidad.es\/en\/notas_de_prensa_mite\/miteco-publishes-the-call-to-promote-the-renaturation-of-crops-in-the-donana-area-with-more-than-28-million-in-aid\/#breadcrumb"},"inLanguage":"en-US","potentialAction":[{"@type":"ReadAction","target":["https:\/\/fundacion-biodiversidad.es\/en\/notas_de_prensa_mite\/miteco-publishes-the-call-to-promote-the-renaturation-of-crops-in-the-donana-area-with-more-than-28-million-in-aid\/"]}]},{"@type":"BreadcrumbList","@id":"https:\/\/fundacion-biodiversidad.es\/en\/notas_de_prensa_mite\/miteco-publishes-the-call-to-promote-the-renaturation-of-crops-in-the-donana-area-with-more-than-28-million-in-aid\/#breadcrumb","itemListElement":[{"@type":"ListItem","position":1,"name":"Portada","item":"https:\/\/fundacion-biodiversidad.es\/en\/inicio\/"},{"@type":"ListItem","position":2,"name":"Press releases MITECO","item":"https:\/\/fundacion-biodiversidad.es\/en\/notas_de_prensa_mite\/"},{"@type":"ListItem","position":3,"name":"MITECO publishes the call to promote the renaturation of crops in the Do\u00f1ana area, with more than 28 million in aid"}]},{"@type":"WebSite","@id":"https:\/\/fundacion-biodiversidad.es\/en\/#website","url":"https:\/\/fundacion-biodiversidad.es\/en\/","name":"Fundaci\u00f3n Biodiversidad","description":"Fundaci\u00f3n p\u00fablica adscrita al Ministerio para la Transici\u00f3n Ecol\u00f3gica","potentialAction":[{"@type":"SearchAction","target":{"@type":"EntryPoint","urlTemplate":"https:\/\/fundacion-biodiversidad.es\/en\/?s={search_term_string}"},"query-input":{"@type":"PropertyValueSpecification","valueRequired":true,"valueName":"search_term_string"}}],"inLanguage":"en-US"}]}},"_links":{"self":[{"href":"https:\/\/fundacion-biodiversidad.es\/en\/wp-json\/wp\/v2\/notas_de_prensa_mite\/97871167","targetHints":{"allow":["GET"]}}],"collection":[{"href":"https:\/\/fundacion-biodiversidad.es\/en\/wp-json\/wp\/v2\/notas_de_prensa_mite"}],"about":[{"href":"https:\/\/fundacion-biodiversidad.es\/en\/wp-json\/wp\/v2\/types\/notas_de_prensa_mite"}],"author":[{"embeddable":true,"href":"https:\/\/fundacion-biodiversidad.es\/en\/wp-json\/wp\/v2\/users\/17"}],"wp:attachment":[{"href":"https:\/\/fundacion-biodiversidad.es\/en\/wp-json\/wp\/v2\/media?parent=97871167"}],"curies":[{"name":"wp","href":"https:\/\/api.w.org\/{rel}","templated":true}]}}